{"id":5107,"date":"2022-06-27T15:30:58","date_gmt":"2022-06-27T13:30:58","guid":{"rendered":"https:\/\/grundschule-heinsberg.de\/collecte-de-fonds-2022\/"},"modified":"2024-03-07T08:55:17","modified_gmt":"2024-03-07T07:55:17","slug":"collecte-de-fonds-2022","status":"publish","type":"post","link":"https:\/\/grundschule-heinsberg.de\/fr\/collecte-de-fonds-2022\/","title":{"rendered":"Collecte de fonds 2022"},"content":{"rendered":"\t\t<div data-elementor-type=\"wp-post\" data-elementor-id=\"5107\" class=\"elementor elementor-5107 elementor-1015\">\n\t\t\t\t\t\t<section class=\"elementor-section elementor-top-section elementor-element elementor-element-be4e28b elementor-section-boxed elementor-section-height-default elementor-section-height-default\" data-id=\"be4e28b\" data-element_type=\"section\">\n\t\t\t\t\t\t<div class=\"elementor-container elementor-column-gap-default\">\n\t\t\t\t\t<div class=\"elementor-column elementor-col-100 elementor-top-column elementor-element elementor-element-084c892\" data-id=\"084c892\" data-element_type=\"column\">\n\t\t\t<div class=\"elementor-widget-wrap elementor-element-populated\">\n\t\t\t\t\t\t<div class=\"elementor-element elementor-element-716ac6f elementor-widget elementor-widget-text-editor\" data-id=\"716ac6f\" data-element_type=\"widget\" data-widget_type=\"text-editor.default\">\n\t\t\t\t<div class=\"elementor-widget-container\">\n\t\t\t\t\t\t\t\t\t\n\nCette ann\u00e9e encore, les \u00e9l\u00e8ves* de l&rsquo;\u00e9cole primaire ont profit\u00e9 de leur temps libre pour collecter assid\u00fbment de l&rsquo;argent pour les enfants qui ne vont pas bien. Cette fois-ci, c&rsquo;est l&rsquo;association Kindernothilfe de l&rsquo;Unicef qui re\u00e7oit l&rsquo;argent pour soutenir les enfants ukrainiens dans leur pays d&rsquo;origine.\n\nMille six cent soixante-douze euros et quarante et un centimes ont \u00e9t\u00e9 r\u00e9colt\u00e9s et seront utilis\u00e9s pour aider les enfants d&rsquo;Ukraine. En classe, le th\u00e8me de la paix et de la coexistence pacifique a \u00e9t\u00e9 abord\u00e9 de mani\u00e8re intensive.\n\nL&rsquo;ann\u00e9e prochaine, les \u00e9l\u00e8ves* collecteront \u00e0 nouveau des fonds pour l&rsquo;\u00e9cole partenaire en Tanzanie et soutiendront le projet d&rsquo;aide de S\u0153ur Raphaela.\n\t\t\t\t\t\t\t\t<\/div>\n\t\t\t\t<\/div>\n\t\t\t\t<div class=\"elementor-element elementor-element-18cec50 gallery-spacing-custom elementor-widget elementor-widget-image-gallery\" data-id=\"18cec50\" data-element_type=\"widget\" data-widget_type=\"image-gallery.default\">\n\t\t\t\t<div class=\"elementor-widget-container\">\n\t\t\t\t\t\t\t<div class=\"elementor-image-gallery\">\n\t\t\t<div id='gallery-1' class='gallery galleryid-5107 gallery-columns-2 gallery-size-medium_large'><figure class='gallery-item'>\n\t\t\t<div class='gallery-icon landscape'>\n\t\t\t\t<a data-elementor-open-lightbox=\"yes\" data-elementor-lightbox-slideshow=\"18cec50\" data-elementor-lightbox-title=\"2022-projekt-spendensammlung-2022_01\" data-e-action-hash=\"#elementor-action%3Aaction%3Dlightbox%26settings%3DeyJpZCI6MTA2NiwidXJsIjoiaHR0cHM6XC9cL2dydW5kc2NodWxlLWhlaW5zYmVyZy5kZVwvd3AtY29udGVudFwvdXBsb2Fkc1wvMjAyM1wvMDNcLzIwMjItcHJvamVrdC1zcGVuZGVuc2FtbWx1bmctMjAyMl8wMS5qcGVnIiwic2xpZGVzaG93IjoiMThjZWM1MCJ9\" href='https:\/\/grundschule-heinsberg.de\/wp-content\/uploads\/2023\/03\/2022-projekt-spendensammlung-2022_01.jpeg'><img fetchpriority=\"high\" decoding=\"async\" width=\"768\" height=\"401\" src=\"https:\/\/grundschule-heinsberg.de\/wp-content\/uploads\/2023\/03\/2022-projekt-spendensammlung-2022_01-768x401.jpeg\" class=\"attachment-medium_large size-medium_large\" alt=\"\" srcset=\"https:\/\/grundschule-heinsberg.de\/wp-content\/uploads\/2023\/03\/2022-projekt-spendensammlung-2022_01-768x401.jpeg 768w, https:\/\/grundschule-heinsberg.de\/wp-content\/uploads\/2023\/03\/2022-projekt-spendensammlung-2022_01-300x157.jpeg 300w, https:\/\/grundschule-heinsberg.de\/wp-content\/uploads\/2023\/03\/2022-projekt-spendensammlung-2022_01-1024x534.jpeg 1024w, https:\/\/grundschule-heinsberg.de\/wp-content\/uploads\/2023\/03\/2022-projekt-spendensammlung-2022_01-1536x802.jpeg 1536w, https:\/\/grundschule-heinsberg.de\/wp-content\/uploads\/2023\/03\/2022-projekt-spendensammlung-2022_01-2048x1069.jpeg 2048w\" sizes=\"(max-width: 768px) 100vw, 768px\" \/><\/a>\n\t\t\t<\/div><\/figure><figure class='gallery-item'>\n\t\t\t<div class='gallery-icon landscape'>\n\t\t\t\t<a data-elementor-open-lightbox=\"yes\" data-elementor-lightbox-slideshow=\"18cec50\" data-elementor-lightbox-title=\"2022-projekt-spendensammlung-2022_02\" data-e-action-hash=\"#elementor-action%3Aaction%3Dlightbox%26settings%3DeyJpZCI6NTEwOCwidXJsIjoiaHR0cHM6XC9cL2dydW5kc2NodWxlLWhlaW5zYmVyZy5kZVwvd3AtY29udGVudFwvdXBsb2Fkc1wvMjAyM1wvMDNcLzIwMjItcHJvamVrdC1zcGVuZGVuc2FtbWx1bmctMjAyMl8wMi5qcGVnIiwic2xpZGVzaG93IjoiMThjZWM1MCJ9\" href='https:\/\/grundschule-heinsberg.de\/wp-content\/uploads\/2023\/03\/2022-projekt-spendensammlung-2022_02.jpeg'><img decoding=\"async\" width=\"768\" height=\"509\" src=\"https:\/\/grundschule-heinsberg.de\/wp-content\/uploads\/2023\/03\/2022-projekt-spendensammlung-2022_02-768x509.jpeg\" class=\"attachment-medium_large size-medium_large\" alt=\"\" srcset=\"https:\/\/grundschule-heinsberg.de\/wp-content\/uploads\/2023\/03\/2022-projekt-spendensammlung-2022_02-768x509.jpeg 768w, https:\/\/grundschule-heinsberg.de\/wp-content\/uploads\/2023\/03\/2022-projekt-spendensammlung-2022_02-300x199.jpeg 300w, https:\/\/grundschule-heinsberg.de\/wp-content\/uploads\/2023\/03\/2022-projekt-spendensammlung-2022_02-1024x678.jpeg 1024w, https:\/\/grundschule-heinsberg.de\/wp-content\/uploads\/2023\/03\/2022-projekt-spendensammlung-2022_02-500x331.jpeg 500w, https:\/\/grundschule-heinsberg.de\/wp-content\/uploads\/2023\/03\/2022-projekt-spendensammlung-2022_02.jpeg 1215w\" sizes=\"(max-width: 768px) 100vw, 768px\" \/><\/a>\n\t\t\t<\/div><\/figure>\n\t\t<\/div>\n\t\t<\/div>\n\t\t\t\t\t\t<\/div>\n\t\t\t\t<\/div>\n\t\t\t\t\t<\/div>\n\t\t<\/div>\n\t\t\t\t\t<\/div>\n\t\t<\/section>\n\t\t\t\t<\/div>\n\t\t","protected":false},"excerpt":{"rendered":"<p>Cette ann\u00e9e encore, les \u00e9l\u00e8ves* de l&rsquo;\u00e9cole primaire ont profit\u00e9 de leur temps libre pour collecter assid\u00fbment de l&rsquo;argent pour les enfants qui ne vont [&hellip;]<\/p>\n","protected":false},"author":1,"featured_media":5108,"comment_status":"closed","ping_status":"closed","sticky":false,"template":"","format":"standard","meta":{"inline_featured_image":false,"site-sidebar-layout":"default","site-content-layout":"","ast-site-content-layout":"default","site-content-style":"default","site-sidebar-style":"default","ast-global-header-display":"","ast-banner-title-visibility":"","ast-main-header-display":"","ast-hfb-above-header-display":"","ast-hfb-below-header-display":"","ast-hfb-mobile-header-display":"","site-post-title":"","ast-breadcrumbs-content":"","ast-featured-img":"","footer-sml-layout":"","ast-disable-related-posts":"","theme-transparent-header-meta":"","adv-header-id-meta":"","stick-header-meta":"","header-above-stick-meta":"","header-main-stick-meta":"","header-below-stick-meta":"","astra-migrate-meta-layouts":"default","ast-page-background-enabled":"default","ast-page-background-meta":{"desktop":{"background-color":"","background-image":"","background-repeat":"repeat","background-position":"center center","background-size":"auto","background-attachment":"scroll","background-type":"","background-media":"","overlay-type":"","overlay-color":"","overlay-opacity":"","overlay-gradient":""},"tablet":{"background-color":"","background-image":"","background-repeat":"repeat","background-position":"center center","background-size":"auto","background-attachment":"scroll","background-type":"","background-media":"","overlay-type":"","overlay-color":"","overlay-opacity":"","overlay-gradient":""},"mobile":{"background-color":"","background-image":"","background-repeat":"repeat","background-position":"center center","background-size":"auto","background-attachment":"scroll","background-type":"","background-media":"","overlay-type":"","overlay-color":"","overlay-opacity":"","overlay-gradient":""}},"ast-content-background-meta":{"desktop":{"background-color":"var(--ast-global-color-5)","background-image":"","background-repeat":"repeat","background-position":"center center","background-size":"auto","background-attachment":"scroll","background-type":"","background-media":"","overlay-type":"","overlay-color":"","overlay-opacity":"","overlay-gradient":""},"tablet":{"background-color":"var(--ast-global-color-5)","background-image":"","background-repeat":"repeat","background-position":"center center","background-size":"auto","background-attachment":"scroll","background-type":"","background-media":"","overlay-type":"","overlay-color":"","overlay-opacity":"","overlay-gradient":""},"mobile":{"background-color":"var(--ast-global-color-5)","background-image":"","background-repeat":"repeat","background-position":"center center","background-size":"auto","background-attachment":"scroll","background-type":"","background-media":"","overlay-type":"","overlay-color":"","overlay-opacity":"","overlay-gradient":""}},"footnotes":""},"categories":[79,80],"tags":[],"class_list":["post-5107","post","type-post","status-publish","format-standard","has-post-thumbnail","hentry","category-2022-fr","category-projets"],"yoast_head":"<!-- This site is optimized with the Yoast SEO plugin v27.4 - https:\/\/yoast.com\/product\/yoast-seo-wordpress\/ -->\n<title>Collecte de fonds 2022 - St. Katharina Grundschule Heinsberg<\/title>\n<meta name=\"robots\" content=\"index, follow, max-snippet:-1, max-image-preview:large, max-video-preview:-1\" \/>\n<link rel=\"canonical\" href=\"https:\/\/grundschule-heinsberg.de\/fr\/collecte-de-fonds-2022\/\" \/>\n<meta property=\"og:locale\" content=\"fr_FR\" \/>\n<meta property=\"og:type\" content=\"article\" \/>\n<meta property=\"og:title\" content=\"Collecte de fonds 2022 - St. Katharina Grundschule Heinsberg\" \/>\n<meta property=\"og:description\" content=\"Cette ann\u00e9e encore, les \u00e9l\u00e8ves* de l&rsquo;\u00e9cole primaire ont profit\u00e9 de leur temps libre pour collecter assid\u00fbment de l&rsquo;argent pour les enfants qui ne vont [&hellip;]\" \/>\n<meta property=\"og:url\" content=\"https:\/\/grundschule-heinsberg.de\/fr\/collecte-de-fonds-2022\/\" \/>\n<meta property=\"og:site_name\" content=\"St. Katharina Grundschule Heinsberg\" \/>\n<meta property=\"article:published_time\" content=\"2022-06-27T13:30:58+00:00\" \/>\n<meta property=\"article:modified_time\" content=\"2024-03-07T07:55:17+00:00\" \/>\n<meta property=\"og:image\" content=\"https:\/\/grundschule-heinsberg.de\/wp-content\/uploads\/2023\/03\/2022-projekt-spendensammlung-2022_02.jpeg\" \/>\n\t<meta property=\"og:image:width\" content=\"1215\" \/>\n\t<meta property=\"og:image:height\" content=\"805\" \/>\n\t<meta property=\"og:image:type\" content=\"image\/jpeg\" \/>\n<meta name=\"author\" content=\"admin_gr-he_idee-medien\" \/>\n<meta name=\"twitter:card\" content=\"summary_large_image\" \/>\n<meta name=\"twitter:label1\" content=\"\u00c9crit par\" \/>\n\t<meta name=\"twitter:data1\" content=\"admin_gr-he_idee-medien\" \/>\n\t<meta name=\"twitter:label2\" content=\"Dur\u00e9e de lecture estim\u00e9e\" \/>\n\t<meta name=\"twitter:data2\" content=\"1 minute\" \/>\n<script type=\"application\/ld+json\" class=\"yoast-schema-graph\">{\"@context\":\"https:\\\/\\\/schema.org\",\"@graph\":[{\"@type\":\"Article\",\"@id\":\"https:\\\/\\\/grundschule-heinsberg.de\\\/fr\\\/collecte-de-fonds-2022\\\/#article\",\"isPartOf\":{\"@id\":\"https:\\\/\\\/grundschule-heinsberg.de\\\/fr\\\/collecte-de-fonds-2022\\\/\"},\"author\":{\"name\":\"admin_gr-he_idee-medien\",\"@id\":\"https:\\\/\\\/grundschule-heinsberg.de\\\/fr\\\/#\\\/schema\\\/person\\\/acef6ad27ff279a319f9b21b92557a0f\"},\"headline\":\"Collecte de fonds 2022\",\"datePublished\":\"2022-06-27T13:30:58+00:00\",\"dateModified\":\"2024-03-07T07:55:17+00:00\",\"mainEntityOfPage\":{\"@id\":\"https:\\\/\\\/grundschule-heinsberg.de\\\/fr\\\/collecte-de-fonds-2022\\\/\"},\"wordCount\":132,\"publisher\":{\"@id\":\"https:\\\/\\\/grundschule-heinsberg.de\\\/fr\\\/#organization\"},\"image\":{\"@id\":\"https:\\\/\\\/grundschule-heinsberg.de\\\/fr\\\/collecte-de-fonds-2022\\\/#primaryimage\"},\"thumbnailUrl\":\"https:\\\/\\\/grundschule-heinsberg.de\\\/wp-content\\\/uploads\\\/2023\\\/03\\\/2022-projekt-spendensammlung-2022_02.jpeg\",\"articleSection\":[\"2022\",\"Projets\"],\"inLanguage\":\"fr-FR\"},{\"@type\":\"WebPage\",\"@id\":\"https:\\\/\\\/grundschule-heinsberg.de\\\/fr\\\/collecte-de-fonds-2022\\\/\",\"url\":\"https:\\\/\\\/grundschule-heinsberg.de\\\/fr\\\/collecte-de-fonds-2022\\\/\",\"name\":\"Collecte de fonds 2022 - St. Katharina Grundschule Heinsberg\",\"isPartOf\":{\"@id\":\"https:\\\/\\\/grundschule-heinsberg.de\\\/fr\\\/#website\"},\"primaryImageOfPage\":{\"@id\":\"https:\\\/\\\/grundschule-heinsberg.de\\\/fr\\\/collecte-de-fonds-2022\\\/#primaryimage\"},\"image\":{\"@id\":\"https:\\\/\\\/grundschule-heinsberg.de\\\/fr\\\/collecte-de-fonds-2022\\\/#primaryimage\"},\"thumbnailUrl\":\"https:\\\/\\\/grundschule-heinsberg.de\\\/wp-content\\\/uploads\\\/2023\\\/03\\\/2022-projekt-spendensammlung-2022_02.jpeg\",\"datePublished\":\"2022-06-27T13:30:58+00:00\",\"dateModified\":\"2024-03-07T07:55:17+00:00\",\"breadcrumb\":{\"@id\":\"https:\\\/\\\/grundschule-heinsberg.de\\\/fr\\\/collecte-de-fonds-2022\\\/#breadcrumb\"},\"inLanguage\":\"fr-FR\",\"potentialAction\":[{\"@type\":\"ReadAction\",\"target\":[\"https:\\\/\\\/grundschule-heinsberg.de\\\/fr\\\/collecte-de-fonds-2022\\\/\"]}]},{\"@type\":\"ImageObject\",\"inLanguage\":\"fr-FR\",\"@id\":\"https:\\\/\\\/grundschule-heinsberg.de\\\/fr\\\/collecte-de-fonds-2022\\\/#primaryimage\",\"url\":\"https:\\\/\\\/grundschule-heinsberg.de\\\/wp-content\\\/uploads\\\/2023\\\/03\\\/2022-projekt-spendensammlung-2022_02.jpeg\",\"contentUrl\":\"https:\\\/\\\/grundschule-heinsberg.de\\\/wp-content\\\/uploads\\\/2023\\\/03\\\/2022-projekt-spendensammlung-2022_02.jpeg\",\"width\":1215,\"height\":805},{\"@type\":\"BreadcrumbList\",\"@id\":\"https:\\\/\\\/grundschule-heinsberg.de\\\/fr\\\/collecte-de-fonds-2022\\\/#breadcrumb\",\"itemListElement\":[{\"@type\":\"ListItem\",\"position\":1,\"name\":\"Startseite\",\"item\":\"https:\\\/\\\/grundschule-heinsberg.de\\\/fr\\\/\"},{\"@type\":\"ListItem\",\"position\":2,\"name\":\"Collecte de fonds 2022\"}]},{\"@type\":\"WebSite\",\"@id\":\"https:\\\/\\\/grundschule-heinsberg.de\\\/fr\\\/#website\",\"url\":\"https:\\\/\\\/grundschule-heinsberg.de\\\/fr\\\/\",\"name\":\"St. Katharina Grundschule Heinsberg\",\"description\":\"f\u00fcreinander, voneinander, gemeinsam und individuell: Hand in Hand auf dem Weg in die Zukunft\",\"publisher\":{\"@id\":\"https:\\\/\\\/grundschule-heinsberg.de\\\/fr\\\/#organization\"},\"potentialAction\":[{\"@type\":\"SearchAction\",\"target\":{\"@type\":\"EntryPoint\",\"urlTemplate\":\"https:\\\/\\\/grundschule-heinsberg.de\\\/fr\\\/?s={search_term_string}\"},\"query-input\":{\"@type\":\"PropertyValueSpecification\",\"valueRequired\":true,\"valueName\":\"search_term_string\"}}],\"inLanguage\":\"fr-FR\"},{\"@type\":\"Organization\",\"@id\":\"https:\\\/\\\/grundschule-heinsberg.de\\\/fr\\\/#organization\",\"name\":\"St. Katharina Grundschule Heinsberg\",\"url\":\"https:\\\/\\\/grundschule-heinsberg.de\\\/fr\\\/\",\"logo\":{\"@type\":\"ImageObject\",\"inLanguage\":\"fr-FR\",\"@id\":\"https:\\\/\\\/grundschule-heinsberg.de\\\/fr\\\/#\\\/schema\\\/logo\\\/image\\\/\",\"url\":\"https:\\\/\\\/grundschule-heinsberg.de\\\/wp-content\\\/uploads\\\/2023\\\/03\\\/230307_Grundschule-Heinsberg_Logo_RGB.svg\",\"contentUrl\":\"https:\\\/\\\/grundschule-heinsberg.de\\\/wp-content\\\/uploads\\\/2023\\\/03\\\/230307_Grundschule-Heinsberg_Logo_RGB.svg\",\"width\":311,\"height\":135,\"caption\":\"St. Katharina Grundschule Heinsberg\"},\"image\":{\"@id\":\"https:\\\/\\\/grundschule-heinsberg.de\\\/fr\\\/#\\\/schema\\\/logo\\\/image\\\/\"}},{\"@type\":\"Person\",\"@id\":\"https:\\\/\\\/grundschule-heinsberg.de\\\/fr\\\/#\\\/schema\\\/person\\\/acef6ad27ff279a319f9b21b92557a0f\",\"name\":\"admin_gr-he_idee-medien\",\"image\":{\"@type\":\"ImageObject\",\"inLanguage\":\"fr-FR\",\"@id\":\"https:\\\/\\\/secure.gravatar.com\\\/avatar\\\/3f7953307bc892878263237304aae9b6e18a6dbebdc94c81a7af7be19be0fdb4?s=96&d=mm&r=g\",\"url\":\"https:\\\/\\\/secure.gravatar.com\\\/avatar\\\/3f7953307bc892878263237304aae9b6e18a6dbebdc94c81a7af7be19be0fdb4?s=96&d=mm&r=g\",\"contentUrl\":\"https:\\\/\\\/secure.gravatar.com\\\/avatar\\\/3f7953307bc892878263237304aae9b6e18a6dbebdc94c81a7af7be19be0fdb4?s=96&d=mm&r=g\",\"caption\":\"admin_gr-he_idee-medien\"},\"sameAs\":[\"http:\\\/\\\/grundschule-heinsberg.de\"],\"url\":\"https:\\\/\\\/grundschule-heinsberg.de\\\/fr\\\/author\\\/admin_gr-he_idee-medien\\\/\"}]}<\/script>\n<!-- \/ Yoast SEO plugin. -->","yoast_head_json":{"title":"Collecte de fonds 2022 - St. Katharina Grundschule Heinsberg","robots":{"index":"index","follow":"follow","max-snippet":"max-snippet:-1","max-image-preview":"max-image-preview:large","max-video-preview":"max-video-preview:-1"},"canonical":"https:\/\/grundschule-heinsberg.de\/fr\/collecte-de-fonds-2022\/","og_locale":"fr_FR","og_type":"article","og_title":"Collecte de fonds 2022 - St. Katharina Grundschule Heinsberg","og_description":"Cette ann\u00e9e encore, les \u00e9l\u00e8ves* de l&rsquo;\u00e9cole primaire ont profit\u00e9 de leur temps libre pour collecter assid\u00fbment de l&rsquo;argent pour les enfants qui ne vont [&hellip;]","og_url":"https:\/\/grundschule-heinsberg.de\/fr\/collecte-de-fonds-2022\/","og_site_name":"St. Katharina Grundschule Heinsberg","article_published_time":"2022-06-27T13:30:58+00:00","article_modified_time":"2024-03-07T07:55:17+00:00","og_image":[{"width":1215,"height":805,"url":"https:\/\/grundschule-heinsberg.de\/wp-content\/uploads\/2023\/03\/2022-projekt-spendensammlung-2022_02.jpeg","type":"image\/jpeg"}],"author":"admin_gr-he_idee-medien","twitter_card":"summary_large_image","twitter_misc":{"\u00c9crit par":"admin_gr-he_idee-medien","Dur\u00e9e de lecture estim\u00e9e":"1 minute"},"schema":{"@context":"https:\/\/schema.org","@graph":[{"@type":"Article","@id":"https:\/\/grundschule-heinsberg.de\/fr\/collecte-de-fonds-2022\/#article","isPartOf":{"@id":"https:\/\/grundschule-heinsberg.de\/fr\/collecte-de-fonds-2022\/"},"author":{"name":"admin_gr-he_idee-medien","@id":"https:\/\/grundschule-heinsberg.de\/fr\/#\/schema\/person\/acef6ad27ff279a319f9b21b92557a0f"},"headline":"Collecte de fonds 2022","datePublished":"2022-06-27T13:30:58+00:00","dateModified":"2024-03-07T07:55:17+00:00","mainEntityOfPage":{"@id":"https:\/\/grundschule-heinsberg.de\/fr\/collecte-de-fonds-2022\/"},"wordCount":132,"publisher":{"@id":"https:\/\/grundschule-heinsberg.de\/fr\/#organization"},"image":{"@id":"https:\/\/grundschule-heinsberg.de\/fr\/collecte-de-fonds-2022\/#primaryimage"},"thumbnailUrl":"https:\/\/grundschule-heinsberg.de\/wp-content\/uploads\/2023\/03\/2022-projekt-spendensammlung-2022_02.jpeg","articleSection":["2022","Projets"],"inLanguage":"fr-FR"},{"@type":"WebPage","@id":"https:\/\/grundschule-heinsberg.de\/fr\/collecte-de-fonds-2022\/","url":"https:\/\/grundschule-heinsberg.de\/fr\/collecte-de-fonds-2022\/","name":"Collecte de fonds 2022 - St. Katharina Grundschule Heinsberg","isPartOf":{"@id":"https:\/\/grundschule-heinsberg.de\/fr\/#website"},"primaryImageOfPage":{"@id":"https:\/\/grundschule-heinsberg.de\/fr\/collecte-de-fonds-2022\/#primaryimage"},"image":{"@id":"https:\/\/grundschule-heinsberg.de\/fr\/collecte-de-fonds-2022\/#primaryimage"},"thumbnailUrl":"https:\/\/grundschule-heinsberg.de\/wp-content\/uploads\/2023\/03\/2022-projekt-spendensammlung-2022_02.jpeg","datePublished":"2022-06-27T13:30:58+00:00","dateModified":"2024-03-07T07:55:17+00:00","breadcrumb":{"@id":"https:\/\/grundschule-heinsberg.de\/fr\/collecte-de-fonds-2022\/#breadcrumb"},"inLanguage":"fr-FR","potentialAction":[{"@type":"ReadAction","target":["https:\/\/grundschule-heinsberg.de\/fr\/collecte-de-fonds-2022\/"]}]},{"@type":"ImageObject","inLanguage":"fr-FR","@id":"https:\/\/grundschule-heinsberg.de\/fr\/collecte-de-fonds-2022\/#primaryimage","url":"https:\/\/grundschule-heinsberg.de\/wp-content\/uploads\/2023\/03\/2022-projekt-spendensammlung-2022_02.jpeg","contentUrl":"https:\/\/grundschule-heinsberg.de\/wp-content\/uploads\/2023\/03\/2022-projekt-spendensammlung-2022_02.jpeg","width":1215,"height":805},{"@type":"BreadcrumbList","@id":"https:\/\/grundschule-heinsberg.de\/fr\/collecte-de-fonds-2022\/#breadcrumb","itemListElement":[{"@type":"ListItem","position":1,"name":"Startseite","item":"https:\/\/grundschule-heinsberg.de\/fr\/"},{"@type":"ListItem","position":2,"name":"Collecte de fonds 2022"}]},{"@type":"WebSite","@id":"https:\/\/grundschule-heinsberg.de\/fr\/#website","url":"https:\/\/grundschule-heinsberg.de\/fr\/","name":"St. Katharina Grundschule Heinsberg","description":"f\u00fcreinander, voneinander, gemeinsam und individuell: Hand in Hand auf dem Weg in die Zukunft","publisher":{"@id":"https:\/\/grundschule-heinsberg.de\/fr\/#organization"},"potentialAction":[{"@type":"SearchAction","target":{"@type":"EntryPoint","urlTemplate":"https:\/\/grundschule-heinsberg.de\/fr\/?s={search_term_string}"},"query-input":{"@type":"PropertyValueSpecification","valueRequired":true,"valueName":"search_term_string"}}],"inLanguage":"fr-FR"},{"@type":"Organization","@id":"https:\/\/grundschule-heinsberg.de\/fr\/#organization","name":"St. Katharina Grundschule Heinsberg","url":"https:\/\/grundschule-heinsberg.de\/fr\/","logo":{"@type":"ImageObject","inLanguage":"fr-FR","@id":"https:\/\/grundschule-heinsberg.de\/fr\/#\/schema\/logo\/image\/","url":"https:\/\/grundschule-heinsberg.de\/wp-content\/uploads\/2023\/03\/230307_Grundschule-Heinsberg_Logo_RGB.svg","contentUrl":"https:\/\/grundschule-heinsberg.de\/wp-content\/uploads\/2023\/03\/230307_Grundschule-Heinsberg_Logo_RGB.svg","width":311,"height":135,"caption":"St. Katharina Grundschule Heinsberg"},"image":{"@id":"https:\/\/grundschule-heinsberg.de\/fr\/#\/schema\/logo\/image\/"}},{"@type":"Person","@id":"https:\/\/grundschule-heinsberg.de\/fr\/#\/schema\/person\/acef6ad27ff279a319f9b21b92557a0f","name":"admin_gr-he_idee-medien","image":{"@type":"ImageObject","inLanguage":"fr-FR","@id":"https:\/\/secure.gravatar.com\/avatar\/3f7953307bc892878263237304aae9b6e18a6dbebdc94c81a7af7be19be0fdb4?s=96&d=mm&r=g","url":"https:\/\/secure.gravatar.com\/avatar\/3f7953307bc892878263237304aae9b6e18a6dbebdc94c81a7af7be19be0fdb4?s=96&d=mm&r=g","contentUrl":"https:\/\/secure.gravatar.com\/avatar\/3f7953307bc892878263237304aae9b6e18a6dbebdc94c81a7af7be19be0fdb4?s=96&d=mm&r=g","caption":"admin_gr-he_idee-medien"},"sameAs":["http:\/\/grundschule-heinsberg.de"],"url":"https:\/\/grundschule-heinsberg.de\/fr\/author\/admin_gr-he_idee-medien\/"}]}},"_links":{"self":[{"href":"https:\/\/grundschule-heinsberg.de\/fr\/wp-json\/wp\/v2\/posts\/5107","targetHints":{"allow":["GET"]}}],"collection":[{"href":"https:\/\/grundschule-heinsberg.de\/fr\/wp-json\/wp\/v2\/posts"}],"about":[{"href":"https:\/\/grundschule-heinsberg.de\/fr\/wp-json\/wp\/v2\/types\/post"}],"author":[{"embeddable":true,"href":"https:\/\/grundschule-heinsberg.de\/fr\/wp-json\/wp\/v2\/users\/1"}],"replies":[{"embeddable":true,"href":"https:\/\/grundschule-heinsberg.de\/fr\/wp-json\/wp\/v2\/comments?post=5107"}],"version-history":[{"count":0,"href":"https:\/\/grundschule-heinsberg.de\/fr\/wp-json\/wp\/v2\/posts\/5107\/revisions"}],"wp:featuredmedia":[{"embeddable":true,"href":"https:\/\/grundschule-heinsberg.de\/fr\/wp-json\/wp\/v2\/media\/5108"}],"wp:attachment":[{"href":"https:\/\/grundschule-heinsberg.de\/fr\/wp-json\/wp\/v2\/media?parent=5107"}],"wp:term":[{"taxonomy":"category","embeddable":true,"href":"https:\/\/grundschule-heinsberg.de\/fr\/wp-json\/wp\/v2\/categories?post=5107"},{"taxonomy":"post_tag","embeddable":true,"href":"https:\/\/grundschule-heinsberg.de\/fr\/wp-json\/wp\/v2\/tags?post=5107"}],"curies":[{"name":"wp","href":"https:\/\/api.w.org\/{rel}","templated":true}]}}