{"id":5158,"date":"2023-03-25T15:12:23","date_gmt":"2023-03-25T14:12:23","guid":{"rendered":"https:\/\/grundschule-heinsberg.de\/fete-du-printemps-2023\/"},"modified":"2024-03-07T09:03:21","modified_gmt":"2024-03-07T08:03:21","slug":"fete-du-printemps-2023","status":"publish","type":"post","link":"https:\/\/grundschule-heinsberg.de\/fr\/fete-du-printemps-2023\/","title":{"rendered":"F\u00eate du printemps 2023"},"content":{"rendered":"\t\t<div data-elementor-type=\"wp-post\" data-elementor-id=\"5158\" class=\"elementor elementor-5158 elementor-2249\">\n\t\t\t\t\t\t<section class=\"elementor-section elementor-top-section elementor-element elementor-element-9d27a4d elementor-section-boxed elementor-section-height-default elementor-section-height-default\" data-id=\"9d27a4d\" data-element_type=\"section\">\n\t\t\t\t\t\t<div class=\"elementor-container elementor-column-gap-default\">\n\t\t\t\t\t<div class=\"elementor-column elementor-col-100 elementor-top-column elementor-element elementor-element-71a518e\" data-id=\"71a518e\" data-element_type=\"column\">\n\t\t\t<div class=\"elementor-widget-wrap elementor-element-populated\">\n\t\t\t\t\t\t<div class=\"elementor-element elementor-element-643158b elementor-widget elementor-widget-text-editor\" data-id=\"643158b\" data-element_type=\"widget\" data-widget_type=\"text-editor.default\">\n\t\t\t\t<div class=\"elementor-widget-container\">\n\t\t\t\t\t\t\t\t\t<p>\u00ab\u00a0Quelle belle f\u00eate !\u00a0\u00bb Les parents et les enfants ainsi que le personnel* \u00e9taient du m\u00eame avis. Le temps printanier n&rsquo;a pas \u00e9t\u00e9 au rendez-vous, mais l&rsquo;ambiance n&rsquo;en a pas \u00e9t\u00e9 affect\u00e9e.<\/p>\n<p>La veille de la f\u00eate du printemps, le b\u00e2timent scolaire et la salle de repos ont \u00e9t\u00e9 d\u00e9cor\u00e9s ensemble. La salle de classe 4 a \u00e9t\u00e9 transform\u00e9e en espace de vente. De nombreux bricolages r\u00e9alis\u00e9s par les enfants pour le bazar de P\u00e2ques ont pu y \u00eatre propos\u00e9s. Une tombola avait \u00e9galement \u00e9t\u00e9 pr\u00e9par\u00e9e, pour laquelle la Caisse d&rsquo;\u00e9pargne, la Banque populaire et quelques entreprises avaient offert des lots int\u00e9ressants. Nous les en remercions vivement.<\/p>\n<p>De nombreux parents, mais aussi des grands-parents et d&rsquo;anciens \u00e9l\u00e8ves* ont r\u00e9pondu \u00e0 l&rsquo;invitation et ont profit\u00e9 d&rsquo;un moment de convivialit\u00e9 autour d&rsquo;un caf\u00e9 et de g\u00e2teaux dans le caf\u00e9 OGS ou dans le hall de r\u00e9cr\u00e9ation autour d&rsquo;une saucisse dans un petit pain.<\/p>\n<p>Apr\u00e8s une danse de bienvenue des \u00e9l\u00e8ves* et l&rsquo;entr\u00e9e impressionnante de Micha, le petit artiste d\u00e9guis\u00e9 en fleur multicolore et de grande taille qui a enchant\u00e9 le public, les enfants se sont r\u00e9partis dans les salles de classe. Ils ont trouv\u00e9 une offre vari\u00e9e : Cr\u00e9er des pierres, fabriquer des d\u00e9cors de fen\u00eatre avec Window Colours, nouer des liens d&rsquo;amiti\u00e9, ma\u00eetriser des olympiades de nonsense et bien d&rsquo;autres choses encore. La salle de sport proposait \u00e9galement une activit\u00e9 physique ainsi qu&rsquo;un atelier avec Micha.<\/p>\n<p>Pour finir, Micha, le petit artiste, a offert un spectacle o\u00f9 tout le monde a trouv\u00e9 son compte.<\/p>\n\t\t\t\t\t\t\t\t<\/div>\n\t\t\t\t<\/div>\n\t\t\t\t<div class=\"elementor-element elementor-element-ae039f5 gallery-spacing-custom elementor-widget elementor-widget-image-gallery\" data-id=\"ae039f5\" data-element_type=\"widget\" data-widget_type=\"image-gallery.default\">\n\t\t\t\t<div class=\"elementor-widget-container\">\n\t\t\t\t\t\t\t<div class=\"elementor-image-gallery\">\n\t\t\t<div id='gallery-1' class='gallery galleryid-5158 gallery-columns-2 gallery-size-medium_large'><figure class='gallery-item'>\n\t\t\t<div class='gallery-icon portrait'>\n\t\t\t\t<a data-elementor-open-lightbox=\"yes\" data-elementor-lightbox-slideshow=\"ae039f5\" data-elementor-lightbox-title=\"fruehlingsfest-2023_3\" data-e-action-hash=\"#elementor-action%3Aaction%3Dlightbox%26settings%3DeyJpZCI6MjI1NCwidXJsIjoiaHR0cHM6XC9cL2dydW5kc2NodWxlLWhlaW5zYmVyZy5kZVwvd3AtY29udGVudFwvdXBsb2Fkc1wvMjAyM1wvMDVcL2ZydWVobGluZ3NmZXN0LTIwMjNfMy1lMTY4MzYyODIyNTEwMS5qcGciLCJzbGlkZXNob3ciOiJhZTAzOWY1In0%3D\" href='https:\/\/grundschule-heinsberg.de\/wp-content\/uploads\/2023\/05\/fruehlingsfest-2023_3-e1683628225101.jpg'><img fetchpriority=\"high\" decoding=\"async\" width=\"768\" height=\"1024\" src=\"https:\/\/grundschule-heinsberg.de\/wp-content\/uploads\/2023\/05\/fruehlingsfest-2023_3-e1683628225101-768x1024.jpg\" class=\"attachment-medium_large size-medium_large\" alt=\"\" srcset=\"https:\/\/grundschule-heinsberg.de\/wp-content\/uploads\/2023\/05\/fruehlingsfest-2023_3-e1683628225101-768x1024.jpg 768w, https:\/\/grundschule-heinsberg.de\/wp-content\/uploads\/2023\/05\/fruehlingsfest-2023_3-e1683628225101-225x300.jpg 225w, https:\/\/grundschule-heinsberg.de\/wp-content\/uploads\/2023\/05\/fruehlingsfest-2023_3-e1683628225101.jpg 900w\" sizes=\"(max-width: 768px) 100vw, 768px\" \/><\/a>\n\t\t\t<\/div><\/figure><figure class='gallery-item'>\n\t\t\t<div class='gallery-icon portrait'>\n\t\t\t\t<a data-elementor-open-lightbox=\"yes\" data-elementor-lightbox-slideshow=\"ae039f5\" data-elementor-lightbox-title=\"fruehlingsfest-2023_2\" data-e-action-hash=\"#elementor-action%3Aaction%3Dlightbox%26settings%3DeyJpZCI6MjI1NiwidXJsIjoiaHR0cHM6XC9cL2dydW5kc2NodWxlLWhlaW5zYmVyZy5kZVwvd3AtY29udGVudFwvdXBsb2Fkc1wvMjAyM1wvMDVcL2ZydWVobGluZ3NmZXN0LTIwMjNfMi1lMTY4MzYyODIzNzE1NS5qcGciLCJzbGlkZXNob3ciOiJhZTAzOWY1In0%3D\" href='https:\/\/grundschule-heinsberg.de\/wp-content\/uploads\/2023\/05\/fruehlingsfest-2023_2-e1683628237155.jpg'><img decoding=\"async\" width=\"768\" height=\"1024\" src=\"https:\/\/grundschule-heinsberg.de\/wp-content\/uploads\/2023\/05\/fruehlingsfest-2023_2-e1683628237155-768x1024.jpg\" class=\"attachment-medium_large size-medium_large\" alt=\"\" srcset=\"https:\/\/grundschule-heinsberg.de\/wp-content\/uploads\/2023\/05\/fruehlingsfest-2023_2-e1683628237155-768x1024.jpg 768w, https:\/\/grundschule-heinsberg.de\/wp-content\/uploads\/2023\/05\/fruehlingsfest-2023_2-e1683628237155-225x300.jpg 225w, https:\/\/grundschule-heinsberg.de\/wp-content\/uploads\/2023\/05\/fruehlingsfest-2023_2-e1683628237155.jpg 900w\" sizes=\"(max-width: 768px) 100vw, 768px\" \/><\/a>\n\t\t\t<\/div><\/figure><figure class='gallery-item'>\n\t\t\t<div class='gallery-icon landscape'>\n\t\t\t\t<a data-elementor-open-lightbox=\"yes\" data-elementor-lightbox-slideshow=\"ae039f5\" data-elementor-lightbox-title=\"fruehlingsfest-2023_4\" data-e-action-hash=\"#elementor-action%3Aaction%3Dlightbox%26settings%3DeyJpZCI6MjI1NSwidXJsIjoiaHR0cHM6XC9cL2dydW5kc2NodWxlLWhlaW5zYmVyZy5kZVwvd3AtY29udGVudFwvdXBsb2Fkc1wvMjAyM1wvMDVcL2ZydWVobGluZ3NmZXN0LTIwMjNfNC5qcGciLCJzbGlkZXNob3ciOiJhZTAzOWY1In0%3D\" href='https:\/\/grundschule-heinsberg.de\/wp-content\/uploads\/2023\/05\/fruehlingsfest-2023_4.jpg'><img decoding=\"async\" width=\"768\" height=\"576\" src=\"https:\/\/grundschule-heinsberg.de\/wp-content\/uploads\/2023\/05\/fruehlingsfest-2023_4-768x576.jpg\" class=\"attachment-medium_large size-medium_large\" alt=\"\" srcset=\"https:\/\/grundschule-heinsberg.de\/wp-content\/uploads\/2023\/05\/fruehlingsfest-2023_4-768x576.jpg 768w, https:\/\/grundschule-heinsberg.de\/wp-content\/uploads\/2023\/05\/fruehlingsfest-2023_4-300x225.jpg 300w, https:\/\/grundschule-heinsberg.de\/wp-content\/uploads\/2023\/05\/fruehlingsfest-2023_4-1024x768.jpg 1024w, https:\/\/grundschule-heinsberg.de\/wp-content\/uploads\/2023\/05\/fruehlingsfest-2023_4.jpg 1200w\" sizes=\"(max-width: 768px) 100vw, 768px\" \/><\/a>\n\t\t\t<\/div><\/figure>\n\t\t<\/div>\n\t\t<\/div>\n\t\t\t\t\t\t<\/div>\n\t\t\t\t<\/div>\n\t\t\t\t\t<\/div>\n\t\t<\/div>\n\t\t\t\t\t<\/div>\n\t\t<\/section>\n\t\t\t\t<\/div>\n\t\t","protected":false},"excerpt":{"rendered":"<p>\u00ab\u00a0Quelle belle f\u00eate !\u00a0\u00bb Les parents et les enfants ainsi que le personnel* \u00e9taient du m\u00eame avis. Le temps printanier n&rsquo;a pas \u00e9t\u00e9 au rendez-vous, [&hellip;]<\/p>\n","protected":false},"author":1,"featured_media":5161,"comment_status":"closed","ping_status":"closed","sticky":false,"template":"","format":"standard","meta":{"inline_featured_image":false,"site-sidebar-layout":"default","site-content-layout":"","ast-site-content-layout":"default","site-content-style":"default","site-sidebar-style":"default","ast-global-header-display":"","ast-banner-title-visibility":"","ast-main-header-display":"","ast-hfb-above-header-display":"","ast-hfb-below-header-display":"","ast-hfb-mobile-header-display":"","site-post-title":"","ast-breadcrumbs-content":"","ast-featured-img":"","footer-sml-layout":"","ast-disable-related-posts":"","theme-transparent-header-meta":"","adv-header-id-meta":"","stick-header-meta":"","header-above-stick-meta":"","header-main-stick-meta":"","header-below-stick-meta":"","astra-migrate-meta-layouts":"default","ast-page-background-enabled":"default","ast-page-background-meta":{"desktop":{"background-color":"","background-image":"","background-repeat":"repeat","background-position":"center center","background-size":"auto","background-attachment":"scroll","background-type":"","background-media":"","overlay-type":"","overlay-color":"","overlay-opacity":"","overlay-gradient":""},"tablet":{"background-color":"","background-image":"","background-repeat":"repeat","background-position":"center center","background-size":"auto","background-attachment":"scroll","background-type":"","background-media":"","overlay-type":"","overlay-color":"","overlay-opacity":"","overlay-gradient":""},"mobile":{"background-color":"","background-image":"","background-repeat":"repeat","background-position":"center center","background-size":"auto","background-attachment":"scroll","background-type":"","background-media":"","overlay-type":"","overlay-color":"","overlay-opacity":"","overlay-gradient":""}},"ast-content-background-meta":{"desktop":{"background-color":"var(--ast-global-color-5)","background-image":"","background-repeat":"repeat","background-position":"center center","background-size":"auto","background-attachment":"scroll","background-type":"","background-media":"","overlay-type":"","overlay-color":"","overlay-opacity":"","overlay-gradient":""},"tablet":{"background-color":"var(--ast-global-color-5)","background-image":"","background-repeat":"repeat","background-position":"center center","background-size":"auto","background-attachment":"scroll","background-type":"","background-media":"","overlay-type":"","overlay-color":"","overlay-opacity":"","overlay-gradient":""},"mobile":{"background-color":"var(--ast-global-color-5)","background-image":"","background-repeat":"repeat","background-position":"center center","background-size":"auto","background-attachment":"scroll","background-type":"","background-media":"","overlay-type":"","overlay-color":"","overlay-opacity":"","overlay-gradient":""}},"footnotes":""},"categories":[74,75,70],"tags":[],"class_list":["post-5158","post","type-post","status-publish","format-standard","has-post-thumbnail","hentry","category-2023-fr","category-evenements","category-non-classifiee"],"yoast_head":"<!-- This site is optimized with the Yoast SEO plugin v27.5 - https:\/\/yoast.com\/product\/yoast-seo-wordpress\/ -->\n<title>F\u00eate du printemps 2023 - St. Katharina Grundschule Heinsberg<\/title>\n<meta name=\"robots\" content=\"index, follow, max-snippet:-1, max-image-preview:large, max-video-preview:-1\" \/>\n<link rel=\"canonical\" href=\"https:\/\/grundschule-heinsberg.de\/fr\/fete-du-printemps-2023\/\" \/>\n<meta property=\"og:locale\" content=\"fr_FR\" \/>\n<meta property=\"og:type\" content=\"article\" \/>\n<meta property=\"og:title\" content=\"F\u00eate du printemps 2023 - St. Katharina Grundschule Heinsberg\" \/>\n<meta property=\"og:description\" content=\"\u00ab\u00a0Quelle belle f\u00eate !\u00a0\u00bb Les parents et les enfants ainsi que le personnel* \u00e9taient du m\u00eame avis. Le temps printanier n&rsquo;a pas \u00e9t\u00e9 au rendez-vous, [&hellip;]\" \/>\n<meta property=\"og:url\" content=\"https:\/\/grundschule-heinsberg.de\/fr\/fete-du-printemps-2023\/\" \/>\n<meta property=\"og:site_name\" content=\"St. Katharina Grundschule Heinsberg\" \/>\n<meta property=\"article:published_time\" content=\"2023-03-25T14:12:23+00:00\" \/>\n<meta property=\"article:modified_time\" content=\"2024-03-07T08:03:21+00:00\" \/>\n<meta property=\"og:image\" content=\"https:\/\/grundschule-heinsberg.de\/wp-content\/uploads\/2023\/05\/beautiful-flowers-flower-background-flower-wallpaper-1368187.jpg\" \/>\n\t<meta property=\"og:image:width\" content=\"1200\" \/>\n\t<meta property=\"og:image:height\" content=\"712\" \/>\n\t<meta property=\"og:image:type\" content=\"image\/jpeg\" \/>\n<meta name=\"author\" content=\"admin_gr-he_idee-medien\" \/>\n<meta name=\"twitter:card\" content=\"summary_large_image\" \/>\n<meta name=\"twitter:label1\" content=\"\u00c9crit par\" \/>\n\t<meta name=\"twitter:data1\" content=\"admin_gr-he_idee-medien\" \/>\n\t<meta name=\"twitter:label2\" content=\"Dur\u00e9e de lecture estim\u00e9e\" \/>\n\t<meta name=\"twitter:data2\" content=\"1 minute\" \/>\n<script type=\"application\/ld+json\" class=\"yoast-schema-graph\">{\"@context\":\"https:\\\/\\\/schema.org\",\"@graph\":[{\"@type\":\"Article\",\"@id\":\"https:\\\/\\\/grundschule-heinsberg.de\\\/fr\\\/fete-du-printemps-2023\\\/#article\",\"isPartOf\":{\"@id\":\"https:\\\/\\\/grundschule-heinsberg.de\\\/fr\\\/fete-du-printemps-2023\\\/\"},\"author\":{\"name\":\"admin_gr-he_idee-medien\",\"@id\":\"https:\\\/\\\/grundschule-heinsberg.de\\\/fr\\\/#\\\/schema\\\/person\\\/acef6ad27ff279a319f9b21b92557a0f\"},\"headline\":\"F\u00eate du printemps 2023\",\"datePublished\":\"2023-03-25T14:12:23+00:00\",\"dateModified\":\"2024-03-07T08:03:21+00:00\",\"mainEntityOfPage\":{\"@id\":\"https:\\\/\\\/grundschule-heinsberg.de\\\/fr\\\/fete-du-printemps-2023\\\/\"},\"wordCount\":296,\"publisher\":{\"@id\":\"https:\\\/\\\/grundschule-heinsberg.de\\\/fr\\\/#organization\"},\"image\":{\"@id\":\"https:\\\/\\\/grundschule-heinsberg.de\\\/fr\\\/fete-du-printemps-2023\\\/#primaryimage\"},\"thumbnailUrl\":\"https:\\\/\\\/grundschule-heinsberg.de\\\/wp-content\\\/uploads\\\/2023\\\/05\\\/beautiful-flowers-flower-background-flower-wallpaper-1368187.jpg\",\"articleSection\":[\"2023\",\"\u00c9v\u00e9nements\",\"Non classifi\u00e9(e)\"],\"inLanguage\":\"fr-FR\"},{\"@type\":\"WebPage\",\"@id\":\"https:\\\/\\\/grundschule-heinsberg.de\\\/fr\\\/fete-du-printemps-2023\\\/\",\"url\":\"https:\\\/\\\/grundschule-heinsberg.de\\\/fr\\\/fete-du-printemps-2023\\\/\",\"name\":\"F\u00eate du printemps 2023 - St. Katharina Grundschule Heinsberg\",\"isPartOf\":{\"@id\":\"https:\\\/\\\/grundschule-heinsberg.de\\\/fr\\\/#website\"},\"primaryImageOfPage\":{\"@id\":\"https:\\\/\\\/grundschule-heinsberg.de\\\/fr\\\/fete-du-printemps-2023\\\/#primaryimage\"},\"image\":{\"@id\":\"https:\\\/\\\/grundschule-heinsberg.de\\\/fr\\\/fete-du-printemps-2023\\\/#primaryimage\"},\"thumbnailUrl\":\"https:\\\/\\\/grundschule-heinsberg.de\\\/wp-content\\\/uploads\\\/2023\\\/05\\\/beautiful-flowers-flower-background-flower-wallpaper-1368187.jpg\",\"datePublished\":\"2023-03-25T14:12:23+00:00\",\"dateModified\":\"2024-03-07T08:03:21+00:00\",\"breadcrumb\":{\"@id\":\"https:\\\/\\\/grundschule-heinsberg.de\\\/fr\\\/fete-du-printemps-2023\\\/#breadcrumb\"},\"inLanguage\":\"fr-FR\",\"potentialAction\":[{\"@type\":\"ReadAction\",\"target\":[\"https:\\\/\\\/grundschule-heinsberg.de\\\/fr\\\/fete-du-printemps-2023\\\/\"]}]},{\"@type\":\"ImageObject\",\"inLanguage\":\"fr-FR\",\"@id\":\"https:\\\/\\\/grundschule-heinsberg.de\\\/fr\\\/fete-du-printemps-2023\\\/#primaryimage\",\"url\":\"https:\\\/\\\/grundschule-heinsberg.de\\\/wp-content\\\/uploads\\\/2023\\\/05\\\/beautiful-flowers-flower-background-flower-wallpaper-1368187.jpg\",\"contentUrl\":\"https:\\\/\\\/grundschule-heinsberg.de\\\/wp-content\\\/uploads\\\/2023\\\/05\\\/beautiful-flowers-flower-background-flower-wallpaper-1368187.jpg\",\"width\":1200,\"height\":712},{\"@type\":\"BreadcrumbList\",\"@id\":\"https:\\\/\\\/grundschule-heinsberg.de\\\/fr\\\/fete-du-printemps-2023\\\/#breadcrumb\",\"itemListElement\":[{\"@type\":\"ListItem\",\"position\":1,\"name\":\"Startseite\",\"item\":\"https:\\\/\\\/grundschule-heinsberg.de\\\/fr\\\/\"},{\"@type\":\"ListItem\",\"position\":2,\"name\":\"F\u00eate du printemps 2023\"}]},{\"@type\":\"WebSite\",\"@id\":\"https:\\\/\\\/grundschule-heinsberg.de\\\/fr\\\/#website\",\"url\":\"https:\\\/\\\/grundschule-heinsberg.de\\\/fr\\\/\",\"name\":\"St. Katharina Grundschule Heinsberg\",\"description\":\"f\u00fcreinander, voneinander, gemeinsam und individuell: Hand in Hand auf dem Weg in die Zukunft\",\"publisher\":{\"@id\":\"https:\\\/\\\/grundschule-heinsberg.de\\\/fr\\\/#organization\"},\"potentialAction\":[{\"@type\":\"SearchAction\",\"target\":{\"@type\":\"EntryPoint\",\"urlTemplate\":\"https:\\\/\\\/grundschule-heinsberg.de\\\/fr\\\/?s={search_term_string}\"},\"query-input\":{\"@type\":\"PropertyValueSpecification\",\"valueRequired\":true,\"valueName\":\"search_term_string\"}}],\"inLanguage\":\"fr-FR\"},{\"@type\":\"Organization\",\"@id\":\"https:\\\/\\\/grundschule-heinsberg.de\\\/fr\\\/#organization\",\"name\":\"St. Katharina Grundschule Heinsberg\",\"url\":\"https:\\\/\\\/grundschule-heinsberg.de\\\/fr\\\/\",\"logo\":{\"@type\":\"ImageObject\",\"inLanguage\":\"fr-FR\",\"@id\":\"https:\\\/\\\/grundschule-heinsberg.de\\\/fr\\\/#\\\/schema\\\/logo\\\/image\\\/\",\"url\":\"https:\\\/\\\/grundschule-heinsberg.de\\\/wp-content\\\/uploads\\\/2023\\\/03\\\/230307_Grundschule-Heinsberg_Logo_RGB.svg\",\"contentUrl\":\"https:\\\/\\\/grundschule-heinsberg.de\\\/wp-content\\\/uploads\\\/2023\\\/03\\\/230307_Grundschule-Heinsberg_Logo_RGB.svg\",\"width\":311,\"height\":135,\"caption\":\"St. Katharina Grundschule Heinsberg\"},\"image\":{\"@id\":\"https:\\\/\\\/grundschule-heinsberg.de\\\/fr\\\/#\\\/schema\\\/logo\\\/image\\\/\"}},{\"@type\":\"Person\",\"@id\":\"https:\\\/\\\/grundschule-heinsberg.de\\\/fr\\\/#\\\/schema\\\/person\\\/acef6ad27ff279a319f9b21b92557a0f\",\"name\":\"admin_gr-he_idee-medien\",\"image\":{\"@type\":\"ImageObject\",\"inLanguage\":\"fr-FR\",\"@id\":\"https:\\\/\\\/secure.gravatar.com\\\/avatar\\\/3f7953307bc892878263237304aae9b6e18a6dbebdc94c81a7af7be19be0fdb4?s=96&d=mm&r=g\",\"url\":\"https:\\\/\\\/secure.gravatar.com\\\/avatar\\\/3f7953307bc892878263237304aae9b6e18a6dbebdc94c81a7af7be19be0fdb4?s=96&d=mm&r=g\",\"contentUrl\":\"https:\\\/\\\/secure.gravatar.com\\\/avatar\\\/3f7953307bc892878263237304aae9b6e18a6dbebdc94c81a7af7be19be0fdb4?s=96&d=mm&r=g\",\"caption\":\"admin_gr-he_idee-medien\"},\"sameAs\":[\"http:\\\/\\\/grundschule-heinsberg.de\"],\"url\":\"https:\\\/\\\/grundschule-heinsberg.de\\\/fr\\\/author\\\/admin_gr-he_idee-medien\\\/\"}]}<\/script>\n<!-- \/ Yoast SEO plugin. -->","yoast_head_json":{"title":"F\u00eate du printemps 2023 - St. Katharina Grundschule Heinsberg","robots":{"index":"index","follow":"follow","max-snippet":"max-snippet:-1","max-image-preview":"max-image-preview:large","max-video-preview":"max-video-preview:-1"},"canonical":"https:\/\/grundschule-heinsberg.de\/fr\/fete-du-printemps-2023\/","og_locale":"fr_FR","og_type":"article","og_title":"F\u00eate du printemps 2023 - St. Katharina Grundschule Heinsberg","og_description":"\u00ab\u00a0Quelle belle f\u00eate !\u00a0\u00bb Les parents et les enfants ainsi que le personnel* \u00e9taient du m\u00eame avis. Le temps printanier n&rsquo;a pas \u00e9t\u00e9 au rendez-vous, [&hellip;]","og_url":"https:\/\/grundschule-heinsberg.de\/fr\/fete-du-printemps-2023\/","og_site_name":"St. Katharina Grundschule Heinsberg","article_published_time":"2023-03-25T14:12:23+00:00","article_modified_time":"2024-03-07T08:03:21+00:00","og_image":[{"width":1200,"height":712,"url":"https:\/\/grundschule-heinsberg.de\/wp-content\/uploads\/2023\/05\/beautiful-flowers-flower-background-flower-wallpaper-1368187.jpg","type":"image\/jpeg"}],"author":"admin_gr-he_idee-medien","twitter_card":"summary_large_image","twitter_misc":{"\u00c9crit par":"admin_gr-he_idee-medien","Dur\u00e9e de lecture estim\u00e9e":"1 minute"},"schema":{"@context":"https:\/\/schema.org","@graph":[{"@type":"Article","@id":"https:\/\/grundschule-heinsberg.de\/fr\/fete-du-printemps-2023\/#article","isPartOf":{"@id":"https:\/\/grundschule-heinsberg.de\/fr\/fete-du-printemps-2023\/"},"author":{"name":"admin_gr-he_idee-medien","@id":"https:\/\/grundschule-heinsberg.de\/fr\/#\/schema\/person\/acef6ad27ff279a319f9b21b92557a0f"},"headline":"F\u00eate du printemps 2023","datePublished":"2023-03-25T14:12:23+00:00","dateModified":"2024-03-07T08:03:21+00:00","mainEntityOfPage":{"@id":"https:\/\/grundschule-heinsberg.de\/fr\/fete-du-printemps-2023\/"},"wordCount":296,"publisher":{"@id":"https:\/\/grundschule-heinsberg.de\/fr\/#organization"},"image":{"@id":"https:\/\/grundschule-heinsberg.de\/fr\/fete-du-printemps-2023\/#primaryimage"},"thumbnailUrl":"https:\/\/grundschule-heinsberg.de\/wp-content\/uploads\/2023\/05\/beautiful-flowers-flower-background-flower-wallpaper-1368187.jpg","articleSection":["2023","\u00c9v\u00e9nements","Non classifi\u00e9(e)"],"inLanguage":"fr-FR"},{"@type":"WebPage","@id":"https:\/\/grundschule-heinsberg.de\/fr\/fete-du-printemps-2023\/","url":"https:\/\/grundschule-heinsberg.de\/fr\/fete-du-printemps-2023\/","name":"F\u00eate du printemps 2023 - St. Katharina Grundschule Heinsberg","isPartOf":{"@id":"https:\/\/grundschule-heinsberg.de\/fr\/#website"},"primaryImageOfPage":{"@id":"https:\/\/grundschule-heinsberg.de\/fr\/fete-du-printemps-2023\/#primaryimage"},"image":{"@id":"https:\/\/grundschule-heinsberg.de\/fr\/fete-du-printemps-2023\/#primaryimage"},"thumbnailUrl":"https:\/\/grundschule-heinsberg.de\/wp-content\/uploads\/2023\/05\/beautiful-flowers-flower-background-flower-wallpaper-1368187.jpg","datePublished":"2023-03-25T14:12:23+00:00","dateModified":"2024-03-07T08:03:21+00:00","breadcrumb":{"@id":"https:\/\/grundschule-heinsberg.de\/fr\/fete-du-printemps-2023\/#breadcrumb"},"inLanguage":"fr-FR","potentialAction":[{"@type":"ReadAction","target":["https:\/\/grundschule-heinsberg.de\/fr\/fete-du-printemps-2023\/"]}]},{"@type":"ImageObject","inLanguage":"fr-FR","@id":"https:\/\/grundschule-heinsberg.de\/fr\/fete-du-printemps-2023\/#primaryimage","url":"https:\/\/grundschule-heinsberg.de\/wp-content\/uploads\/2023\/05\/beautiful-flowers-flower-background-flower-wallpaper-1368187.jpg","contentUrl":"https:\/\/grundschule-heinsberg.de\/wp-content\/uploads\/2023\/05\/beautiful-flowers-flower-background-flower-wallpaper-1368187.jpg","width":1200,"height":712},{"@type":"BreadcrumbList","@id":"https:\/\/grundschule-heinsberg.de\/fr\/fete-du-printemps-2023\/#breadcrumb","itemListElement":[{"@type":"ListItem","position":1,"name":"Startseite","item":"https:\/\/grundschule-heinsberg.de\/fr\/"},{"@type":"ListItem","position":2,"name":"F\u00eate du printemps 2023"}]},{"@type":"WebSite","@id":"https:\/\/grundschule-heinsberg.de\/fr\/#website","url":"https:\/\/grundschule-heinsberg.de\/fr\/","name":"St. Katharina Grundschule Heinsberg","description":"f\u00fcreinander, voneinander, gemeinsam und individuell: Hand in Hand auf dem Weg in die Zukunft","publisher":{"@id":"https:\/\/grundschule-heinsberg.de\/fr\/#organization"},"potentialAction":[{"@type":"SearchAction","target":{"@type":"EntryPoint","urlTemplate":"https:\/\/grundschule-heinsberg.de\/fr\/?s={search_term_string}"},"query-input":{"@type":"PropertyValueSpecification","valueRequired":true,"valueName":"search_term_string"}}],"inLanguage":"fr-FR"},{"@type":"Organization","@id":"https:\/\/grundschule-heinsberg.de\/fr\/#organization","name":"St. Katharina Grundschule Heinsberg","url":"https:\/\/grundschule-heinsberg.de\/fr\/","logo":{"@type":"ImageObject","inLanguage":"fr-FR","@id":"https:\/\/grundschule-heinsberg.de\/fr\/#\/schema\/logo\/image\/","url":"https:\/\/grundschule-heinsberg.de\/wp-content\/uploads\/2023\/03\/230307_Grundschule-Heinsberg_Logo_RGB.svg","contentUrl":"https:\/\/grundschule-heinsberg.de\/wp-content\/uploads\/2023\/03\/230307_Grundschule-Heinsberg_Logo_RGB.svg","width":311,"height":135,"caption":"St. Katharina Grundschule Heinsberg"},"image":{"@id":"https:\/\/grundschule-heinsberg.de\/fr\/#\/schema\/logo\/image\/"}},{"@type":"Person","@id":"https:\/\/grundschule-heinsberg.de\/fr\/#\/schema\/person\/acef6ad27ff279a319f9b21b92557a0f","name":"admin_gr-he_idee-medien","image":{"@type":"ImageObject","inLanguage":"fr-FR","@id":"https:\/\/secure.gravatar.com\/avatar\/3f7953307bc892878263237304aae9b6e18a6dbebdc94c81a7af7be19be0fdb4?s=96&d=mm&r=g","url":"https:\/\/secure.gravatar.com\/avatar\/3f7953307bc892878263237304aae9b6e18a6dbebdc94c81a7af7be19be0fdb4?s=96&d=mm&r=g","contentUrl":"https:\/\/secure.gravatar.com\/avatar\/3f7953307bc892878263237304aae9b6e18a6dbebdc94c81a7af7be19be0fdb4?s=96&d=mm&r=g","caption":"admin_gr-he_idee-medien"},"sameAs":["http:\/\/grundschule-heinsberg.de"],"url":"https:\/\/grundschule-heinsberg.de\/fr\/author\/admin_gr-he_idee-medien\/"}]}},"_links":{"self":[{"href":"https:\/\/grundschule-heinsberg.de\/fr\/wp-json\/wp\/v2\/posts\/5158","targetHints":{"allow":["GET"]}}],"collection":[{"href":"https:\/\/grundschule-heinsberg.de\/fr\/wp-json\/wp\/v2\/posts"}],"about":[{"href":"https:\/\/grundschule-heinsberg.de\/fr\/wp-json\/wp\/v2\/types\/post"}],"author":[{"embeddable":true,"href":"https:\/\/grundschule-heinsberg.de\/fr\/wp-json\/wp\/v2\/users\/1"}],"replies":[{"embeddable":true,"href":"https:\/\/grundschule-heinsberg.de\/fr\/wp-json\/wp\/v2\/comments?post=5158"}],"version-history":[{"count":0,"href":"https:\/\/grundschule-heinsberg.de\/fr\/wp-json\/wp\/v2\/posts\/5158\/revisions"}],"wp:featuredmedia":[{"embeddable":true,"href":"https:\/\/grundschule-heinsberg.de\/fr\/wp-json\/wp\/v2\/media\/5161"}],"wp:attachment":[{"href":"https:\/\/grundschule-heinsberg.de\/fr\/wp-json\/wp\/v2\/media?parent=5158"}],"wp:term":[{"taxonomy":"category","embeddable":true,"href":"https:\/\/grundschule-heinsberg.de\/fr\/wp-json\/wp\/v2\/categories?post=5158"},{"taxonomy":"post_tag","embeddable":true,"href":"https:\/\/grundschule-heinsberg.de\/fr\/wp-json\/wp\/v2\/tags?post=5158"}],"curies":[{"name":"wp","href":"https:\/\/api.w.org\/{rel}","templated":true}]}}