{"id":5258,"date":"2022-12-16T16:40:00","date_gmt":"2022-12-16T15:40:00","guid":{"rendered":"https:\/\/grundschule-heinsberg.de\/journee-des-grands-parents-2022\/"},"modified":"2024-03-07T11:01:12","modified_gmt":"2024-03-07T10:01:12","slug":"journee-des-grands-parents-2022","status":"publish","type":"post","link":"https:\/\/grundschule-heinsberg.de\/fr\/journee-des-grands-parents-2022\/","title":{"rendered":"Journ\u00e9e des grands-parents 2022"},"content":{"rendered":"\t\t<div data-elementor-type=\"wp-post\" data-elementor-id=\"5258\" class=\"elementor elementor-5258 elementor-793\">\n\t\t\t\t\t\t<section class=\"elementor-section elementor-top-section elementor-element elementor-element-be4e28b elementor-section-boxed elementor-section-height-default elementor-section-height-default\" data-id=\"be4e28b\" data-element_type=\"section\">\n\t\t\t\t\t\t<div class=\"elementor-container elementor-column-gap-default\">\n\t\t\t\t\t<div class=\"elementor-column elementor-col-100 elementor-top-column elementor-element elementor-element-084c892\" data-id=\"084c892\" data-element_type=\"column\">\n\t\t\t<div class=\"elementor-widget-wrap elementor-element-populated\">\n\t\t\t\t\t\t<div class=\"elementor-element elementor-element-716ac6f elementor-widget elementor-widget-text-editor\" data-id=\"716ac6f\" data-element_type=\"widget\" data-widget_type=\"text-editor.default\">\n\t\t\t\t<div class=\"elementor-widget-container\">\n\t\t\t\t\t\t\t\t\t<div class=\"et_pb_row et_pb_row_0\">\n<div class=\"et_pb_column et_pb_column_4_4 et_pb_column_0 et_pb_css_mix_blend_mode_passthrough et-last-child\">\n<div class=\"et_pb_module et_pb_text et_pb_text_0 et_pb_text_align_left et_pb_bg_layout_light\">\n<div class=\"et_pb_text_inner\">\n<p>Apr\u00e8s une pause de deux ans, due \u00e0 la pand\u00e9mie, la journ\u00e9e des grands-parents a enfin pu avoir lieu \u00e0 l&rsquo;\u00e9cole primaire Sainte-Catherine. La salle de tir d\u00e9cor\u00e9e pour No\u00ebl, mise \u00e0 disposition par le club de tir pour la f\u00eate, s&rsquo;est rapidement remplie le vendredi matin. La c\u00e9l\u00e9bration a commenc\u00e9 par une messe et s&rsquo;est poursuivie par un programme vari\u00e9.<br>Tous les grands-parents ont trouv\u00e9 une place assise et ont ensuite pris un copieux petit-d\u00e9jeuner avec leurs petits-enfants autour de la longue table d\u00e9cor\u00e9e.<\/p>\n<p>La veille, les parents, aid\u00e9s par les enseignantes et le concierge, avaient d\u00e9j\u00e0 am\u00e9nag\u00e9 et d\u00e9cor\u00e9 la salle de tir. Les parents avaient \u00e9galement pr\u00e9vu de quoi se restaurer en offrant des g\u00e2teaux et des sandwichs.<\/p>\n<p>L&rsquo;ambiance de No\u00ebl s&rsquo;est rapidement install\u00e9e gr\u00e2ce aux pi\u00e8ces de No\u00ebl des \u00e9l\u00e8ves de troisi\u00e8me et de quatri\u00e8me ann\u00e9e. De nombreux spectacles et chansons, \u00e9galement pr\u00e9par\u00e9s par les \u00e9l\u00e8ves de premi\u00e8re et deuxi\u00e8me ann\u00e9e, ont suivi. Pour finir, tout le monde a chant\u00e9 \u00ab\u00a0Merry Christmas\u00a0\u00bb en grand groupe. C&rsquo;est sur ce message de No\u00ebl que s&rsquo;est termin\u00e9e la c\u00e9r\u00e9monie. Les grands-parents ont quitt\u00e9 la f\u00eate de No\u00ebl avec des visages radieux et les yeux brillants des enfants ont \u00e9galement montr\u00e9 que les pr\u00e9paratifs laborieux avaient une fois de plus port\u00e9 leurs fruits.<\/p>\n<p>Un grand merci \u00e0 tous les b\u00e9n\u00e9voles qui ont rendu cette journ\u00e9e possible.<\/p>\n<\/div>\n<\/div>\n<\/div>\n<\/div>\t\t\t\t\t\t\t\t<\/div>\n\t\t\t\t<\/div>\n\t\t\t\t<div class=\"elementor-element elementor-element-18cec50 gallery-spacing-custom elementor-widget elementor-widget-image-gallery\" data-id=\"18cec50\" data-element_type=\"widget\" data-widget_type=\"image-gallery.default\">\n\t\t\t\t<div class=\"elementor-widget-container\">\n\t\t\t\t\t\t\t<div class=\"elementor-image-gallery\">\n\t\t\t<div id='gallery-1' class='gallery galleryid-5258 gallery-columns-2 gallery-size-medium_large'><figure class='gallery-item'>\n\t\t\t<div class='gallery-icon landscape'>\n\t\t\t\t<a data-elementor-open-lightbox=\"yes\" data-elementor-lightbox-slideshow=\"18cec50\" data-elementor-lightbox-title=\"grosselternsingen-2022_IMG_2535\" data-e-action-hash=\"#elementor-action%3Aaction%3Dlightbox%26settings%3DeyJpZCI6ODAwLCJ1cmwiOiJodHRwczpcL1wvZ3J1bmRzY2h1bGUtaGVpbnNiZXJnLmRlXC93cC1jb250ZW50XC91cGxvYWRzXC8yMDIzXC8wM1wvZ3Jvc3NlbHRlcm5zaW5nZW4tMjAyMl9JTUdfMjUzNS5qcGciLCJzbGlkZXNob3ciOiIxOGNlYzUwIn0%3D\" href='https:\/\/grundschule-heinsberg.de\/wp-content\/uploads\/2023\/03\/grosselternsingen-2022_IMG_2535.jpg'><img fetchpriority=\"high\" decoding=\"async\" width=\"640\" height=\"480\" src=\"https:\/\/grundschule-heinsberg.de\/wp-content\/uploads\/2023\/03\/grosselternsingen-2022_IMG_2535.jpg\" class=\"attachment-medium_large size-medium_large\" alt=\"\" srcset=\"https:\/\/grundschule-heinsberg.de\/wp-content\/uploads\/2023\/03\/grosselternsingen-2022_IMG_2535.jpg 640w, https:\/\/grundschule-heinsberg.de\/wp-content\/uploads\/2023\/03\/grosselternsingen-2022_IMG_2535-300x225.jpg 300w\" sizes=\"(max-width: 640px) 100vw, 640px\" \/><\/a>\n\t\t\t<\/div><\/figure><figure class='gallery-item'>\n\t\t\t<div class='gallery-icon landscape'>\n\t\t\t\t<a data-elementor-open-lightbox=\"yes\" data-elementor-lightbox-slideshow=\"18cec50\" data-elementor-lightbox-title=\"grosselternsingen-2022_IMG_2544\" data-e-action-hash=\"#elementor-action%3Aaction%3Dlightbox%26settings%3DeyJpZCI6ODAxLCJ1cmwiOiJodHRwczpcL1wvZ3J1bmRzY2h1bGUtaGVpbnNiZXJnLmRlXC93cC1jb250ZW50XC91cGxvYWRzXC8yMDIzXC8wM1wvZ3Jvc3NlbHRlcm5zaW5nZW4tMjAyMl9JTUdfMjU0NC5qcGciLCJzbGlkZXNob3ciOiIxOGNlYzUwIn0%3D\" href='https:\/\/grundschule-heinsberg.de\/wp-content\/uploads\/2023\/03\/grosselternsingen-2022_IMG_2544.jpg'><img decoding=\"async\" width=\"768\" height=\"576\" src=\"https:\/\/grundschule-heinsberg.de\/wp-content\/uploads\/2023\/03\/grosselternsingen-2022_IMG_2544-768x576.jpg\" class=\"attachment-medium_large size-medium_large\" alt=\"\" srcset=\"https:\/\/grundschule-heinsberg.de\/wp-content\/uploads\/2023\/03\/grosselternsingen-2022_IMG_2544-768x576.jpg 768w, https:\/\/grundschule-heinsberg.de\/wp-content\/uploads\/2023\/03\/grosselternsingen-2022_IMG_2544-300x225.jpg 300w, https:\/\/grundschule-heinsberg.de\/wp-content\/uploads\/2023\/03\/grosselternsingen-2022_IMG_2544-1024x768.jpg 1024w, https:\/\/grundschule-heinsberg.de\/wp-content\/uploads\/2023\/03\/grosselternsingen-2022_IMG_2544-1536x1152.jpg 1536w, https:\/\/grundschule-heinsberg.de\/wp-content\/uploads\/2023\/03\/grosselternsingen-2022_IMG_2544-2048x1536.jpg 2048w\" sizes=\"(max-width: 768px) 100vw, 768px\" \/><\/a>\n\t\t\t<\/div><\/figure><figure class='gallery-item'>\n\t\t\t<div class='gallery-icon landscape'>\n\t\t\t\t<a data-elementor-open-lightbox=\"yes\" data-elementor-lightbox-slideshow=\"18cec50\" data-elementor-lightbox-title=\"grosselternsingen-2022_IMG_2549\" data-e-action-hash=\"#elementor-action%3Aaction%3Dlightbox%26settings%3DeyJpZCI6ODAyLCJ1cmwiOiJodHRwczpcL1wvZ3J1bmRzY2h1bGUtaGVpbnNiZXJnLmRlXC93cC1jb250ZW50XC91cGxvYWRzXC8yMDIzXC8wM1wvZ3Jvc3NlbHRlcm5zaW5nZW4tMjAyMl9JTUdfMjU0OS5qcGciLCJzbGlkZXNob3ciOiIxOGNlYzUwIn0%3D\" href='https:\/\/grundschule-heinsberg.de\/wp-content\/uploads\/2023\/03\/grosselternsingen-2022_IMG_2549.jpg'><img decoding=\"async\" width=\"640\" height=\"480\" src=\"https:\/\/grundschule-heinsberg.de\/wp-content\/uploads\/2023\/03\/grosselternsingen-2022_IMG_2549.jpg\" class=\"attachment-medium_large size-medium_large\" alt=\"\" srcset=\"https:\/\/grundschule-heinsberg.de\/wp-content\/uploads\/2023\/03\/grosselternsingen-2022_IMG_2549.jpg 640w, https:\/\/grundschule-heinsberg.de\/wp-content\/uploads\/2023\/03\/grosselternsingen-2022_IMG_2549-300x225.jpg 300w\" sizes=\"(max-width: 640px) 100vw, 640px\" \/><\/a>\n\t\t\t<\/div><\/figure>\n\t\t<\/div>\n\t\t<\/div>\n\t\t\t\t\t\t<\/div>\n\t\t\t\t<\/div>\n\t\t\t\t\t<\/div>\n\t\t<\/div>\n\t\t\t\t\t<\/div>\n\t\t<\/section>\n\t\t\t\t<\/div>\n\t\t","protected":false},"excerpt":{"rendered":"<p>Apr\u00e8s une pause de deux ans, due \u00e0 la pand\u00e9mie, la journ\u00e9e des grands-parents a enfin pu avoir lieu \u00e0 l&rsquo;\u00e9cole primaire Sainte-Catherine. La salle [&hellip;]<\/p>\n","protected":false},"author":1,"featured_media":5259,"comment_status":"closed","ping_status":"closed","sticky":false,"template":"","format":"standard","meta":{"inline_featured_image":false,"site-sidebar-layout":"default","site-content-layout":"","ast-site-content-layout":"default","site-content-style":"default","site-sidebar-style":"default","ast-global-header-display":"","ast-banner-title-visibility":"","ast-main-header-display":"","ast-hfb-above-header-display":"","ast-hfb-below-header-display":"","ast-hfb-mobile-header-display":"","site-post-title":"","ast-breadcrumbs-content":"","ast-featured-img":"","footer-sml-layout":"","ast-disable-related-posts":"","theme-transparent-header-meta":"","adv-header-id-meta":"","stick-header-meta":"","header-above-stick-meta":"","header-main-stick-meta":"","header-below-stick-meta":"","astra-migrate-meta-layouts":"default","ast-page-background-enabled":"default","ast-page-background-meta":{"desktop":{"background-color":"","background-image":"","background-repeat":"repeat","background-position":"center center","background-size":"auto","background-attachment":"scroll","background-type":"","background-media":"","overlay-type":"","overlay-color":"","overlay-opacity":"","overlay-gradient":""},"tablet":{"background-color":"","background-image":"","background-repeat":"repeat","background-position":"center center","background-size":"auto","background-attachment":"scroll","background-type":"","background-media":"","overlay-type":"","overlay-color":"","overlay-opacity":"","overlay-gradient":""},"mobile":{"background-color":"","background-image":"","background-repeat":"repeat","background-position":"center center","background-size":"auto","background-attachment":"scroll","background-type":"","background-media":"","overlay-type":"","overlay-color":"","overlay-opacity":"","overlay-gradient":""}},"ast-content-background-meta":{"desktop":{"background-color":"var(--ast-global-color-5)","background-image":"","background-repeat":"repeat","background-position":"center center","background-size":"auto","background-attachment":"scroll","background-type":"","background-media":"","overlay-type":"","overlay-color":"","overlay-opacity":"","overlay-gradient":""},"tablet":{"background-color":"var(--ast-global-color-5)","background-image":"","background-repeat":"repeat","background-position":"center center","background-size":"auto","background-attachment":"scroll","background-type":"","background-media":"","overlay-type":"","overlay-color":"","overlay-opacity":"","overlay-gradient":""},"mobile":{"background-color":"var(--ast-global-color-5)","background-image":"","background-repeat":"repeat","background-position":"center center","background-size":"auto","background-attachment":"scroll","background-type":"","background-media":"","overlay-type":"","overlay-color":"","overlay-opacity":"","overlay-gradient":""}},"footnotes":""},"categories":[79,75],"tags":[],"class_list":["post-5258","post","type-post","status-publish","format-standard","has-post-thumbnail","hentry","category-2022-fr","category-evenements"],"yoast_head":"<!-- This site is optimized with the Yoast SEO plugin v27.5 - https:\/\/yoast.com\/product\/yoast-seo-wordpress\/ -->\n<title>Journ\u00e9e des grands-parents 2022 - St. Katharina Grundschule Heinsberg<\/title>\n<meta name=\"robots\" content=\"index, follow, max-snippet:-1, max-image-preview:large, max-video-preview:-1\" \/>\n<link rel=\"canonical\" href=\"https:\/\/grundschule-heinsberg.de\/fr\/journee-des-grands-parents-2022\/\" \/>\n<meta property=\"og:locale\" content=\"fr_FR\" \/>\n<meta property=\"og:type\" content=\"article\" \/>\n<meta property=\"og:title\" content=\"Journ\u00e9e des grands-parents 2022 - St. Katharina Grundschule Heinsberg\" \/>\n<meta property=\"og:description\" content=\"Apr\u00e8s une pause de deux ans, due \u00e0 la pand\u00e9mie, la journ\u00e9e des grands-parents a enfin pu avoir lieu \u00e0 l&rsquo;\u00e9cole primaire Sainte-Catherine. La salle [&hellip;]\" \/>\n<meta property=\"og:url\" content=\"https:\/\/grundschule-heinsberg.de\/fr\/journee-des-grands-parents-2022\/\" \/>\n<meta property=\"og:site_name\" content=\"St. Katharina Grundschule Heinsberg\" \/>\n<meta property=\"article:published_time\" content=\"2022-12-16T15:40:00+00:00\" \/>\n<meta property=\"article:modified_time\" content=\"2024-03-07T10:01:12+00:00\" \/>\n<meta property=\"og:image\" content=\"https:\/\/grundschule-heinsberg.de\/wp-content\/uploads\/2023\/03\/christmas-christmas-music-christmas-concert-7625951.png\" \/>\n\t<meta property=\"og:image:width\" content=\"1280\" \/>\n\t<meta property=\"og:image:height\" content=\"853\" \/>\n\t<meta property=\"og:image:type\" content=\"image\/png\" \/>\n<meta name=\"author\" content=\"admin_gr-he_idee-medien\" \/>\n<meta name=\"twitter:card\" content=\"summary_large_image\" \/>\n<meta name=\"twitter:label1\" content=\"\u00c9crit par\" \/>\n\t<meta name=\"twitter:data1\" content=\"admin_gr-he_idee-medien\" \/>\n\t<meta name=\"twitter:label2\" content=\"Dur\u00e9e de lecture estim\u00e9e\" \/>\n\t<meta name=\"twitter:data2\" content=\"1 minute\" \/>\n<script type=\"application\/ld+json\" class=\"yoast-schema-graph\">{\"@context\":\"https:\\\/\\\/schema.org\",\"@graph\":[{\"@type\":\"Article\",\"@id\":\"https:\\\/\\\/grundschule-heinsberg.de\\\/fr\\\/journee-des-grands-parents-2022\\\/#article\",\"isPartOf\":{\"@id\":\"https:\\\/\\\/grundschule-heinsberg.de\\\/fr\\\/journee-des-grands-parents-2022\\\/\"},\"author\":{\"name\":\"admin_gr-he_idee-medien\",\"@id\":\"https:\\\/\\\/grundschule-heinsberg.de\\\/fr\\\/#\\\/schema\\\/person\\\/acef6ad27ff279a319f9b21b92557a0f\"},\"headline\":\"Journ\u00e9e des grands-parents 2022\",\"datePublished\":\"2022-12-16T15:40:00+00:00\",\"dateModified\":\"2024-03-07T10:01:12+00:00\",\"mainEntityOfPage\":{\"@id\":\"https:\\\/\\\/grundschule-heinsberg.de\\\/fr\\\/journee-des-grands-parents-2022\\\/\"},\"wordCount\":276,\"publisher\":{\"@id\":\"https:\\\/\\\/grundschule-heinsberg.de\\\/fr\\\/#organization\"},\"image\":{\"@id\":\"https:\\\/\\\/grundschule-heinsberg.de\\\/fr\\\/journee-des-grands-parents-2022\\\/#primaryimage\"},\"thumbnailUrl\":\"https:\\\/\\\/grundschule-heinsberg.de\\\/wp-content\\\/uploads\\\/2023\\\/03\\\/christmas-christmas-music-christmas-concert-7625951.png\",\"articleSection\":[\"2022\",\"\u00c9v\u00e9nements\"],\"inLanguage\":\"fr-FR\"},{\"@type\":\"WebPage\",\"@id\":\"https:\\\/\\\/grundschule-heinsberg.de\\\/fr\\\/journee-des-grands-parents-2022\\\/\",\"url\":\"https:\\\/\\\/grundschule-heinsberg.de\\\/fr\\\/journee-des-grands-parents-2022\\\/\",\"name\":\"Journ\u00e9e des grands-parents 2022 - St. Katharina Grundschule Heinsberg\",\"isPartOf\":{\"@id\":\"https:\\\/\\\/grundschule-heinsberg.de\\\/fr\\\/#website\"},\"primaryImageOfPage\":{\"@id\":\"https:\\\/\\\/grundschule-heinsberg.de\\\/fr\\\/journee-des-grands-parents-2022\\\/#primaryimage\"},\"image\":{\"@id\":\"https:\\\/\\\/grundschule-heinsberg.de\\\/fr\\\/journee-des-grands-parents-2022\\\/#primaryimage\"},\"thumbnailUrl\":\"https:\\\/\\\/grundschule-heinsberg.de\\\/wp-content\\\/uploads\\\/2023\\\/03\\\/christmas-christmas-music-christmas-concert-7625951.png\",\"datePublished\":\"2022-12-16T15:40:00+00:00\",\"dateModified\":\"2024-03-07T10:01:12+00:00\",\"breadcrumb\":{\"@id\":\"https:\\\/\\\/grundschule-heinsberg.de\\\/fr\\\/journee-des-grands-parents-2022\\\/#breadcrumb\"},\"inLanguage\":\"fr-FR\",\"potentialAction\":[{\"@type\":\"ReadAction\",\"target\":[\"https:\\\/\\\/grundschule-heinsberg.de\\\/fr\\\/journee-des-grands-parents-2022\\\/\"]}]},{\"@type\":\"ImageObject\",\"inLanguage\":\"fr-FR\",\"@id\":\"https:\\\/\\\/grundschule-heinsberg.de\\\/fr\\\/journee-des-grands-parents-2022\\\/#primaryimage\",\"url\":\"https:\\\/\\\/grundschule-heinsberg.de\\\/wp-content\\\/uploads\\\/2023\\\/03\\\/christmas-christmas-music-christmas-concert-7625951.png\",\"contentUrl\":\"https:\\\/\\\/grundschule-heinsberg.de\\\/wp-content\\\/uploads\\\/2023\\\/03\\\/christmas-christmas-music-christmas-concert-7625951.png\",\"width\":1280,\"height\":853},{\"@type\":\"BreadcrumbList\",\"@id\":\"https:\\\/\\\/grundschule-heinsberg.de\\\/fr\\\/journee-des-grands-parents-2022\\\/#breadcrumb\",\"itemListElement\":[{\"@type\":\"ListItem\",\"position\":1,\"name\":\"Startseite\",\"item\":\"https:\\\/\\\/grundschule-heinsberg.de\\\/fr\\\/\"},{\"@type\":\"ListItem\",\"position\":2,\"name\":\"Journ\u00e9e des grands-parents 2022\"}]},{\"@type\":\"WebSite\",\"@id\":\"https:\\\/\\\/grundschule-heinsberg.de\\\/fr\\\/#website\",\"url\":\"https:\\\/\\\/grundschule-heinsberg.de\\\/fr\\\/\",\"name\":\"St. Katharina Grundschule Heinsberg\",\"description\":\"f\u00fcreinander, voneinander, gemeinsam und individuell: Hand in Hand auf dem Weg in die Zukunft\",\"publisher\":{\"@id\":\"https:\\\/\\\/grundschule-heinsberg.de\\\/fr\\\/#organization\"},\"potentialAction\":[{\"@type\":\"SearchAction\",\"target\":{\"@type\":\"EntryPoint\",\"urlTemplate\":\"https:\\\/\\\/grundschule-heinsberg.de\\\/fr\\\/?s={search_term_string}\"},\"query-input\":{\"@type\":\"PropertyValueSpecification\",\"valueRequired\":true,\"valueName\":\"search_term_string\"}}],\"inLanguage\":\"fr-FR\"},{\"@type\":\"Organization\",\"@id\":\"https:\\\/\\\/grundschule-heinsberg.de\\\/fr\\\/#organization\",\"name\":\"St. Katharina Grundschule Heinsberg\",\"url\":\"https:\\\/\\\/grundschule-heinsberg.de\\\/fr\\\/\",\"logo\":{\"@type\":\"ImageObject\",\"inLanguage\":\"fr-FR\",\"@id\":\"https:\\\/\\\/grundschule-heinsberg.de\\\/fr\\\/#\\\/schema\\\/logo\\\/image\\\/\",\"url\":\"https:\\\/\\\/grundschule-heinsberg.de\\\/wp-content\\\/uploads\\\/2023\\\/03\\\/230307_Grundschule-Heinsberg_Logo_RGB.svg\",\"contentUrl\":\"https:\\\/\\\/grundschule-heinsberg.de\\\/wp-content\\\/uploads\\\/2023\\\/03\\\/230307_Grundschule-Heinsberg_Logo_RGB.svg\",\"width\":311,\"height\":135,\"caption\":\"St. Katharina Grundschule Heinsberg\"},\"image\":{\"@id\":\"https:\\\/\\\/grundschule-heinsberg.de\\\/fr\\\/#\\\/schema\\\/logo\\\/image\\\/\"}},{\"@type\":\"Person\",\"@id\":\"https:\\\/\\\/grundschule-heinsberg.de\\\/fr\\\/#\\\/schema\\\/person\\\/acef6ad27ff279a319f9b21b92557a0f\",\"name\":\"admin_gr-he_idee-medien\",\"image\":{\"@type\":\"ImageObject\",\"inLanguage\":\"fr-FR\",\"@id\":\"https:\\\/\\\/secure.gravatar.com\\\/avatar\\\/3f7953307bc892878263237304aae9b6e18a6dbebdc94c81a7af7be19be0fdb4?s=96&d=mm&r=g\",\"url\":\"https:\\\/\\\/secure.gravatar.com\\\/avatar\\\/3f7953307bc892878263237304aae9b6e18a6dbebdc94c81a7af7be19be0fdb4?s=96&d=mm&r=g\",\"contentUrl\":\"https:\\\/\\\/secure.gravatar.com\\\/avatar\\\/3f7953307bc892878263237304aae9b6e18a6dbebdc94c81a7af7be19be0fdb4?s=96&d=mm&r=g\",\"caption\":\"admin_gr-he_idee-medien\"},\"sameAs\":[\"http:\\\/\\\/grundschule-heinsberg.de\"],\"url\":\"https:\\\/\\\/grundschule-heinsberg.de\\\/fr\\\/author\\\/admin_gr-he_idee-medien\\\/\"}]}<\/script>\n<!-- \/ Yoast SEO plugin. -->","yoast_head_json":{"title":"Journ\u00e9e des grands-parents 2022 - St. Katharina Grundschule Heinsberg","robots":{"index":"index","follow":"follow","max-snippet":"max-snippet:-1","max-image-preview":"max-image-preview:large","max-video-preview":"max-video-preview:-1"},"canonical":"https:\/\/grundschule-heinsberg.de\/fr\/journee-des-grands-parents-2022\/","og_locale":"fr_FR","og_type":"article","og_title":"Journ\u00e9e des grands-parents 2022 - St. Katharina Grundschule Heinsberg","og_description":"Apr\u00e8s une pause de deux ans, due \u00e0 la pand\u00e9mie, la journ\u00e9e des grands-parents a enfin pu avoir lieu \u00e0 l&rsquo;\u00e9cole primaire Sainte-Catherine. La salle [&hellip;]","og_url":"https:\/\/grundschule-heinsberg.de\/fr\/journee-des-grands-parents-2022\/","og_site_name":"St. Katharina Grundschule Heinsberg","article_published_time":"2022-12-16T15:40:00+00:00","article_modified_time":"2024-03-07T10:01:12+00:00","og_image":[{"width":1280,"height":853,"url":"https:\/\/grundschule-heinsberg.de\/wp-content\/uploads\/2023\/03\/christmas-christmas-music-christmas-concert-7625951.png","type":"image\/png"}],"author":"admin_gr-he_idee-medien","twitter_card":"summary_large_image","twitter_misc":{"\u00c9crit par":"admin_gr-he_idee-medien","Dur\u00e9e de lecture estim\u00e9e":"1 minute"},"schema":{"@context":"https:\/\/schema.org","@graph":[{"@type":"Article","@id":"https:\/\/grundschule-heinsberg.de\/fr\/journee-des-grands-parents-2022\/#article","isPartOf":{"@id":"https:\/\/grundschule-heinsberg.de\/fr\/journee-des-grands-parents-2022\/"},"author":{"name":"admin_gr-he_idee-medien","@id":"https:\/\/grundschule-heinsberg.de\/fr\/#\/schema\/person\/acef6ad27ff279a319f9b21b92557a0f"},"headline":"Journ\u00e9e des grands-parents 2022","datePublished":"2022-12-16T15:40:00+00:00","dateModified":"2024-03-07T10:01:12+00:00","mainEntityOfPage":{"@id":"https:\/\/grundschule-heinsberg.de\/fr\/journee-des-grands-parents-2022\/"},"wordCount":276,"publisher":{"@id":"https:\/\/grundschule-heinsberg.de\/fr\/#organization"},"image":{"@id":"https:\/\/grundschule-heinsberg.de\/fr\/journee-des-grands-parents-2022\/#primaryimage"},"thumbnailUrl":"https:\/\/grundschule-heinsberg.de\/wp-content\/uploads\/2023\/03\/christmas-christmas-music-christmas-concert-7625951.png","articleSection":["2022","\u00c9v\u00e9nements"],"inLanguage":"fr-FR"},{"@type":"WebPage","@id":"https:\/\/grundschule-heinsberg.de\/fr\/journee-des-grands-parents-2022\/","url":"https:\/\/grundschule-heinsberg.de\/fr\/journee-des-grands-parents-2022\/","name":"Journ\u00e9e des grands-parents 2022 - St. Katharina Grundschule Heinsberg","isPartOf":{"@id":"https:\/\/grundschule-heinsberg.de\/fr\/#website"},"primaryImageOfPage":{"@id":"https:\/\/grundschule-heinsberg.de\/fr\/journee-des-grands-parents-2022\/#primaryimage"},"image":{"@id":"https:\/\/grundschule-heinsberg.de\/fr\/journee-des-grands-parents-2022\/#primaryimage"},"thumbnailUrl":"https:\/\/grundschule-heinsberg.de\/wp-content\/uploads\/2023\/03\/christmas-christmas-music-christmas-concert-7625951.png","datePublished":"2022-12-16T15:40:00+00:00","dateModified":"2024-03-07T10:01:12+00:00","breadcrumb":{"@id":"https:\/\/grundschule-heinsberg.de\/fr\/journee-des-grands-parents-2022\/#breadcrumb"},"inLanguage":"fr-FR","potentialAction":[{"@type":"ReadAction","target":["https:\/\/grundschule-heinsberg.de\/fr\/journee-des-grands-parents-2022\/"]}]},{"@type":"ImageObject","inLanguage":"fr-FR","@id":"https:\/\/grundschule-heinsberg.de\/fr\/journee-des-grands-parents-2022\/#primaryimage","url":"https:\/\/grundschule-heinsberg.de\/wp-content\/uploads\/2023\/03\/christmas-christmas-music-christmas-concert-7625951.png","contentUrl":"https:\/\/grundschule-heinsberg.de\/wp-content\/uploads\/2023\/03\/christmas-christmas-music-christmas-concert-7625951.png","width":1280,"height":853},{"@type":"BreadcrumbList","@id":"https:\/\/grundschule-heinsberg.de\/fr\/journee-des-grands-parents-2022\/#breadcrumb","itemListElement":[{"@type":"ListItem","position":1,"name":"Startseite","item":"https:\/\/grundschule-heinsberg.de\/fr\/"},{"@type":"ListItem","position":2,"name":"Journ\u00e9e des grands-parents 2022"}]},{"@type":"WebSite","@id":"https:\/\/grundschule-heinsberg.de\/fr\/#website","url":"https:\/\/grundschule-heinsberg.de\/fr\/","name":"St. Katharina Grundschule Heinsberg","description":"f\u00fcreinander, voneinander, gemeinsam und individuell: Hand in Hand auf dem Weg in die Zukunft","publisher":{"@id":"https:\/\/grundschule-heinsberg.de\/fr\/#organization"},"potentialAction":[{"@type":"SearchAction","target":{"@type":"EntryPoint","urlTemplate":"https:\/\/grundschule-heinsberg.de\/fr\/?s={search_term_string}"},"query-input":{"@type":"PropertyValueSpecification","valueRequired":true,"valueName":"search_term_string"}}],"inLanguage":"fr-FR"},{"@type":"Organization","@id":"https:\/\/grundschule-heinsberg.de\/fr\/#organization","name":"St. Katharina Grundschule Heinsberg","url":"https:\/\/grundschule-heinsberg.de\/fr\/","logo":{"@type":"ImageObject","inLanguage":"fr-FR","@id":"https:\/\/grundschule-heinsberg.de\/fr\/#\/schema\/logo\/image\/","url":"https:\/\/grundschule-heinsberg.de\/wp-content\/uploads\/2023\/03\/230307_Grundschule-Heinsberg_Logo_RGB.svg","contentUrl":"https:\/\/grundschule-heinsberg.de\/wp-content\/uploads\/2023\/03\/230307_Grundschule-Heinsberg_Logo_RGB.svg","width":311,"height":135,"caption":"St. Katharina Grundschule Heinsberg"},"image":{"@id":"https:\/\/grundschule-heinsberg.de\/fr\/#\/schema\/logo\/image\/"}},{"@type":"Person","@id":"https:\/\/grundschule-heinsberg.de\/fr\/#\/schema\/person\/acef6ad27ff279a319f9b21b92557a0f","name":"admin_gr-he_idee-medien","image":{"@type":"ImageObject","inLanguage":"fr-FR","@id":"https:\/\/secure.gravatar.com\/avatar\/3f7953307bc892878263237304aae9b6e18a6dbebdc94c81a7af7be19be0fdb4?s=96&d=mm&r=g","url":"https:\/\/secure.gravatar.com\/avatar\/3f7953307bc892878263237304aae9b6e18a6dbebdc94c81a7af7be19be0fdb4?s=96&d=mm&r=g","contentUrl":"https:\/\/secure.gravatar.com\/avatar\/3f7953307bc892878263237304aae9b6e18a6dbebdc94c81a7af7be19be0fdb4?s=96&d=mm&r=g","caption":"admin_gr-he_idee-medien"},"sameAs":["http:\/\/grundschule-heinsberg.de"],"url":"https:\/\/grundschule-heinsberg.de\/fr\/author\/admin_gr-he_idee-medien\/"}]}},"_links":{"self":[{"href":"https:\/\/grundschule-heinsberg.de\/fr\/wp-json\/wp\/v2\/posts\/5258","targetHints":{"allow":["GET"]}}],"collection":[{"href":"https:\/\/grundschule-heinsberg.de\/fr\/wp-json\/wp\/v2\/posts"}],"about":[{"href":"https:\/\/grundschule-heinsberg.de\/fr\/wp-json\/wp\/v2\/types\/post"}],"author":[{"embeddable":true,"href":"https:\/\/grundschule-heinsberg.de\/fr\/wp-json\/wp\/v2\/users\/1"}],"replies":[{"embeddable":true,"href":"https:\/\/grundschule-heinsberg.de\/fr\/wp-json\/wp\/v2\/comments?post=5258"}],"version-history":[{"count":0,"href":"https:\/\/grundschule-heinsberg.de\/fr\/wp-json\/wp\/v2\/posts\/5258\/revisions"}],"wp:featuredmedia":[{"embeddable":true,"href":"https:\/\/grundschule-heinsberg.de\/fr\/wp-json\/wp\/v2\/media\/5259"}],"wp:attachment":[{"href":"https:\/\/grundschule-heinsberg.de\/fr\/wp-json\/wp\/v2\/media?parent=5258"}],"wp:term":[{"taxonomy":"category","embeddable":true,"href":"https:\/\/grundschule-heinsberg.de\/fr\/wp-json\/wp\/v2\/categories?post=5258"},{"taxonomy":"post_tag","embeddable":true,"href":"https:\/\/grundschule-heinsberg.de\/fr\/wp-json\/wp\/v2\/tags?post=5258"}],"curies":[{"name":"wp","href":"https:\/\/api.w.org\/{rel}","templated":true}]}}