{"id":10877,"date":"2025-01-26T10:47:52","date_gmt":"2025-01-26T09:47:52","guid":{"rendered":"https:\/\/grundschule-heinsberg.de\/anatra-scintillante\/"},"modified":"2025-01-26T10:54:29","modified_gmt":"2025-01-26T09:54:29","slug":"anatra-scintillante","status":"publish","type":"post","link":"https:\/\/grundschule-heinsberg.de\/it\/anatra-scintillante\/","title":{"rendered":"Giorni di glitter"},"content":{"rendered":"\t\t<div data-elementor-type=\"wp-post\" data-elementor-id=\"10877\" class=\"elementor elementor-10877 elementor-10865\">\n\t\t\t\t\t\t<section class=\"elementor-section elementor-top-section elementor-element elementor-element-44f3909 elementor-section-boxed elementor-section-height-default elementor-section-height-default\" data-id=\"44f3909\" data-element_type=\"section\">\n\t\t\t\t\t\t<div class=\"elementor-container elementor-column-gap-default\">\n\t\t\t\t\t<div class=\"elementor-column elementor-col-100 elementor-top-column elementor-element elementor-element-336233d\" data-id=\"336233d\" data-element_type=\"column\">\n\t\t\t<div class=\"elementor-widget-wrap elementor-element-populated\">\n\t\t\t\t\t\t<div class=\"elementor-element elementor-element-cb3c1ab elementor-widget elementor-widget-text-editor\" data-id=\"cb3c1ab\" data-element_type=\"widget\" data-widget_type=\"text-editor.default\">\n\t\t\t\t<div class=\"elementor-widget-container\">\n\t\t\t\t\t\t\t\t\t<p style=\"font-weight: 400;\">Durante la lezione di arte, la nostra insegnante ci ha letto un libro intitolato &#8220;Glitter Days&#8221; di Annika Klee. Parlava di un ragazzo che aveva un giorno scintillante. Un giorno scintillante \u00e8 un giorno in cui riesci a fare (quasi) tutto ci\u00f2 che ti sei prefissato.  <\/p>\n<p style=\"font-weight: 400;\">Abbiamo poi realizzato il nostro ciondolo con tante perline colorate. Il ciondolo luccica al sole. Dovrebbe ricordarci al mattino, quando ci alziamo, che questo giorno pu\u00f2 essere un giorno scintillante. Perch\u00e9 ogni giorno pu\u00f2 essere un giorno scintillante. Devi solo crederci.    <\/p>\n<p style=\"font-weight: 400; text-align: right;\">Dalla classe 4b<\/p>\n\t\t\t\t\t\t\t\t<\/div>\n\t\t\t\t<\/div>\n\t\t\t\t\t<\/div>\n\t\t<\/div>\n\t\t\t\t\t<\/div>\n\t\t<\/section>\n\t\t\t\t<\/div>\n\t\t","protected":false},"excerpt":{"rendered":"<p>Durante la lezione di arte, la nostra insegnante ci ha letto un libro intitolato &#8220;Glitter Days&#8221; di Annika Klee. Parlava di un ragazzo che aveva [&hellip;]<\/p>\n","protected":false},"author":2,"featured_media":10861,"comment_status":"closed","ping_status":"open","sticky":false,"template":"","format":"standard","meta":{"inline_featured_image":false,"site-sidebar-layout":"default","site-content-layout":"","ast-site-content-layout":"default","site-content-style":"default","site-sidebar-style":"default","ast-global-header-display":"","ast-banner-title-visibility":"","ast-main-header-display":"","ast-hfb-above-header-display":"","ast-hfb-below-header-display":"","ast-hfb-mobile-header-display":"","site-post-title":"","ast-breadcrumbs-content":"","ast-featured-img":"","footer-sml-layout":"","ast-disable-related-posts":"","theme-transparent-header-meta":"","adv-header-id-meta":"","stick-header-meta":"","header-above-stick-meta":"","header-main-stick-meta":"","header-below-stick-meta":"","astra-migrate-meta-layouts":"default","ast-page-background-enabled":"default","ast-page-background-meta":{"desktop":{"background-color":"","background-image":"","background-repeat":"repeat","background-position":"center center","background-size":"auto","background-attachment":"scroll","background-type":"","background-media":"","overlay-type":"","overlay-color":"","overlay-opacity":"","overlay-gradient":""},"tablet":{"background-color":"","background-image":"","background-repeat":"repeat","background-position":"center center","background-size":"auto","background-attachment":"scroll","background-type":"","background-media":"","overlay-type":"","overlay-color":"","overlay-opacity":"","overlay-gradient":""},"mobile":{"background-color":"","background-image":"","background-repeat":"repeat","background-position":"center center","background-size":"auto","background-attachment":"scroll","background-type":"","background-media":"","overlay-type":"","overlay-color":"","overlay-opacity":"","overlay-gradient":""}},"ast-content-background-meta":{"desktop":{"background-color":"var(--ast-global-color-5)","background-image":"","background-repeat":"repeat","background-position":"center center","background-size":"auto","background-attachment":"scroll","background-type":"","background-media":"","overlay-type":"","overlay-color":"","overlay-opacity":"","overlay-gradient":""},"tablet":{"background-color":"var(--ast-global-color-5)","background-image":"","background-repeat":"repeat","background-position":"center center","background-size":"auto","background-attachment":"scroll","background-type":"","background-media":"","overlay-type":"","overlay-color":"","overlay-opacity":"","overlay-gradient":""},"mobile":{"background-color":"var(--ast-global-color-5)","background-image":"","background-repeat":"repeat","background-position":"center center","background-size":"auto","background-attachment":"scroll","background-type":"","background-media":"","overlay-type":"","overlay-color":"","overlay-opacity":"","overlay-gradient":""}},"footnotes":""},"categories":[163,117,92],"tags":[],"class_list":["post-10877","post","type-post","status-publish","format-standard","has-post-thumbnail","hentry","category-2025-it","category-i-contributi-dei-nostri-studenti","category-non-categorizzato"],"yoast_head":"<!-- This site is optimized with the Yoast SEO plugin v27.5 - https:\/\/yoast.com\/product\/yoast-seo-wordpress\/ -->\n<title>Giorni di glitter - St. Katharina Grundschule Heinsberg<\/title>\n<meta name=\"robots\" content=\"index, follow, max-snippet:-1, max-image-preview:large, max-video-preview:-1\" \/>\n<link rel=\"canonical\" href=\"https:\/\/grundschule-heinsberg.de\/it\/anatra-scintillante\/\" \/>\n<meta property=\"og:locale\" content=\"it_IT\" \/>\n<meta property=\"og:type\" content=\"article\" \/>\n<meta property=\"og:title\" content=\"Giorni di glitter - St. Katharina Grundschule Heinsberg\" \/>\n<meta property=\"og:description\" content=\"Durante la lezione di arte, la nostra insegnante ci ha letto un libro intitolato &#8220;Glitter Days&#8221; di Annika Klee. Parlava di un ragazzo che aveva [&hellip;]\" \/>\n<meta property=\"og:url\" content=\"https:\/\/grundschule-heinsberg.de\/it\/anatra-scintillante\/\" \/>\n<meta property=\"og:site_name\" content=\"St. Katharina Grundschule Heinsberg\" \/>\n<meta property=\"article:published_time\" content=\"2025-01-26T09:47:52+00:00\" \/>\n<meta property=\"article:modified_time\" content=\"2025-01-26T09:54:29+00:00\" \/>\n<meta property=\"og:image\" content=\"https:\/\/grundschule-heinsberg.de\/wp-content\/uploads\/2025\/01\/IMG_4983.jpg\" \/>\n\t<meta property=\"og:image:width\" content=\"1200\" \/>\n\t<meta property=\"og:image:height\" content=\"900\" \/>\n\t<meta property=\"og:image:type\" content=\"image\/jpeg\" \/>\n<meta name=\"author\" content=\"Ulrike G\u00f6bel-Kohtz\" \/>\n<meta name=\"twitter:card\" content=\"summary_large_image\" \/>\n<meta name=\"twitter:label1\" content=\"Scritto da\" \/>\n\t<meta name=\"twitter:data1\" content=\"Ulrike G\u00f6bel-Kohtz\" \/>\n<script type=\"application\/ld+json\" class=\"yoast-schema-graph\">{\"@context\":\"https:\\\/\\\/schema.org\",\"@graph\":[{\"@type\":\"Article\",\"@id\":\"https:\\\/\\\/grundschule-heinsberg.de\\\/it\\\/anatra-scintillante\\\/#article\",\"isPartOf\":{\"@id\":\"https:\\\/\\\/grundschule-heinsberg.de\\\/it\\\/anatra-scintillante\\\/\"},\"author\":{\"name\":\"Ulrike G\u00f6bel-Kohtz\",\"@id\":\"https:\\\/\\\/grundschule-heinsberg.de\\\/it\\\/#\\\/schema\\\/person\\\/9acfc4936904276e9247a22cb3de5627\"},\"headline\":\"Giorni di glitter\",\"datePublished\":\"2025-01-26T09:47:52+00:00\",\"dateModified\":\"2025-01-26T09:54:29+00:00\",\"mainEntityOfPage\":{\"@id\":\"https:\\\/\\\/grundschule-heinsberg.de\\\/it\\\/anatra-scintillante\\\/\"},\"wordCount\":92,\"publisher\":{\"@id\":\"https:\\\/\\\/grundschule-heinsberg.de\\\/it\\\/#organization\"},\"image\":{\"@id\":\"https:\\\/\\\/grundschule-heinsberg.de\\\/it\\\/anatra-scintillante\\\/#primaryimage\"},\"thumbnailUrl\":\"https:\\\/\\\/grundschule-heinsberg.de\\\/wp-content\\\/uploads\\\/2025\\\/01\\\/IMG_4983.jpg\",\"articleSection\":[\"2025\",\"I contributi dei nostri studenti\",\"Non categorizzato\"],\"inLanguage\":\"it-IT\"},{\"@type\":\"WebPage\",\"@id\":\"https:\\\/\\\/grundschule-heinsberg.de\\\/it\\\/anatra-scintillante\\\/\",\"url\":\"https:\\\/\\\/grundschule-heinsberg.de\\\/it\\\/anatra-scintillante\\\/\",\"name\":\"Giorni di glitter - St. Katharina Grundschule Heinsberg\",\"isPartOf\":{\"@id\":\"https:\\\/\\\/grundschule-heinsberg.de\\\/it\\\/#website\"},\"primaryImageOfPage\":{\"@id\":\"https:\\\/\\\/grundschule-heinsberg.de\\\/it\\\/anatra-scintillante\\\/#primaryimage\"},\"image\":{\"@id\":\"https:\\\/\\\/grundschule-heinsberg.de\\\/it\\\/anatra-scintillante\\\/#primaryimage\"},\"thumbnailUrl\":\"https:\\\/\\\/grundschule-heinsberg.de\\\/wp-content\\\/uploads\\\/2025\\\/01\\\/IMG_4983.jpg\",\"datePublished\":\"2025-01-26T09:47:52+00:00\",\"dateModified\":\"2025-01-26T09:54:29+00:00\",\"breadcrumb\":{\"@id\":\"https:\\\/\\\/grundschule-heinsberg.de\\\/it\\\/anatra-scintillante\\\/#breadcrumb\"},\"inLanguage\":\"it-IT\",\"potentialAction\":[{\"@type\":\"ReadAction\",\"target\":[\"https:\\\/\\\/grundschule-heinsberg.de\\\/it\\\/anatra-scintillante\\\/\"]}]},{\"@type\":\"ImageObject\",\"inLanguage\":\"it-IT\",\"@id\":\"https:\\\/\\\/grundschule-heinsberg.de\\\/it\\\/anatra-scintillante\\\/#primaryimage\",\"url\":\"https:\\\/\\\/grundschule-heinsberg.de\\\/wp-content\\\/uploads\\\/2025\\\/01\\\/IMG_4983.jpg\",\"contentUrl\":\"https:\\\/\\\/grundschule-heinsberg.de\\\/wp-content\\\/uploads\\\/2025\\\/01\\\/IMG_4983.jpg\",\"width\":1200,\"height\":900},{\"@type\":\"BreadcrumbList\",\"@id\":\"https:\\\/\\\/grundschule-heinsberg.de\\\/it\\\/anatra-scintillante\\\/#breadcrumb\",\"itemListElement\":[{\"@type\":\"ListItem\",\"position\":1,\"name\":\"Startseite\",\"item\":\"https:\\\/\\\/grundschule-heinsberg.de\\\/it\\\/\"},{\"@type\":\"ListItem\",\"position\":2,\"name\":\"Giorni di glitter\"}]},{\"@type\":\"WebSite\",\"@id\":\"https:\\\/\\\/grundschule-heinsberg.de\\\/it\\\/#website\",\"url\":\"https:\\\/\\\/grundschule-heinsberg.de\\\/it\\\/\",\"name\":\"St. Katharina Grundschule Heinsberg\",\"description\":\"f\u00fcreinander, voneinander, gemeinsam und individuell: Hand in Hand auf dem Weg in die Zukunft\",\"publisher\":{\"@id\":\"https:\\\/\\\/grundschule-heinsberg.de\\\/it\\\/#organization\"},\"potentialAction\":[{\"@type\":\"SearchAction\",\"target\":{\"@type\":\"EntryPoint\",\"urlTemplate\":\"https:\\\/\\\/grundschule-heinsberg.de\\\/it\\\/?s={search_term_string}\"},\"query-input\":{\"@type\":\"PropertyValueSpecification\",\"valueRequired\":true,\"valueName\":\"search_term_string\"}}],\"inLanguage\":\"it-IT\"},{\"@type\":\"Organization\",\"@id\":\"https:\\\/\\\/grundschule-heinsberg.de\\\/it\\\/#organization\",\"name\":\"St. Katharina Grundschule Heinsberg\",\"url\":\"https:\\\/\\\/grundschule-heinsberg.de\\\/it\\\/\",\"logo\":{\"@type\":\"ImageObject\",\"inLanguage\":\"it-IT\",\"@id\":\"https:\\\/\\\/grundschule-heinsberg.de\\\/it\\\/#\\\/schema\\\/logo\\\/image\\\/\",\"url\":\"https:\\\/\\\/grundschule-heinsberg.de\\\/wp-content\\\/uploads\\\/2023\\\/03\\\/230307_Grundschule-Heinsberg_Logo_RGB.svg\",\"contentUrl\":\"https:\\\/\\\/grundschule-heinsberg.de\\\/wp-content\\\/uploads\\\/2023\\\/03\\\/230307_Grundschule-Heinsberg_Logo_RGB.svg\",\"width\":311,\"height\":135,\"caption\":\"St. Katharina Grundschule Heinsberg\"},\"image\":{\"@id\":\"https:\\\/\\\/grundschule-heinsberg.de\\\/it\\\/#\\\/schema\\\/logo\\\/image\\\/\"}},{\"@type\":\"Person\",\"@id\":\"https:\\\/\\\/grundschule-heinsberg.de\\\/it\\\/#\\\/schema\\\/person\\\/9acfc4936904276e9247a22cb3de5627\",\"name\":\"Ulrike G\u00f6bel-Kohtz\",\"image\":{\"@type\":\"ImageObject\",\"inLanguage\":\"it-IT\",\"@id\":\"https:\\\/\\\/secure.gravatar.com\\\/avatar\\\/89064bb57430127056a72e7af3cc87e5f92d3b115a22e6576cb2be788dd4fac3?s=96&d=mm&r=g\",\"url\":\"https:\\\/\\\/secure.gravatar.com\\\/avatar\\\/89064bb57430127056a72e7af3cc87e5f92d3b115a22e6576cb2be788dd4fac3?s=96&d=mm&r=g\",\"contentUrl\":\"https:\\\/\\\/secure.gravatar.com\\\/avatar\\\/89064bb57430127056a72e7af3cc87e5f92d3b115a22e6576cb2be788dd4fac3?s=96&d=mm&r=g\",\"caption\":\"Ulrike G\u00f6bel-Kohtz\"},\"url\":\"https:\\\/\\\/grundschule-heinsberg.de\\\/it\\\/author\\\/goebel-kohtz\\\/\"}]}<\/script>\n<!-- \/ Yoast SEO plugin. -->","yoast_head_json":{"title":"Giorni di glitter - St. Katharina Grundschule Heinsberg","robots":{"index":"index","follow":"follow","max-snippet":"max-snippet:-1","max-image-preview":"max-image-preview:large","max-video-preview":"max-video-preview:-1"},"canonical":"https:\/\/grundschule-heinsberg.de\/it\/anatra-scintillante\/","og_locale":"it_IT","og_type":"article","og_title":"Giorni di glitter - St. Katharina Grundschule Heinsberg","og_description":"Durante la lezione di arte, la nostra insegnante ci ha letto un libro intitolato &#8220;Glitter Days&#8221; di Annika Klee. Parlava di un ragazzo che aveva [&hellip;]","og_url":"https:\/\/grundschule-heinsberg.de\/it\/anatra-scintillante\/","og_site_name":"St. Katharina Grundschule Heinsberg","article_published_time":"2025-01-26T09:47:52+00:00","article_modified_time":"2025-01-26T09:54:29+00:00","og_image":[{"width":1200,"height":900,"url":"https:\/\/grundschule-heinsberg.de\/wp-content\/uploads\/2025\/01\/IMG_4983.jpg","type":"image\/jpeg"}],"author":"Ulrike G\u00f6bel-Kohtz","twitter_card":"summary_large_image","twitter_misc":{"Scritto da":"Ulrike G\u00f6bel-Kohtz"},"schema":{"@context":"https:\/\/schema.org","@graph":[{"@type":"Article","@id":"https:\/\/grundschule-heinsberg.de\/it\/anatra-scintillante\/#article","isPartOf":{"@id":"https:\/\/grundschule-heinsberg.de\/it\/anatra-scintillante\/"},"author":{"name":"Ulrike G\u00f6bel-Kohtz","@id":"https:\/\/grundschule-heinsberg.de\/it\/#\/schema\/person\/9acfc4936904276e9247a22cb3de5627"},"headline":"Giorni di glitter","datePublished":"2025-01-26T09:47:52+00:00","dateModified":"2025-01-26T09:54:29+00:00","mainEntityOfPage":{"@id":"https:\/\/grundschule-heinsberg.de\/it\/anatra-scintillante\/"},"wordCount":92,"publisher":{"@id":"https:\/\/grundschule-heinsberg.de\/it\/#organization"},"image":{"@id":"https:\/\/grundschule-heinsberg.de\/it\/anatra-scintillante\/#primaryimage"},"thumbnailUrl":"https:\/\/grundschule-heinsberg.de\/wp-content\/uploads\/2025\/01\/IMG_4983.jpg","articleSection":["2025","I contributi dei nostri studenti","Non categorizzato"],"inLanguage":"it-IT"},{"@type":"WebPage","@id":"https:\/\/grundschule-heinsberg.de\/it\/anatra-scintillante\/","url":"https:\/\/grundschule-heinsberg.de\/it\/anatra-scintillante\/","name":"Giorni di glitter - St. Katharina Grundschule Heinsberg","isPartOf":{"@id":"https:\/\/grundschule-heinsberg.de\/it\/#website"},"primaryImageOfPage":{"@id":"https:\/\/grundschule-heinsberg.de\/it\/anatra-scintillante\/#primaryimage"},"image":{"@id":"https:\/\/grundschule-heinsberg.de\/it\/anatra-scintillante\/#primaryimage"},"thumbnailUrl":"https:\/\/grundschule-heinsberg.de\/wp-content\/uploads\/2025\/01\/IMG_4983.jpg","datePublished":"2025-01-26T09:47:52+00:00","dateModified":"2025-01-26T09:54:29+00:00","breadcrumb":{"@id":"https:\/\/grundschule-heinsberg.de\/it\/anatra-scintillante\/#breadcrumb"},"inLanguage":"it-IT","potentialAction":[{"@type":"ReadAction","target":["https:\/\/grundschule-heinsberg.de\/it\/anatra-scintillante\/"]}]},{"@type":"ImageObject","inLanguage":"it-IT","@id":"https:\/\/grundschule-heinsberg.de\/it\/anatra-scintillante\/#primaryimage","url":"https:\/\/grundschule-heinsberg.de\/wp-content\/uploads\/2025\/01\/IMG_4983.jpg","contentUrl":"https:\/\/grundschule-heinsberg.de\/wp-content\/uploads\/2025\/01\/IMG_4983.jpg","width":1200,"height":900},{"@type":"BreadcrumbList","@id":"https:\/\/grundschule-heinsberg.de\/it\/anatra-scintillante\/#breadcrumb","itemListElement":[{"@type":"ListItem","position":1,"name":"Startseite","item":"https:\/\/grundschule-heinsberg.de\/it\/"},{"@type":"ListItem","position":2,"name":"Giorni di glitter"}]},{"@type":"WebSite","@id":"https:\/\/grundschule-heinsberg.de\/it\/#website","url":"https:\/\/grundschule-heinsberg.de\/it\/","name":"St. Katharina Grundschule Heinsberg","description":"f\u00fcreinander, voneinander, gemeinsam und individuell: Hand in Hand auf dem Weg in die Zukunft","publisher":{"@id":"https:\/\/grundschule-heinsberg.de\/it\/#organization"},"potentialAction":[{"@type":"SearchAction","target":{"@type":"EntryPoint","urlTemplate":"https:\/\/grundschule-heinsberg.de\/it\/?s={search_term_string}"},"query-input":{"@type":"PropertyValueSpecification","valueRequired":true,"valueName":"search_term_string"}}],"inLanguage":"it-IT"},{"@type":"Organization","@id":"https:\/\/grundschule-heinsberg.de\/it\/#organization","name":"St. Katharina Grundschule Heinsberg","url":"https:\/\/grundschule-heinsberg.de\/it\/","logo":{"@type":"ImageObject","inLanguage":"it-IT","@id":"https:\/\/grundschule-heinsberg.de\/it\/#\/schema\/logo\/image\/","url":"https:\/\/grundschule-heinsberg.de\/wp-content\/uploads\/2023\/03\/230307_Grundschule-Heinsberg_Logo_RGB.svg","contentUrl":"https:\/\/grundschule-heinsberg.de\/wp-content\/uploads\/2023\/03\/230307_Grundschule-Heinsberg_Logo_RGB.svg","width":311,"height":135,"caption":"St. Katharina Grundschule Heinsberg"},"image":{"@id":"https:\/\/grundschule-heinsberg.de\/it\/#\/schema\/logo\/image\/"}},{"@type":"Person","@id":"https:\/\/grundschule-heinsberg.de\/it\/#\/schema\/person\/9acfc4936904276e9247a22cb3de5627","name":"Ulrike G\u00f6bel-Kohtz","image":{"@type":"ImageObject","inLanguage":"it-IT","@id":"https:\/\/secure.gravatar.com\/avatar\/89064bb57430127056a72e7af3cc87e5f92d3b115a22e6576cb2be788dd4fac3?s=96&d=mm&r=g","url":"https:\/\/secure.gravatar.com\/avatar\/89064bb57430127056a72e7af3cc87e5f92d3b115a22e6576cb2be788dd4fac3?s=96&d=mm&r=g","contentUrl":"https:\/\/secure.gravatar.com\/avatar\/89064bb57430127056a72e7af3cc87e5f92d3b115a22e6576cb2be788dd4fac3?s=96&d=mm&r=g","caption":"Ulrike G\u00f6bel-Kohtz"},"url":"https:\/\/grundschule-heinsberg.de\/it\/author\/goebel-kohtz\/"}]}},"_links":{"self":[{"href":"https:\/\/grundschule-heinsberg.de\/it\/wp-json\/wp\/v2\/posts\/10877","targetHints":{"allow":["GET"]}}],"collection":[{"href":"https:\/\/grundschule-heinsberg.de\/it\/wp-json\/wp\/v2\/posts"}],"about":[{"href":"https:\/\/grundschule-heinsberg.de\/it\/wp-json\/wp\/v2\/types\/post"}],"author":[{"embeddable":true,"href":"https:\/\/grundschule-heinsberg.de\/it\/wp-json\/wp\/v2\/users\/2"}],"replies":[{"embeddable":true,"href":"https:\/\/grundschule-heinsberg.de\/it\/wp-json\/wp\/v2\/comments?post=10877"}],"version-history":[{"count":0,"href":"https:\/\/grundschule-heinsberg.de\/it\/wp-json\/wp\/v2\/posts\/10877\/revisions"}],"wp:featuredmedia":[{"embeddable":true,"href":"https:\/\/grundschule-heinsberg.de\/it\/wp-json\/wp\/v2\/media\/10861"}],"wp:attachment":[{"href":"https:\/\/grundschule-heinsberg.de\/it\/wp-json\/wp\/v2\/media?parent=10877"}],"wp:term":[{"taxonomy":"category","embeddable":true,"href":"https:\/\/grundschule-heinsberg.de\/it\/wp-json\/wp\/v2\/categories?post=10877"},{"taxonomy":"post_tag","embeddable":true,"href":"https:\/\/grundschule-heinsberg.de\/it\/wp-json\/wp\/v2\/tags?post=10877"}],"curies":[{"name":"wp","href":"https:\/\/api.w.org\/{rel}","templated":true}]}}