{"id":8849,"date":"2024-07-09T12:17:20","date_gmt":"2024-07-09T10:17:20","guid":{"rendered":"https:\/\/grundschule-heinsberg.de\/ultimo-giorno-di-scuola\/"},"modified":"2025-06-10T10:14:16","modified_gmt":"2025-06-10T08:14:16","slug":"ultimo-giorno-di-scuola","status":"publish","type":"post","link":"https:\/\/grundschule-heinsberg.de\/it\/ultimo-giorno-di-scuola\/","title":{"rendered":"Ultimo giorno di scuola"},"content":{"rendered":"\t\t<div data-elementor-type=\"wp-post\" data-elementor-id=\"8849\" class=\"elementor elementor-8849 elementor-8766\">\n\t\t\t\t\t\t<section class=\"elementor-section elementor-top-section elementor-element elementor-element-e228926 elementor-section-boxed elementor-section-height-default elementor-section-height-default\" data-id=\"e228926\" data-element_type=\"section\">\n\t\t\t\t\t\t<div class=\"elementor-container elementor-column-gap-default\">\n\t\t\t\t\t<div class=\"elementor-column elementor-col-100 elementor-top-column elementor-element elementor-element-f76890f\" data-id=\"f76890f\" data-element_type=\"column\">\n\t\t\t<div class=\"elementor-widget-wrap elementor-element-populated\">\n\t\t\t\t\t\t<div class=\"elementor-element elementor-element-f62d179 elementor-widget elementor-widget-text-editor\" data-id=\"f62d179\" data-element_type=\"widget\" data-widget_type=\"text-editor.default\">\n\t\t\t\t<div class=\"elementor-widget-container\">\n\t\t\t\t\t\t\t\t\t<p>L&#8217;ultimo giorno di scuola prima delle vacanze estive, l&#8217;atmosfera alla Scuola Primaria St. Katharina era particolarmente festosa e gioiosa. Gli alunni dal primo al terzo anno si sono riuniti nelle rispettive aule per ricevere i loro certificati. Quando sono stati consegnati i certificati c&#8217;era un misto di eccitazione e sollievo e molti bambini erano raggianti di orgoglio per i loro risultati.<br><br>Dopo la cerimonia di consegna dei certificati c&#8217;\u00e8 stata una sorpresa speciale: un furgoncino dei gelati \u00e8 arrivato nel cortile della scuola e ogni bambino ha potuto gustare una pallina di gelato. A questo punto, un sentito ringraziamento va all&#8217;organizzazione promotrice.<br><br>In seguito, nel cortile della scuola si \u00e8 svolta la cerimonia di premiazione del gioco a pronostici del Campionato Europeo. Tutti gli alunni hanno inviato i loro suggerimenti durante i Campionati Europei e ora i migliori sono stati premiati. I primi cinque classificati di ogni classe hanno ricevuto un premio, accolto con grande entusiasmo. La cerimonia di premiazione \u00e8 stata accompagnata da molti applausi e applausi da parte di tutti.<br><br>Il gran finale della giornata \u00e8 stata la discoteca dei rapporti, che si \u00e8 svolta anch&#8217;essa nel cortile della scuola. Dopo che le classi si sono salutate nelle loro stanze, tutti si sono riversati in discoteca. La musica ha fatto ballare e ridere i bambini. \u00c8 stato un finale di successo per un anno scolastico ricco di eventi.<\/p>\t\t\t\t\t\t\t\t<\/div>\n\t\t\t\t<\/div>\n\t\t\t\t\t<\/div>\n\t\t<\/div>\n\t\t\t\t\t<\/div>\n\t\t<\/section>\n\t\t\t\t<section class=\"elementor-section elementor-top-section elementor-element elementor-element-f6a6770 elementor-section-boxed elementor-section-height-default elementor-section-height-default\" data-id=\"f6a6770\" data-element_type=\"section\">\n\t\t\t\t\t\t<div class=\"elementor-container elementor-column-gap-default\">\n\t\t\t\t\t<div class=\"elementor-column elementor-col-50 elementor-top-column elementor-element elementor-element-3bce08d\" data-id=\"3bce08d\" data-element_type=\"column\">\n\t\t\t<div class=\"elementor-widget-wrap elementor-element-populated\">\n\t\t\t\t\t\t<div class=\"elementor-element elementor-element-eac1412 elementor-widget elementor-widget-image\" data-id=\"eac1412\" data-element_type=\"widget\" data-widget_type=\"image.default\">\n\t\t\t\t<div class=\"elementor-widget-container\">\n\t\t\t\t\t\t\t\t\t\t\t\t\t\t\t<img fetchpriority=\"high\" decoding=\"async\" width=\"768\" height=\"1024\" src=\"https:\/\/grundschule-heinsberg.de\/wp-content\/uploads\/2024\/07\/IMG_9397-768x1024.jpg\" class=\"attachment-large size-large wp-image-8814\" alt=\"\" srcset=\"https:\/\/grundschule-heinsberg.de\/wp-content\/uploads\/2024\/07\/IMG_9397-768x1024.jpg 768w, https:\/\/grundschule-heinsberg.de\/wp-content\/uploads\/2024\/07\/IMG_9397-225x300.jpg 225w, https:\/\/grundschule-heinsberg.de\/wp-content\/uploads\/2024\/07\/IMG_9397-rotated.jpg 900w\" sizes=\"(max-width: 768px) 100vw, 768px\" \/>\t\t\t\t\t\t\t\t\t\t\t\t\t\t\t<\/div>\n\t\t\t\t<\/div>\n\t\t\t\t\t<\/div>\n\t\t<\/div>\n\t\t\t\t<div class=\"elementor-column elementor-col-50 elementor-top-column elementor-element elementor-element-cfaa6a9\" data-id=\"cfaa6a9\" data-element_type=\"column\">\n\t\t\t<div class=\"elementor-widget-wrap elementor-element-populated\">\n\t\t\t\t\t\t<div class=\"elementor-element elementor-element-5e1c701 elementor-widget elementor-widget-image\" data-id=\"5e1c701\" data-element_type=\"widget\" data-widget_type=\"image.default\">\n\t\t\t\t<div class=\"elementor-widget-container\">\n\t\t\t\t\t\t\t\t\t\t\t\t\t\t\t<img decoding=\"async\" width=\"768\" height=\"1024\" src=\"https:\/\/grundschule-heinsberg.de\/wp-content\/uploads\/2024\/07\/IMG_9391-768x1024.jpg\" class=\"attachment-large size-large wp-image-8798\" alt=\"\" srcset=\"https:\/\/grundschule-heinsberg.de\/wp-content\/uploads\/2024\/07\/IMG_9391-768x1024.jpg 768w, https:\/\/grundschule-heinsberg.de\/wp-content\/uploads\/2024\/07\/IMG_9391-225x300.jpg 225w, https:\/\/grundschule-heinsberg.de\/wp-content\/uploads\/2024\/07\/IMG_9391-rotated.jpg 900w\" sizes=\"(max-width: 768px) 100vw, 768px\" \/>\t\t\t\t\t\t\t\t\t\t\t\t\t\t\t<\/div>\n\t\t\t\t<\/div>\n\t\t\t\t\t<\/div>\n\t\t<\/div>\n\t\t\t\t\t<\/div>\n\t\t<\/section>\n\t\t\t\t<section class=\"elementor-section elementor-top-section elementor-element elementor-element-45ce313 elementor-section-boxed elementor-section-height-default elementor-section-height-default\" data-id=\"45ce313\" data-element_type=\"section\">\n\t\t\t\t\t\t<div class=\"elementor-container elementor-column-gap-default\">\n\t\t\t\t\t<div class=\"elementor-column elementor-col-50 elementor-top-column elementor-element elementor-element-d1fe5ba\" data-id=\"d1fe5ba\" data-element_type=\"column\">\n\t\t\t<div class=\"elementor-widget-wrap elementor-element-populated\">\n\t\t\t\t\t\t<div class=\"elementor-element elementor-element-13aa0a9 elementor-widget elementor-widget-image\" data-id=\"13aa0a9\" data-element_type=\"widget\" data-widget_type=\"image.default\">\n\t\t\t\t<div class=\"elementor-widget-container\">\n\t\t\t\t\t\t\t\t\t\t\t\t\t\t\t<img decoding=\"async\" width=\"1024\" height=\"768\" src=\"https:\/\/grundschule-heinsberg.de\/wp-content\/uploads\/2024\/07\/IMG_9377-1024x768.jpg\" class=\"attachment-large size-large wp-image-8781\" alt=\"\" srcset=\"https:\/\/grundschule-heinsberg.de\/wp-content\/uploads\/2024\/07\/IMG_9377-1024x768.jpg 1024w, https:\/\/grundschule-heinsberg.de\/wp-content\/uploads\/2024\/07\/IMG_9377-300x225.jpg 300w, https:\/\/grundschule-heinsberg.de\/wp-content\/uploads\/2024\/07\/IMG_9377-768x576.jpg 768w, https:\/\/grundschule-heinsberg.de\/wp-content\/uploads\/2024\/07\/IMG_9377.jpg 1200w\" sizes=\"(max-width: 1024px) 100vw, 1024px\" \/>\t\t\t\t\t\t\t\t\t\t\t\t\t\t\t<\/div>\n\t\t\t\t<\/div>\n\t\t\t\t\t<\/div>\n\t\t<\/div>\n\t\t\t\t<div class=\"elementor-column elementor-col-50 elementor-top-column elementor-element elementor-element-31ece76\" data-id=\"31ece76\" data-element_type=\"column\">\n\t\t\t<div class=\"elementor-widget-wrap elementor-element-populated\">\n\t\t\t\t\t\t<div class=\"elementor-element elementor-element-dbe615a elementor-widget elementor-widget-image\" data-id=\"dbe615a\" data-element_type=\"widget\" data-widget_type=\"image.default\">\n\t\t\t\t<div class=\"elementor-widget-container\">\n\t\t\t\t\t\t\t\t\t\t\t\t\t\t\t<img loading=\"lazy\" decoding=\"async\" width=\"1024\" height=\"768\" src=\"https:\/\/grundschule-heinsberg.de\/wp-content\/uploads\/2024\/07\/IMG_9378-1024x768.jpg\" class=\"attachment-large size-large wp-image-8790\" alt=\"\" srcset=\"https:\/\/grundschule-heinsberg.de\/wp-content\/uploads\/2024\/07\/IMG_9378-1024x768.jpg 1024w, https:\/\/grundschule-heinsberg.de\/wp-content\/uploads\/2024\/07\/IMG_9378-300x225.jpg 300w, https:\/\/grundschule-heinsberg.de\/wp-content\/uploads\/2024\/07\/IMG_9378-768x576.jpg 768w, https:\/\/grundschule-heinsberg.de\/wp-content\/uploads\/2024\/07\/IMG_9378.jpg 1200w\" sizes=\"(max-width: 1024px) 100vw, 1024px\" \/>\t\t\t\t\t\t\t\t\t\t\t\t\t\t\t<\/div>\n\t\t\t\t<\/div>\n\t\t\t\t\t<\/div>\n\t\t<\/div>\n\t\t\t\t\t<\/div>\n\t\t<\/section>\n\t\t\t\t<section class=\"elementor-section elementor-top-section elementor-element elementor-element-d6a0fe2 elementor-section-boxed elementor-section-height-default elementor-section-height-default\" data-id=\"d6a0fe2\" data-element_type=\"section\">\n\t\t\t\t\t\t<div class=\"elementor-container elementor-column-gap-default\">\n\t\t\t\t\t<div class=\"elementor-column elementor-col-50 elementor-top-column elementor-element elementor-element-15f0a1c\" data-id=\"15f0a1c\" data-element_type=\"column\">\n\t\t\t<div class=\"elementor-widget-wrap elementor-element-populated\">\n\t\t\t\t\t\t<div class=\"elementor-element elementor-element-166d13a elementor-widget elementor-widget-image\" data-id=\"166d13a\" data-element_type=\"widget\" data-widget_type=\"image.default\">\n\t\t\t\t<div class=\"elementor-widget-container\">\n\t\t\t\t\t\t\t\t\t\t\t\t\t\t\t<img loading=\"lazy\" decoding=\"async\" width=\"1024\" height=\"768\" src=\"https:\/\/grundschule-heinsberg.de\/wp-content\/uploads\/2024\/07\/IMG_9392-1024x768.jpg\" class=\"attachment-large size-large wp-image-8806\" alt=\"\" srcset=\"https:\/\/grundschule-heinsberg.de\/wp-content\/uploads\/2024\/07\/IMG_9392-1024x768.jpg 1024w, https:\/\/grundschule-heinsberg.de\/wp-content\/uploads\/2024\/07\/IMG_9392-300x225.jpg 300w, https:\/\/grundschule-heinsberg.de\/wp-content\/uploads\/2024\/07\/IMG_9392-768x576.jpg 768w, https:\/\/grundschule-heinsberg.de\/wp-content\/uploads\/2024\/07\/IMG_9392.jpg 1200w\" sizes=\"(max-width: 1024px) 100vw, 1024px\" \/>\t\t\t\t\t\t\t\t\t\t\t\t\t\t\t<\/div>\n\t\t\t\t<\/div>\n\t\t\t\t\t<\/div>\n\t\t<\/div>\n\t\t\t\t<div class=\"elementor-column elementor-col-50 elementor-top-column elementor-element elementor-element-069a498\" data-id=\"069a498\" data-element_type=\"column\">\n\t\t\t<div class=\"elementor-widget-wrap elementor-element-populated\">\n\t\t\t\t\t\t<div class=\"elementor-element elementor-element-1bd6a55 elementor-widget elementor-widget-image\" data-id=\"1bd6a55\" data-element_type=\"widget\" data-widget_type=\"image.default\">\n\t\t\t\t<div class=\"elementor-widget-container\">\n\t\t\t\t\t\t\t\t\t\t\t\t\t\t\t<img loading=\"lazy\" decoding=\"async\" width=\"640\" height=\"480\" src=\"https:\/\/grundschule-heinsberg.de\/wp-content\/uploads\/2024\/07\/IMG_3204.jpg\" class=\"attachment-large size-large wp-image-8822\" alt=\"\" srcset=\"https:\/\/grundschule-heinsberg.de\/wp-content\/uploads\/2024\/07\/IMG_3204.jpg 640w, https:\/\/grundschule-heinsberg.de\/wp-content\/uploads\/2024\/07\/IMG_3204-300x225.jpg 300w\" sizes=\"(max-width: 640px) 100vw, 640px\" \/>\t\t\t\t\t\t\t\t\t\t\t\t\t\t\t<\/div>\n\t\t\t\t<\/div>\n\t\t\t\t\t<\/div>\n\t\t<\/div>\n\t\t\t\t\t<\/div>\n\t\t<\/section>\n\t\t\t\t<\/div>\n\t\t","protected":false},"excerpt":{"rendered":"<p>L&#8217;ultimo giorno di scuola prima delle vacanze estive, l&#8217;atmosfera alla Scuola Primaria St. Katharina era particolarmente festosa e gioiosa. Gli alunni dal primo al terzo [&hellip;]<\/p>\n","protected":false},"author":2,"featured_media":8830,"comment_status":"closed","ping_status":"open","sticky":false,"template":"","format":"standard","meta":{"inline_featured_image":false,"site-sidebar-layout":"default","site-content-layout":"","ast-site-content-layout":"default","site-content-style":"default","site-sidebar-style":"default","ast-global-header-display":"","ast-banner-title-visibility":"","ast-main-header-display":"","ast-hfb-above-header-display":"","ast-hfb-below-header-display":"","ast-hfb-mobile-header-display":"","site-post-title":"","ast-breadcrumbs-content":"","ast-featured-img":"","footer-sml-layout":"","ast-disable-related-posts":"","theme-transparent-header-meta":"","adv-header-id-meta":"","stick-header-meta":"","header-above-stick-meta":"","header-main-stick-meta":"","header-below-stick-meta":"","astra-migrate-meta-layouts":"default","ast-page-background-enabled":"default","ast-page-background-meta":{"desktop":{"background-color":"","background-image":"","background-repeat":"repeat","background-position":"center center","background-size":"auto","background-attachment":"scroll","background-type":"","background-media":"","overlay-type":"","overlay-color":"","overlay-opacity":"","overlay-gradient":""},"tablet":{"background-color":"","background-image":"","background-repeat":"repeat","background-position":"center center","background-size":"auto","background-attachment":"scroll","background-type":"","background-media":"","overlay-type":"","overlay-color":"","overlay-opacity":"","overlay-gradient":""},"mobile":{"background-color":"","background-image":"","background-repeat":"repeat","background-position":"center center","background-size":"auto","background-attachment":"scroll","background-type":"","background-media":"","overlay-type":"","overlay-color":"","overlay-opacity":"","overlay-gradient":""}},"ast-content-background-meta":{"desktop":{"background-color":"var(--ast-global-color-5)","background-image":"","background-repeat":"repeat","background-position":"center center","background-size":"auto","background-attachment":"scroll","background-type":"","background-media":"","overlay-type":"","overlay-color":"","overlay-opacity":"","overlay-gradient":""},"tablet":{"background-color":"var(--ast-global-color-5)","background-image":"","background-repeat":"repeat","background-position":"center center","background-size":"auto","background-attachment":"scroll","background-type":"","background-media":"","overlay-type":"","overlay-color":"","overlay-opacity":"","overlay-gradient":""},"mobile":{"background-color":"var(--ast-global-color-5)","background-image":"","background-repeat":"repeat","background-position":"center center","background-size":"auto","background-attachment":"scroll","background-type":"","background-media":"","overlay-type":"","overlay-color":"","overlay-opacity":"","overlay-gradient":""}},"footnotes":""},"categories":[101,100],"tags":[],"class_list":["post-8849","post","type-post","status-publish","format-standard","has-post-thumbnail","hentry","category-2024-it","category-eventi"],"yoast_head":"<!-- This site is optimized with the Yoast SEO plugin v27.5 - https:\/\/yoast.com\/product\/yoast-seo-wordpress\/ -->\n<title>Ultimo giorno di scuola - St. Katharina Grundschule Heinsberg<\/title>\n<meta name=\"robots\" content=\"index, follow, max-snippet:-1, max-image-preview:large, max-video-preview:-1\" \/>\n<link rel=\"canonical\" href=\"https:\/\/grundschule-heinsberg.de\/it\/ultimo-giorno-di-scuola\/\" \/>\n<meta property=\"og:locale\" content=\"it_IT\" \/>\n<meta property=\"og:type\" content=\"article\" \/>\n<meta property=\"og:title\" content=\"Ultimo giorno di scuola - St. Katharina Grundschule Heinsberg\" \/>\n<meta property=\"og:description\" content=\"L&#8217;ultimo giorno di scuola prima delle vacanze estive, l&#8217;atmosfera alla Scuola Primaria St. Katharina era particolarmente festosa e gioiosa. Gli alunni dal primo al terzo [&hellip;]\" \/>\n<meta property=\"og:url\" content=\"https:\/\/grundschule-heinsberg.de\/it\/ultimo-giorno-di-scuola\/\" \/>\n<meta property=\"og:site_name\" content=\"St. Katharina Grundschule Heinsberg\" \/>\n<meta property=\"article:published_time\" content=\"2024-07-09T10:17:20+00:00\" \/>\n<meta property=\"article:modified_time\" content=\"2025-06-10T08:14:16+00:00\" \/>\n<meta property=\"og:image\" content=\"https:\/\/grundschule-heinsberg.de\/wp-content\/uploads\/2024\/07\/IMG_3205.jpg\" \/>\n\t<meta property=\"og:image:width\" content=\"640\" \/>\n\t<meta property=\"og:image:height\" content=\"480\" \/>\n\t<meta property=\"og:image:type\" content=\"image\/jpeg\" \/>\n<meta name=\"author\" content=\"Ulrike G\u00f6bel-Kohtz\" \/>\n<meta name=\"twitter:card\" content=\"summary_large_image\" \/>\n<meta name=\"twitter:label1\" content=\"Scritto da\" \/>\n\t<meta name=\"twitter:data1\" content=\"Ulrike G\u00f6bel-Kohtz\" \/>\n\t<meta name=\"twitter:label2\" content=\"Tempo di lettura stimato\" \/>\n\t<meta name=\"twitter:data2\" content=\"1 minuto\" \/>\n<script type=\"application\/ld+json\" class=\"yoast-schema-graph\">{\"@context\":\"https:\\\/\\\/schema.org\",\"@graph\":[{\"@type\":\"Article\",\"@id\":\"https:\\\/\\\/grundschule-heinsberg.de\\\/it\\\/ultimo-giorno-di-scuola\\\/#article\",\"isPartOf\":{\"@id\":\"https:\\\/\\\/grundschule-heinsberg.de\\\/it\\\/ultimo-giorno-di-scuola\\\/\"},\"author\":{\"name\":\"Ulrike G\u00f6bel-Kohtz\",\"@id\":\"https:\\\/\\\/grundschule-heinsberg.de\\\/it\\\/#\\\/schema\\\/person\\\/9acfc4936904276e9247a22cb3de5627\"},\"headline\":\"Ultimo giorno di scuola\",\"datePublished\":\"2024-07-09T10:17:20+00:00\",\"dateModified\":\"2025-06-10T08:14:16+00:00\",\"mainEntityOfPage\":{\"@id\":\"https:\\\/\\\/grundschule-heinsberg.de\\\/it\\\/ultimo-giorno-di-scuola\\\/\"},\"wordCount\":233,\"publisher\":{\"@id\":\"https:\\\/\\\/grundschule-heinsberg.de\\\/it\\\/#organization\"},\"image\":{\"@id\":\"https:\\\/\\\/grundschule-heinsberg.de\\\/it\\\/ultimo-giorno-di-scuola\\\/#primaryimage\"},\"thumbnailUrl\":\"https:\\\/\\\/grundschule-heinsberg.de\\\/wp-content\\\/uploads\\\/2024\\\/07\\\/IMG_3205.jpg\",\"articleSection\":[\"2024\",\"eventi\"],\"inLanguage\":\"it-IT\"},{\"@type\":\"WebPage\",\"@id\":\"https:\\\/\\\/grundschule-heinsberg.de\\\/it\\\/ultimo-giorno-di-scuola\\\/\",\"url\":\"https:\\\/\\\/grundschule-heinsberg.de\\\/it\\\/ultimo-giorno-di-scuola\\\/\",\"name\":\"Ultimo giorno di scuola - St. Katharina Grundschule Heinsberg\",\"isPartOf\":{\"@id\":\"https:\\\/\\\/grundschule-heinsberg.de\\\/it\\\/#website\"},\"primaryImageOfPage\":{\"@id\":\"https:\\\/\\\/grundschule-heinsberg.de\\\/it\\\/ultimo-giorno-di-scuola\\\/#primaryimage\"},\"image\":{\"@id\":\"https:\\\/\\\/grundschule-heinsberg.de\\\/it\\\/ultimo-giorno-di-scuola\\\/#primaryimage\"},\"thumbnailUrl\":\"https:\\\/\\\/grundschule-heinsberg.de\\\/wp-content\\\/uploads\\\/2024\\\/07\\\/IMG_3205.jpg\",\"datePublished\":\"2024-07-09T10:17:20+00:00\",\"dateModified\":\"2025-06-10T08:14:16+00:00\",\"breadcrumb\":{\"@id\":\"https:\\\/\\\/grundschule-heinsberg.de\\\/it\\\/ultimo-giorno-di-scuola\\\/#breadcrumb\"},\"inLanguage\":\"it-IT\",\"potentialAction\":[{\"@type\":\"ReadAction\",\"target\":[\"https:\\\/\\\/grundschule-heinsberg.de\\\/it\\\/ultimo-giorno-di-scuola\\\/\"]}]},{\"@type\":\"ImageObject\",\"inLanguage\":\"it-IT\",\"@id\":\"https:\\\/\\\/grundschule-heinsberg.de\\\/it\\\/ultimo-giorno-di-scuola\\\/#primaryimage\",\"url\":\"https:\\\/\\\/grundschule-heinsberg.de\\\/wp-content\\\/uploads\\\/2024\\\/07\\\/IMG_3205.jpg\",\"contentUrl\":\"https:\\\/\\\/grundschule-heinsberg.de\\\/wp-content\\\/uploads\\\/2024\\\/07\\\/IMG_3205.jpg\",\"width\":640,\"height\":480},{\"@type\":\"BreadcrumbList\",\"@id\":\"https:\\\/\\\/grundschule-heinsberg.de\\\/it\\\/ultimo-giorno-di-scuola\\\/#breadcrumb\",\"itemListElement\":[{\"@type\":\"ListItem\",\"position\":1,\"name\":\"Startseite\",\"item\":\"https:\\\/\\\/grundschule-heinsberg.de\\\/it\\\/\"},{\"@type\":\"ListItem\",\"position\":2,\"name\":\"Ultimo giorno di scuola\"}]},{\"@type\":\"WebSite\",\"@id\":\"https:\\\/\\\/grundschule-heinsberg.de\\\/it\\\/#website\",\"url\":\"https:\\\/\\\/grundschule-heinsberg.de\\\/it\\\/\",\"name\":\"St. Katharina Grundschule Heinsberg\",\"description\":\"f\u00fcreinander, voneinander, gemeinsam und individuell: Hand in Hand auf dem Weg in die Zukunft\",\"publisher\":{\"@id\":\"https:\\\/\\\/grundschule-heinsberg.de\\\/it\\\/#organization\"},\"potentialAction\":[{\"@type\":\"SearchAction\",\"target\":{\"@type\":\"EntryPoint\",\"urlTemplate\":\"https:\\\/\\\/grundschule-heinsberg.de\\\/it\\\/?s={search_term_string}\"},\"query-input\":{\"@type\":\"PropertyValueSpecification\",\"valueRequired\":true,\"valueName\":\"search_term_string\"}}],\"inLanguage\":\"it-IT\"},{\"@type\":\"Organization\",\"@id\":\"https:\\\/\\\/grundschule-heinsberg.de\\\/it\\\/#organization\",\"name\":\"St. Katharina Grundschule Heinsberg\",\"url\":\"https:\\\/\\\/grundschule-heinsberg.de\\\/it\\\/\",\"logo\":{\"@type\":\"ImageObject\",\"inLanguage\":\"it-IT\",\"@id\":\"https:\\\/\\\/grundschule-heinsberg.de\\\/it\\\/#\\\/schema\\\/logo\\\/image\\\/\",\"url\":\"https:\\\/\\\/grundschule-heinsberg.de\\\/wp-content\\\/uploads\\\/2023\\\/03\\\/230307_Grundschule-Heinsberg_Logo_RGB.svg\",\"contentUrl\":\"https:\\\/\\\/grundschule-heinsberg.de\\\/wp-content\\\/uploads\\\/2023\\\/03\\\/230307_Grundschule-Heinsberg_Logo_RGB.svg\",\"width\":311,\"height\":135,\"caption\":\"St. Katharina Grundschule Heinsberg\"},\"image\":{\"@id\":\"https:\\\/\\\/grundschule-heinsberg.de\\\/it\\\/#\\\/schema\\\/logo\\\/image\\\/\"}},{\"@type\":\"Person\",\"@id\":\"https:\\\/\\\/grundschule-heinsberg.de\\\/it\\\/#\\\/schema\\\/person\\\/9acfc4936904276e9247a22cb3de5627\",\"name\":\"Ulrike G\u00f6bel-Kohtz\",\"image\":{\"@type\":\"ImageObject\",\"inLanguage\":\"it-IT\",\"@id\":\"https:\\\/\\\/secure.gravatar.com\\\/avatar\\\/89064bb57430127056a72e7af3cc87e5f92d3b115a22e6576cb2be788dd4fac3?s=96&d=mm&r=g\",\"url\":\"https:\\\/\\\/secure.gravatar.com\\\/avatar\\\/89064bb57430127056a72e7af3cc87e5f92d3b115a22e6576cb2be788dd4fac3?s=96&d=mm&r=g\",\"contentUrl\":\"https:\\\/\\\/secure.gravatar.com\\\/avatar\\\/89064bb57430127056a72e7af3cc87e5f92d3b115a22e6576cb2be788dd4fac3?s=96&d=mm&r=g\",\"caption\":\"Ulrike G\u00f6bel-Kohtz\"},\"url\":\"https:\\\/\\\/grundschule-heinsberg.de\\\/it\\\/author\\\/goebel-kohtz\\\/\"}]}<\/script>\n<!-- \/ Yoast SEO plugin. -->","yoast_head_json":{"title":"Ultimo giorno di scuola - St. Katharina Grundschule Heinsberg","robots":{"index":"index","follow":"follow","max-snippet":"max-snippet:-1","max-image-preview":"max-image-preview:large","max-video-preview":"max-video-preview:-1"},"canonical":"https:\/\/grundschule-heinsberg.de\/it\/ultimo-giorno-di-scuola\/","og_locale":"it_IT","og_type":"article","og_title":"Ultimo giorno di scuola - St. Katharina Grundschule Heinsberg","og_description":"L&#8217;ultimo giorno di scuola prima delle vacanze estive, l&#8217;atmosfera alla Scuola Primaria St. Katharina era particolarmente festosa e gioiosa. Gli alunni dal primo al terzo [&hellip;]","og_url":"https:\/\/grundschule-heinsberg.de\/it\/ultimo-giorno-di-scuola\/","og_site_name":"St. Katharina Grundschule Heinsberg","article_published_time":"2024-07-09T10:17:20+00:00","article_modified_time":"2025-06-10T08:14:16+00:00","og_image":[{"width":640,"height":480,"url":"https:\/\/grundschule-heinsberg.de\/wp-content\/uploads\/2024\/07\/IMG_3205.jpg","type":"image\/jpeg"}],"author":"Ulrike G\u00f6bel-Kohtz","twitter_card":"summary_large_image","twitter_misc":{"Scritto da":"Ulrike G\u00f6bel-Kohtz","Tempo di lettura stimato":"1 minuto"},"schema":{"@context":"https:\/\/schema.org","@graph":[{"@type":"Article","@id":"https:\/\/grundschule-heinsberg.de\/it\/ultimo-giorno-di-scuola\/#article","isPartOf":{"@id":"https:\/\/grundschule-heinsberg.de\/it\/ultimo-giorno-di-scuola\/"},"author":{"name":"Ulrike G\u00f6bel-Kohtz","@id":"https:\/\/grundschule-heinsberg.de\/it\/#\/schema\/person\/9acfc4936904276e9247a22cb3de5627"},"headline":"Ultimo giorno di scuola","datePublished":"2024-07-09T10:17:20+00:00","dateModified":"2025-06-10T08:14:16+00:00","mainEntityOfPage":{"@id":"https:\/\/grundschule-heinsberg.de\/it\/ultimo-giorno-di-scuola\/"},"wordCount":233,"publisher":{"@id":"https:\/\/grundschule-heinsberg.de\/it\/#organization"},"image":{"@id":"https:\/\/grundschule-heinsberg.de\/it\/ultimo-giorno-di-scuola\/#primaryimage"},"thumbnailUrl":"https:\/\/grundschule-heinsberg.de\/wp-content\/uploads\/2024\/07\/IMG_3205.jpg","articleSection":["2024","eventi"],"inLanguage":"it-IT"},{"@type":"WebPage","@id":"https:\/\/grundschule-heinsberg.de\/it\/ultimo-giorno-di-scuola\/","url":"https:\/\/grundschule-heinsberg.de\/it\/ultimo-giorno-di-scuola\/","name":"Ultimo giorno di scuola - St. Katharina Grundschule Heinsberg","isPartOf":{"@id":"https:\/\/grundschule-heinsberg.de\/it\/#website"},"primaryImageOfPage":{"@id":"https:\/\/grundschule-heinsberg.de\/it\/ultimo-giorno-di-scuola\/#primaryimage"},"image":{"@id":"https:\/\/grundschule-heinsberg.de\/it\/ultimo-giorno-di-scuola\/#primaryimage"},"thumbnailUrl":"https:\/\/grundschule-heinsberg.de\/wp-content\/uploads\/2024\/07\/IMG_3205.jpg","datePublished":"2024-07-09T10:17:20+00:00","dateModified":"2025-06-10T08:14:16+00:00","breadcrumb":{"@id":"https:\/\/grundschule-heinsberg.de\/it\/ultimo-giorno-di-scuola\/#breadcrumb"},"inLanguage":"it-IT","potentialAction":[{"@type":"ReadAction","target":["https:\/\/grundschule-heinsberg.de\/it\/ultimo-giorno-di-scuola\/"]}]},{"@type":"ImageObject","inLanguage":"it-IT","@id":"https:\/\/grundschule-heinsberg.de\/it\/ultimo-giorno-di-scuola\/#primaryimage","url":"https:\/\/grundschule-heinsberg.de\/wp-content\/uploads\/2024\/07\/IMG_3205.jpg","contentUrl":"https:\/\/grundschule-heinsberg.de\/wp-content\/uploads\/2024\/07\/IMG_3205.jpg","width":640,"height":480},{"@type":"BreadcrumbList","@id":"https:\/\/grundschule-heinsberg.de\/it\/ultimo-giorno-di-scuola\/#breadcrumb","itemListElement":[{"@type":"ListItem","position":1,"name":"Startseite","item":"https:\/\/grundschule-heinsberg.de\/it\/"},{"@type":"ListItem","position":2,"name":"Ultimo giorno di scuola"}]},{"@type":"WebSite","@id":"https:\/\/grundschule-heinsberg.de\/it\/#website","url":"https:\/\/grundschule-heinsberg.de\/it\/","name":"St. Katharina Grundschule Heinsberg","description":"f\u00fcreinander, voneinander, gemeinsam und individuell: Hand in Hand auf dem Weg in die Zukunft","publisher":{"@id":"https:\/\/grundschule-heinsberg.de\/it\/#organization"},"potentialAction":[{"@type":"SearchAction","target":{"@type":"EntryPoint","urlTemplate":"https:\/\/grundschule-heinsberg.de\/it\/?s={search_term_string}"},"query-input":{"@type":"PropertyValueSpecification","valueRequired":true,"valueName":"search_term_string"}}],"inLanguage":"it-IT"},{"@type":"Organization","@id":"https:\/\/grundschule-heinsberg.de\/it\/#organization","name":"St. Katharina Grundschule Heinsberg","url":"https:\/\/grundschule-heinsberg.de\/it\/","logo":{"@type":"ImageObject","inLanguage":"it-IT","@id":"https:\/\/grundschule-heinsberg.de\/it\/#\/schema\/logo\/image\/","url":"https:\/\/grundschule-heinsberg.de\/wp-content\/uploads\/2023\/03\/230307_Grundschule-Heinsberg_Logo_RGB.svg","contentUrl":"https:\/\/grundschule-heinsberg.de\/wp-content\/uploads\/2023\/03\/230307_Grundschule-Heinsberg_Logo_RGB.svg","width":311,"height":135,"caption":"St. Katharina Grundschule Heinsberg"},"image":{"@id":"https:\/\/grundschule-heinsberg.de\/it\/#\/schema\/logo\/image\/"}},{"@type":"Person","@id":"https:\/\/grundschule-heinsberg.de\/it\/#\/schema\/person\/9acfc4936904276e9247a22cb3de5627","name":"Ulrike G\u00f6bel-Kohtz","image":{"@type":"ImageObject","inLanguage":"it-IT","@id":"https:\/\/secure.gravatar.com\/avatar\/89064bb57430127056a72e7af3cc87e5f92d3b115a22e6576cb2be788dd4fac3?s=96&d=mm&r=g","url":"https:\/\/secure.gravatar.com\/avatar\/89064bb57430127056a72e7af3cc87e5f92d3b115a22e6576cb2be788dd4fac3?s=96&d=mm&r=g","contentUrl":"https:\/\/secure.gravatar.com\/avatar\/89064bb57430127056a72e7af3cc87e5f92d3b115a22e6576cb2be788dd4fac3?s=96&d=mm&r=g","caption":"Ulrike G\u00f6bel-Kohtz"},"url":"https:\/\/grundschule-heinsberg.de\/it\/author\/goebel-kohtz\/"}]}},"_links":{"self":[{"href":"https:\/\/grundschule-heinsberg.de\/it\/wp-json\/wp\/v2\/posts\/8849","targetHints":{"allow":["GET"]}}],"collection":[{"href":"https:\/\/grundschule-heinsberg.de\/it\/wp-json\/wp\/v2\/posts"}],"about":[{"href":"https:\/\/grundschule-heinsberg.de\/it\/wp-json\/wp\/v2\/types\/post"}],"author":[{"embeddable":true,"href":"https:\/\/grundschule-heinsberg.de\/it\/wp-json\/wp\/v2\/users\/2"}],"replies":[{"embeddable":true,"href":"https:\/\/grundschule-heinsberg.de\/it\/wp-json\/wp\/v2\/comments?post=8849"}],"version-history":[{"count":0,"href":"https:\/\/grundschule-heinsberg.de\/it\/wp-json\/wp\/v2\/posts\/8849\/revisions"}],"wp:featuredmedia":[{"embeddable":true,"href":"https:\/\/grundschule-heinsberg.de\/it\/wp-json\/wp\/v2\/media\/8830"}],"wp:attachment":[{"href":"https:\/\/grundschule-heinsberg.de\/it\/wp-json\/wp\/v2\/media?parent=8849"}],"wp:term":[{"taxonomy":"category","embeddable":true,"href":"https:\/\/grundschule-heinsberg.de\/it\/wp-json\/wp\/v2\/categories?post=8849"},{"taxonomy":"post_tag","embeddable":true,"href":"https:\/\/grundschule-heinsberg.de\/it\/wp-json\/wp\/v2\/tags?post=8849"}],"curies":[{"name":"wp","href":"https:\/\/api.w.org\/{rel}","templated":true}]}}