{"id":10710,"date":"2025-01-12T11:41:57","date_gmt":"2025-01-12T10:41:57","guid":{"rendered":"https:\/\/grundschule-heinsberg.de\/serdana-santa-claus-3\/"},"modified":"2025-06-10T10:14:11","modified_gmt":"2025-06-10T08:14:11","slug":"serdana-santa-claus-3","status":"publish","type":"post","link":"https:\/\/grundschule-heinsberg.de\/ku\/serdana-santa-claus-3\/","title":{"rendered":"Serdana Santa Claus"},"content":{"rendered":"\t\t<div data-elementor-type=\"wp-post\" data-elementor-id=\"10710\" class=\"elementor elementor-10710 elementor-10640\">\n\t\t\t\t\t\t<section class=\"elementor-section elementor-top-section elementor-element elementor-element-5805581 elementor-section-boxed elementor-section-height-default elementor-section-height-default\" data-id=\"5805581\" data-element_type=\"section\">\n\t\t\t\t\t\t<div class=\"elementor-container elementor-column-gap-default\">\n\t\t\t\t\t<div class=\"elementor-column elementor-col-100 elementor-top-column elementor-element elementor-element-724bd65\" data-id=\"724bd65\" data-element_type=\"column\">\n\t\t\t<div class=\"elementor-widget-wrap elementor-element-populated\">\n\t\t\t\t\t\t<div class=\"elementor-element elementor-element-5620af6 elementor-widget elementor-widget-text-editor\" data-id=\"5620af6\" data-element_type=\"widget\" data-widget_type=\"text-editor.default\">\n\t\t\t\t<div class=\"elementor-widget-container\">\n\t\t\t\t\t\t\t\t\t<p class=\"p1\"><span class=\"s1\">Di 6\u00ea Kan\u00fbn\u00ea de d\u00eesa ew dem b\u00fb &#8211; Santa Claus serdana dibistana me kir \u00fb ji her pol\u00ea re surpr\u00eezek cejn\u00ea an\u00ee!  <\/span><\/p><p class=\"p1\"><span class=\"s1\">Zarok bi h\u00eaviyek li benda serdana Santa Claus b\u00fbn, ku \u00eesal bi al\u00eekar\u00ean xwe y\u00ean kedkar re di kor\u00eedor\u00ean dibistan\u00ea de me\u015fiyan \u00fb \u00e7entey\u00ean tije ked dan hem\u00fb xwendekaran. Dema ku Santa Claus hat her pol\u00ea \u00fb bi ken \u00fb bextewariya zarokan p\u00eeroz kir, demek ne jib\u00eerkir\u00ee b\u00fb. <\/span><\/p><p class=\"p1\"><span class=\"s1\">Di dibistana me de Roja St. Ew ne ten\u00ea diyariy\u00ean pi\u00e7\u00fbk t\u00eene, l\u00ea di heman dem\u00ea de bendewariya germ a Sersal\u00ea ya p\u00ea\u015feroj\u00ea j\u00ee t\u00eene. <\/span><\/p><p class=\"p1\"><span class=\"s1\">Spasiyek mezin ji Santa Claus \u00fb ar\u00eekar\u00ean w\u00ee re ji bo serdan\u00ea \u00fb diyariy\u00ean mezin!<\/span><\/p>\t\t\t\t\t\t\t\t<\/div>\n\t\t\t\t<\/div>\n\t\t\t\t\t<\/div>\n\t\t<\/div>\n\t\t\t\t\t<\/div>\n\t\t<\/section>\n\t\t\t\t<section class=\"elementor-section elementor-top-section elementor-element elementor-element-a3ca54d elementor-section-boxed elementor-section-height-default elementor-section-height-default\" data-id=\"a3ca54d\" data-element_type=\"section\">\n\t\t\t\t\t\t<div class=\"elementor-container elementor-column-gap-default\">\n\t\t\t\t\t<div class=\"elementor-column elementor-col-50 elementor-top-column elementor-element elementor-element-53c01b8\" data-id=\"53c01b8\" data-element_type=\"column\">\n\t\t\t<div class=\"elementor-widget-wrap elementor-element-populated\">\n\t\t\t\t\t\t<div class=\"elementor-element elementor-element-655bb2b elementor-widget elementor-widget-image\" data-id=\"655bb2b\" data-element_type=\"widget\" data-widget_type=\"image.default\">\n\t\t\t\t<div class=\"elementor-widget-container\">\n\t\t\t\t\t\t\t\t\t\t\t\t\t\t\t<img fetchpriority=\"high\" decoding=\"async\" width=\"1024\" height=\"768\" src=\"https:\/\/grundschule-heinsberg.de\/wp-content\/uploads\/2025\/01\/0cf78d48-f4ab-4d6b-ba98-94e76131ec3b-1024x768.jpg\" class=\"attachment-large size-large wp-image-10647\" alt=\"\" srcset=\"https:\/\/grundschule-heinsberg.de\/wp-content\/uploads\/2025\/01\/0cf78d48-f4ab-4d6b-ba98-94e76131ec3b-1024x768.jpg 1024w, https:\/\/grundschule-heinsberg.de\/wp-content\/uploads\/2025\/01\/0cf78d48-f4ab-4d6b-ba98-94e76131ec3b-300x225.jpg 300w, https:\/\/grundschule-heinsberg.de\/wp-content\/uploads\/2025\/01\/0cf78d48-f4ab-4d6b-ba98-94e76131ec3b-768x576.jpg 768w, https:\/\/grundschule-heinsberg.de\/wp-content\/uploads\/2025\/01\/0cf78d48-f4ab-4d6b-ba98-94e76131ec3b.jpg 1200w\" sizes=\"(max-width: 1024px) 100vw, 1024px\" \/>\t\t\t\t\t\t\t\t\t\t\t\t\t\t\t<\/div>\n\t\t\t\t<\/div>\n\t\t\t\t\t<\/div>\n\t\t<\/div>\n\t\t\t\t<div class=\"elementor-column elementor-col-50 elementor-top-column elementor-element elementor-element-8198d7e\" data-id=\"8198d7e\" data-element_type=\"column\">\n\t\t\t<div class=\"elementor-widget-wrap elementor-element-populated\">\n\t\t\t\t\t\t<div class=\"elementor-element elementor-element-5566d5c elementor-widget elementor-widget-image\" data-id=\"5566d5c\" data-element_type=\"widget\" data-widget_type=\"image.default\">\n\t\t\t\t<div class=\"elementor-widget-container\">\n\t\t\t\t\t\t\t\t\t\t\t\t\t\t\t<img decoding=\"async\" width=\"1024\" height=\"768\" src=\"https:\/\/grundschule-heinsberg.de\/wp-content\/uploads\/2025\/01\/6cf48cee-015e-4ef8-ad07-8fada1650776-1024x768.jpg\" class=\"attachment-large size-large wp-image-10663\" alt=\"\" srcset=\"https:\/\/grundschule-heinsberg.de\/wp-content\/uploads\/2025\/01\/6cf48cee-015e-4ef8-ad07-8fada1650776-1024x768.jpg 1024w, https:\/\/grundschule-heinsberg.de\/wp-content\/uploads\/2025\/01\/6cf48cee-015e-4ef8-ad07-8fada1650776-300x225.jpg 300w, https:\/\/grundschule-heinsberg.de\/wp-content\/uploads\/2025\/01\/6cf48cee-015e-4ef8-ad07-8fada1650776-768x576.jpg 768w, https:\/\/grundschule-heinsberg.de\/wp-content\/uploads\/2025\/01\/6cf48cee-015e-4ef8-ad07-8fada1650776.jpg 1200w\" sizes=\"(max-width: 1024px) 100vw, 1024px\" \/>\t\t\t\t\t\t\t\t\t\t\t\t\t\t\t<\/div>\n\t\t\t\t<\/div>\n\t\t\t\t\t<\/div>\n\t\t<\/div>\n\t\t\t\t\t<\/div>\n\t\t<\/section>\n\t\t\t\t<section class=\"elementor-section elementor-top-section elementor-element elementor-element-23a11f0 elementor-section-boxed elementor-section-height-default elementor-section-height-default\" data-id=\"23a11f0\" data-element_type=\"section\">\n\t\t\t\t\t\t<div class=\"elementor-container elementor-column-gap-default\">\n\t\t\t\t\t<div class=\"elementor-column elementor-col-50 elementor-top-column elementor-element elementor-element-7b022d6\" data-id=\"7b022d6\" data-element_type=\"column\">\n\t\t\t<div class=\"elementor-widget-wrap elementor-element-populated\">\n\t\t\t\t\t\t<div class=\"elementor-element elementor-element-31db4ac elementor-widget elementor-widget-image\" data-id=\"31db4ac\" data-element_type=\"widget\" data-widget_type=\"image.default\">\n\t\t\t\t<div class=\"elementor-widget-container\">\n\t\t\t\t\t\t\t\t\t\t\t\t\t\t\t<img decoding=\"async\" width=\"1024\" height=\"768\" src=\"https:\/\/grundschule-heinsberg.de\/wp-content\/uploads\/2025\/01\/b4073da4-7bd3-4fb4-8186-954f56ef0e45-1024x768.jpg\" class=\"attachment-large size-large wp-image-10679\" alt=\"\" srcset=\"https:\/\/grundschule-heinsberg.de\/wp-content\/uploads\/2025\/01\/b4073da4-7bd3-4fb4-8186-954f56ef0e45-1024x768.jpg 1024w, https:\/\/grundschule-heinsberg.de\/wp-content\/uploads\/2025\/01\/b4073da4-7bd3-4fb4-8186-954f56ef0e45-300x225.jpg 300w, https:\/\/grundschule-heinsberg.de\/wp-content\/uploads\/2025\/01\/b4073da4-7bd3-4fb4-8186-954f56ef0e45-768x576.jpg 768w, https:\/\/grundschule-heinsberg.de\/wp-content\/uploads\/2025\/01\/b4073da4-7bd3-4fb4-8186-954f56ef0e45.jpg 1200w\" sizes=\"(max-width: 1024px) 100vw, 1024px\" \/>\t\t\t\t\t\t\t\t\t\t\t\t\t\t\t<\/div>\n\t\t\t\t<\/div>\n\t\t\t\t\t<\/div>\n\t\t<\/div>\n\t\t\t\t<div class=\"elementor-column elementor-col-50 elementor-top-column elementor-element elementor-element-275db19\" data-id=\"275db19\" data-element_type=\"column\">\n\t\t\t<div class=\"elementor-widget-wrap elementor-element-populated\">\n\t\t\t\t\t\t<div class=\"elementor-element elementor-element-67948b1 elementor-widget elementor-widget-image\" data-id=\"67948b1\" data-element_type=\"widget\" data-widget_type=\"image.default\">\n\t\t\t\t<div class=\"elementor-widget-container\">\n\t\t\t\t\t\t\t\t\t\t\t\t\t\t\t<img loading=\"lazy\" decoding=\"async\" width=\"1024\" height=\"768\" src=\"https:\/\/grundschule-heinsberg.de\/wp-content\/uploads\/2025\/01\/bd01d147-921b-4bf3-978c-481747e950e6-1024x768.jpg\" class=\"attachment-large size-large wp-image-10687\" alt=\"\" srcset=\"https:\/\/grundschule-heinsberg.de\/wp-content\/uploads\/2025\/01\/bd01d147-921b-4bf3-978c-481747e950e6-1024x768.jpg 1024w, https:\/\/grundschule-heinsberg.de\/wp-content\/uploads\/2025\/01\/bd01d147-921b-4bf3-978c-481747e950e6-300x225.jpg 300w, https:\/\/grundschule-heinsberg.de\/wp-content\/uploads\/2025\/01\/bd01d147-921b-4bf3-978c-481747e950e6-768x576.jpg 768w, https:\/\/grundschule-heinsberg.de\/wp-content\/uploads\/2025\/01\/bd01d147-921b-4bf3-978c-481747e950e6.jpg 1200w\" sizes=\"(max-width: 1024px) 100vw, 1024px\" \/>\t\t\t\t\t\t\t\t\t\t\t\t\t\t\t<\/div>\n\t\t\t\t<\/div>\n\t\t\t\t\t<\/div>\n\t\t<\/div>\n\t\t\t\t\t<\/div>\n\t\t<\/section>\n\t\t\t\t<section class=\"elementor-section elementor-top-section elementor-element elementor-element-5d5ab69 elementor-section-boxed elementor-section-height-default elementor-section-height-default\" data-id=\"5d5ab69\" data-element_type=\"section\">\n\t\t\t\t\t\t<div class=\"elementor-container elementor-column-gap-default\">\n\t\t\t\t\t<div class=\"elementor-column elementor-col-50 elementor-top-column elementor-element elementor-element-e2611a7\" data-id=\"e2611a7\" data-element_type=\"column\">\n\t\t\t<div class=\"elementor-widget-wrap elementor-element-populated\">\n\t\t\t\t\t\t<div class=\"elementor-element elementor-element-f54ad38 elementor-widget elementor-widget-image\" data-id=\"f54ad38\" data-element_type=\"widget\" data-widget_type=\"image.default\">\n\t\t\t\t<div class=\"elementor-widget-container\">\n\t\t\t\t\t\t\t\t\t\t\t\t\t\t\t<img loading=\"lazy\" decoding=\"async\" width=\"768\" height=\"1024\" src=\"https:\/\/grundschule-heinsberg.de\/wp-content\/uploads\/2025\/01\/4f52b069-34d6-4fea-a733-67e51a460b1a-768x1024.jpg\" class=\"attachment-large size-large wp-image-10655\" alt=\"\" srcset=\"https:\/\/grundschule-heinsberg.de\/wp-content\/uploads\/2025\/01\/4f52b069-34d6-4fea-a733-67e51a460b1a-768x1024.jpg 768w, https:\/\/grundschule-heinsberg.de\/wp-content\/uploads\/2025\/01\/4f52b069-34d6-4fea-a733-67e51a460b1a-225x300.jpg 225w, https:\/\/grundschule-heinsberg.de\/wp-content\/uploads\/2025\/01\/4f52b069-34d6-4fea-a733-67e51a460b1a.jpg 900w\" sizes=\"(max-width: 768px) 100vw, 768px\" \/>\t\t\t\t\t\t\t\t\t\t\t\t\t\t\t<\/div>\n\t\t\t\t<\/div>\n\t\t\t\t\t<\/div>\n\t\t<\/div>\n\t\t\t\t<div class=\"elementor-column elementor-col-50 elementor-top-column elementor-element elementor-element-cc7b711\" data-id=\"cc7b711\" data-element_type=\"column\">\n\t\t\t<div class=\"elementor-widget-wrap elementor-element-populated\">\n\t\t\t\t\t\t<div class=\"elementor-element elementor-element-a68038b elementor-widget elementor-widget-image\" data-id=\"a68038b\" data-element_type=\"widget\" data-widget_type=\"image.default\">\n\t\t\t\t<div class=\"elementor-widget-container\">\n\t\t\t\t\t\t\t\t\t\t\t\t\t\t\t<img loading=\"lazy\" decoding=\"async\" width=\"768\" height=\"1024\" src=\"https:\/\/grundschule-heinsberg.de\/wp-content\/uploads\/2025\/01\/18d8be85-8796-4102-a017-71d1569cefb4-768x1024.jpg\" class=\"attachment-large size-large wp-image-10671\" alt=\"\" srcset=\"https:\/\/grundschule-heinsberg.de\/wp-content\/uploads\/2025\/01\/18d8be85-8796-4102-a017-71d1569cefb4-768x1024.jpg 768w, https:\/\/grundschule-heinsberg.de\/wp-content\/uploads\/2025\/01\/18d8be85-8796-4102-a017-71d1569cefb4-225x300.jpg 225w, https:\/\/grundschule-heinsberg.de\/wp-content\/uploads\/2025\/01\/18d8be85-8796-4102-a017-71d1569cefb4.jpg 900w\" sizes=\"(max-width: 768px) 100vw, 768px\" \/>\t\t\t\t\t\t\t\t\t\t\t\t\t\t\t<\/div>\n\t\t\t\t<\/div>\n\t\t\t\t\t<\/div>\n\t\t<\/div>\n\t\t\t\t\t<\/div>\n\t\t<\/section>\n\t\t\t\t<\/div>\n\t\t","protected":false},"excerpt":{"rendered":"<p>Di 6\u00ea Kan\u00fbn\u00ea de d\u00eesa ew dem b\u00fb &#8211; Santa Claus serdana dibistana me kir \u00fb ji her pol\u00ea re surpr\u00eezek cejn\u00ea an\u00ee! Zarok bi [&hellip;]<\/p>\n","protected":false},"author":2,"featured_media":10695,"comment_status":"closed","ping_status":"open","sticky":false,"template":"","format":"standard","meta":{"inline_featured_image":false,"site-sidebar-layout":"default","site-content-layout":"","ast-site-content-layout":"default","site-content-style":"default","site-sidebar-style":"default","ast-global-header-display":"","ast-banner-title-visibility":"","ast-main-header-display":"","ast-hfb-above-header-display":"","ast-hfb-below-header-display":"","ast-hfb-mobile-header-display":"","site-post-title":"","ast-breadcrumbs-content":"","ast-featured-img":"","footer-sml-layout":"","ast-disable-related-posts":"","theme-transparent-header-meta":"","adv-header-id-meta":"","stick-header-meta":"","header-above-stick-meta":"","header-main-stick-meta":"","header-below-stick-meta":"","astra-migrate-meta-layouts":"default","ast-page-background-enabled":"default","ast-page-background-meta":{"desktop":{"background-color":"","background-image":"","background-repeat":"repeat","background-position":"center center","background-size":"auto","background-attachment":"scroll","background-type":"","background-media":"","overlay-type":"","overlay-color":"","overlay-opacity":"","overlay-gradient":""},"tablet":{"background-color":"","background-image":"","background-repeat":"repeat","background-position":"center center","background-size":"auto","background-attachment":"scroll","background-type":"","background-media":"","overlay-type":"","overlay-color":"","overlay-opacity":"","overlay-gradient":""},"mobile":{"background-color":"","background-image":"","background-repeat":"repeat","background-position":"center center","background-size":"auto","background-attachment":"scroll","background-type":"","background-media":"","overlay-type":"","overlay-color":"","overlay-opacity":"","overlay-gradient":""}},"ast-content-background-meta":{"desktop":{"background-color":"var(--ast-global-color-5)","background-image":"","background-repeat":"repeat","background-position":"center center","background-size":"auto","background-attachment":"scroll","background-type":"","background-media":"","overlay-type":"","overlay-color":"","overlay-opacity":"","overlay-gradient":""},"tablet":{"background-color":"var(--ast-global-color-5)","background-image":"","background-repeat":"repeat","background-position":"center center","background-size":"auto","background-attachment":"scroll","background-type":"","background-media":"","overlay-type":"","overlay-color":"","overlay-opacity":"","overlay-gradient":""},"mobile":{"background-color":"var(--ast-global-color-5)","background-image":"","background-repeat":"repeat","background-position":"center center","background-size":"auto","background-attachment":"scroll","background-type":"","background-media":"","overlay-type":"","overlay-color":"","overlay-opacity":"","overlay-gradient":""}},"footnotes":""},"categories":[127,88,126],"tags":[],"class_list":["post-10710","post","type-post","status-publish","format-standard","has-post-thumbnail","hentry","category-2024-ku","category-unkategorisiert","category-events-ku"],"yoast_head":"<!-- This site is optimized with the Yoast SEO plugin v27.5 - https:\/\/yoast.com\/product\/yoast-seo-wordpress\/ -->\n<title>Serdana Santa Claus - St. Katharina Grundschule Heinsberg<\/title>\n<meta name=\"robots\" content=\"index, follow, max-snippet:-1, max-image-preview:large, max-video-preview:-1\" \/>\n<link rel=\"canonical\" href=\"https:\/\/grundschule-heinsberg.de\/ku\/serdana-santa-claus-3\/\" \/>\n<meta property=\"og:locale\" content=\"en_US\" \/>\n<meta property=\"og:type\" content=\"article\" \/>\n<meta property=\"og:title\" content=\"Serdana Santa Claus - St. Katharina Grundschule Heinsberg\" \/>\n<meta property=\"og:description\" content=\"Di 6\u00ea Kan\u00fbn\u00ea de d\u00eesa ew dem b\u00fb &#8211; Santa Claus serdana dibistana me kir \u00fb ji her pol\u00ea re surpr\u00eezek cejn\u00ea an\u00ee! Zarok bi [&hellip;]\" \/>\n<meta property=\"og:url\" content=\"https:\/\/grundschule-heinsberg.de\/ku\/serdana-santa-claus-3\/\" \/>\n<meta property=\"og:site_name\" content=\"St. Katharina Grundschule Heinsberg\" \/>\n<meta property=\"article:published_time\" content=\"2025-01-12T10:41:57+00:00\" \/>\n<meta property=\"article:modified_time\" content=\"2025-06-10T08:14:11+00:00\" \/>\n<meta property=\"og:image\" content=\"https:\/\/grundschule-heinsberg.de\/wp-content\/uploads\/2025\/01\/f26fc7f4-011b-410e-90e4-b0cd00abe748.jpg\" \/>\n\t<meta property=\"og:image:width\" content=\"1200\" \/>\n\t<meta property=\"og:image:height\" content=\"900\" \/>\n\t<meta property=\"og:image:type\" content=\"image\/jpeg\" \/>\n<meta name=\"author\" content=\"Ulrike G\u00f6bel-Kohtz\" \/>\n<meta name=\"twitter:card\" content=\"summary_large_image\" \/>\n<meta name=\"twitter:label1\" content=\"Written by\" \/>\n\t<meta name=\"twitter:data1\" content=\"Ulrike G\u00f6bel-Kohtz\" \/>\n\t<meta name=\"twitter:label2\" content=\"Est. reading time\" \/>\n\t<meta name=\"twitter:data2\" content=\"1 \u062e\u0648\u0644\u06d5\u06a9\" \/>\n<script type=\"application\/ld+json\" class=\"yoast-schema-graph\">{\"@context\":\"https:\\\/\\\/schema.org\",\"@graph\":[{\"@type\":\"Article\",\"@id\":\"https:\\\/\\\/grundschule-heinsberg.de\\\/ku\\\/serdana-santa-claus-3\\\/#article\",\"isPartOf\":{\"@id\":\"https:\\\/\\\/grundschule-heinsberg.de\\\/ku\\\/serdana-santa-claus-3\\\/\"},\"author\":{\"name\":\"Ulrike G\u00f6bel-Kohtz\",\"@id\":\"https:\\\/\\\/grundschule-heinsberg.de\\\/ku\\\/#\\\/schema\\\/person\\\/9acfc4936904276e9247a22cb3de5627\"},\"headline\":\"Serdana Santa Claus\",\"datePublished\":\"2025-01-12T10:41:57+00:00\",\"dateModified\":\"2025-06-10T08:14:11+00:00\",\"mainEntityOfPage\":{\"@id\":\"https:\\\/\\\/grundschule-heinsberg.de\\\/ku\\\/serdana-santa-claus-3\\\/\"},\"wordCount\":129,\"publisher\":{\"@id\":\"https:\\\/\\\/grundschule-heinsberg.de\\\/ku\\\/#organization\"},\"image\":{\"@id\":\"https:\\\/\\\/grundschule-heinsberg.de\\\/ku\\\/serdana-santa-claus-3\\\/#primaryimage\"},\"thumbnailUrl\":\"https:\\\/\\\/grundschule-heinsberg.de\\\/wp-content\\\/uploads\\\/2025\\\/01\\\/f26fc7f4-011b-410e-90e4-b0cd00abe748.jpg\",\"articleSection\":[\"2024\",\"b\u00ea kategor\u00eezekirin\",\"Events\"],\"inLanguage\":\"ckb\"},{\"@type\":\"WebPage\",\"@id\":\"https:\\\/\\\/grundschule-heinsberg.de\\\/ku\\\/serdana-santa-claus-3\\\/\",\"url\":\"https:\\\/\\\/grundschule-heinsberg.de\\\/ku\\\/serdana-santa-claus-3\\\/\",\"name\":\"Serdana Santa Claus - St. Katharina Grundschule Heinsberg\",\"isPartOf\":{\"@id\":\"https:\\\/\\\/grundschule-heinsberg.de\\\/ku\\\/#website\"},\"primaryImageOfPage\":{\"@id\":\"https:\\\/\\\/grundschule-heinsberg.de\\\/ku\\\/serdana-santa-claus-3\\\/#primaryimage\"},\"image\":{\"@id\":\"https:\\\/\\\/grundschule-heinsberg.de\\\/ku\\\/serdana-santa-claus-3\\\/#primaryimage\"},\"thumbnailUrl\":\"https:\\\/\\\/grundschule-heinsberg.de\\\/wp-content\\\/uploads\\\/2025\\\/01\\\/f26fc7f4-011b-410e-90e4-b0cd00abe748.jpg\",\"datePublished\":\"2025-01-12T10:41:57+00:00\",\"dateModified\":\"2025-06-10T08:14:11+00:00\",\"breadcrumb\":{\"@id\":\"https:\\\/\\\/grundschule-heinsberg.de\\\/ku\\\/serdana-santa-claus-3\\\/#breadcrumb\"},\"inLanguage\":\"ckb\",\"potentialAction\":[{\"@type\":\"ReadAction\",\"target\":[\"https:\\\/\\\/grundschule-heinsberg.de\\\/ku\\\/serdana-santa-claus-3\\\/\"]}]},{\"@type\":\"ImageObject\",\"inLanguage\":\"ckb\",\"@id\":\"https:\\\/\\\/grundschule-heinsberg.de\\\/ku\\\/serdana-santa-claus-3\\\/#primaryimage\",\"url\":\"https:\\\/\\\/grundschule-heinsberg.de\\\/wp-content\\\/uploads\\\/2025\\\/01\\\/f26fc7f4-011b-410e-90e4-b0cd00abe748.jpg\",\"contentUrl\":\"https:\\\/\\\/grundschule-heinsberg.de\\\/wp-content\\\/uploads\\\/2025\\\/01\\\/f26fc7f4-011b-410e-90e4-b0cd00abe748.jpg\",\"width\":1200,\"height\":900},{\"@type\":\"BreadcrumbList\",\"@id\":\"https:\\\/\\\/grundschule-heinsberg.de\\\/ku\\\/serdana-santa-claus-3\\\/#breadcrumb\",\"itemListElement\":[{\"@type\":\"ListItem\",\"position\":1,\"name\":\"Startseite\",\"item\":\"https:\\\/\\\/grundschule-heinsberg.de\\\/ku\\\/\"},{\"@type\":\"ListItem\",\"position\":2,\"name\":\"Serdana Santa Claus\"}]},{\"@type\":\"WebSite\",\"@id\":\"https:\\\/\\\/grundschule-heinsberg.de\\\/ku\\\/#website\",\"url\":\"https:\\\/\\\/grundschule-heinsberg.de\\\/ku\\\/\",\"name\":\"St. Katharina Grundschule Heinsberg\",\"description\":\"f\u00fcreinander, voneinander, gemeinsam und individuell: Hand in Hand auf dem Weg in die Zukunft\",\"publisher\":{\"@id\":\"https:\\\/\\\/grundschule-heinsberg.de\\\/ku\\\/#organization\"},\"potentialAction\":[{\"@type\":\"SearchAction\",\"target\":{\"@type\":\"EntryPoint\",\"urlTemplate\":\"https:\\\/\\\/grundschule-heinsberg.de\\\/ku\\\/?s={search_term_string}\"},\"query-input\":{\"@type\":\"PropertyValueSpecification\",\"valueRequired\":true,\"valueName\":\"search_term_string\"}}],\"inLanguage\":\"ckb\"},{\"@type\":\"Organization\",\"@id\":\"https:\\\/\\\/grundschule-heinsberg.de\\\/ku\\\/#organization\",\"name\":\"St. Katharina Grundschule Heinsberg\",\"url\":\"https:\\\/\\\/grundschule-heinsberg.de\\\/ku\\\/\",\"logo\":{\"@type\":\"ImageObject\",\"inLanguage\":\"ckb\",\"@id\":\"https:\\\/\\\/grundschule-heinsberg.de\\\/ku\\\/#\\\/schema\\\/logo\\\/image\\\/\",\"url\":\"https:\\\/\\\/grundschule-heinsberg.de\\\/wp-content\\\/uploads\\\/2023\\\/03\\\/230307_Grundschule-Heinsberg_Logo_RGB.svg\",\"contentUrl\":\"https:\\\/\\\/grundschule-heinsberg.de\\\/wp-content\\\/uploads\\\/2023\\\/03\\\/230307_Grundschule-Heinsberg_Logo_RGB.svg\",\"width\":311,\"height\":135,\"caption\":\"St. Katharina Grundschule Heinsberg\"},\"image\":{\"@id\":\"https:\\\/\\\/grundschule-heinsberg.de\\\/ku\\\/#\\\/schema\\\/logo\\\/image\\\/\"}},{\"@type\":\"Person\",\"@id\":\"https:\\\/\\\/grundschule-heinsberg.de\\\/ku\\\/#\\\/schema\\\/person\\\/9acfc4936904276e9247a22cb3de5627\",\"name\":\"Ulrike G\u00f6bel-Kohtz\",\"image\":{\"@type\":\"ImageObject\",\"inLanguage\":\"ckb\",\"@id\":\"https:\\\/\\\/secure.gravatar.com\\\/avatar\\\/89064bb57430127056a72e7af3cc87e5f92d3b115a22e6576cb2be788dd4fac3?s=96&d=mm&r=g\",\"url\":\"https:\\\/\\\/secure.gravatar.com\\\/avatar\\\/89064bb57430127056a72e7af3cc87e5f92d3b115a22e6576cb2be788dd4fac3?s=96&d=mm&r=g\",\"contentUrl\":\"https:\\\/\\\/secure.gravatar.com\\\/avatar\\\/89064bb57430127056a72e7af3cc87e5f92d3b115a22e6576cb2be788dd4fac3?s=96&d=mm&r=g\",\"caption\":\"Ulrike G\u00f6bel-Kohtz\"},\"url\":\"https:\\\/\\\/grundschule-heinsberg.de\\\/ku\\\/author\\\/goebel-kohtz\\\/\"}]}<\/script>\n<!-- \/ Yoast SEO plugin. -->","yoast_head_json":{"title":"Serdana Santa Claus - St. Katharina Grundschule Heinsberg","robots":{"index":"index","follow":"follow","max-snippet":"max-snippet:-1","max-image-preview":"max-image-preview:large","max-video-preview":"max-video-preview:-1"},"canonical":"https:\/\/grundschule-heinsberg.de\/ku\/serdana-santa-claus-3\/","og_locale":"en_US","og_type":"article","og_title":"Serdana Santa Claus - St. Katharina Grundschule Heinsberg","og_description":"Di 6\u00ea Kan\u00fbn\u00ea de d\u00eesa ew dem b\u00fb &#8211; Santa Claus serdana dibistana me kir \u00fb ji her pol\u00ea re surpr\u00eezek cejn\u00ea an\u00ee! Zarok bi [&hellip;]","og_url":"https:\/\/grundschule-heinsberg.de\/ku\/serdana-santa-claus-3\/","og_site_name":"St. Katharina Grundschule Heinsberg","article_published_time":"2025-01-12T10:41:57+00:00","article_modified_time":"2025-06-10T08:14:11+00:00","og_image":[{"width":1200,"height":900,"url":"https:\/\/grundschule-heinsberg.de\/wp-content\/uploads\/2025\/01\/f26fc7f4-011b-410e-90e4-b0cd00abe748.jpg","type":"image\/jpeg"}],"author":"Ulrike G\u00f6bel-Kohtz","twitter_card":"summary_large_image","twitter_misc":{"Written by":"Ulrike G\u00f6bel-Kohtz","Est. reading time":"1 \u062e\u0648\u0644\u06d5\u06a9"},"schema":{"@context":"https:\/\/schema.org","@graph":[{"@type":"Article","@id":"https:\/\/grundschule-heinsberg.de\/ku\/serdana-santa-claus-3\/#article","isPartOf":{"@id":"https:\/\/grundschule-heinsberg.de\/ku\/serdana-santa-claus-3\/"},"author":{"name":"Ulrike G\u00f6bel-Kohtz","@id":"https:\/\/grundschule-heinsberg.de\/ku\/#\/schema\/person\/9acfc4936904276e9247a22cb3de5627"},"headline":"Serdana Santa Claus","datePublished":"2025-01-12T10:41:57+00:00","dateModified":"2025-06-10T08:14:11+00:00","mainEntityOfPage":{"@id":"https:\/\/grundschule-heinsberg.de\/ku\/serdana-santa-claus-3\/"},"wordCount":129,"publisher":{"@id":"https:\/\/grundschule-heinsberg.de\/ku\/#organization"},"image":{"@id":"https:\/\/grundschule-heinsberg.de\/ku\/serdana-santa-claus-3\/#primaryimage"},"thumbnailUrl":"https:\/\/grundschule-heinsberg.de\/wp-content\/uploads\/2025\/01\/f26fc7f4-011b-410e-90e4-b0cd00abe748.jpg","articleSection":["2024","b\u00ea kategor\u00eezekirin","Events"],"inLanguage":"ckb"},{"@type":"WebPage","@id":"https:\/\/grundschule-heinsberg.de\/ku\/serdana-santa-claus-3\/","url":"https:\/\/grundschule-heinsberg.de\/ku\/serdana-santa-claus-3\/","name":"Serdana Santa Claus - St. Katharina Grundschule Heinsberg","isPartOf":{"@id":"https:\/\/grundschule-heinsberg.de\/ku\/#website"},"primaryImageOfPage":{"@id":"https:\/\/grundschule-heinsberg.de\/ku\/serdana-santa-claus-3\/#primaryimage"},"image":{"@id":"https:\/\/grundschule-heinsberg.de\/ku\/serdana-santa-claus-3\/#primaryimage"},"thumbnailUrl":"https:\/\/grundschule-heinsberg.de\/wp-content\/uploads\/2025\/01\/f26fc7f4-011b-410e-90e4-b0cd00abe748.jpg","datePublished":"2025-01-12T10:41:57+00:00","dateModified":"2025-06-10T08:14:11+00:00","breadcrumb":{"@id":"https:\/\/grundschule-heinsberg.de\/ku\/serdana-santa-claus-3\/#breadcrumb"},"inLanguage":"ckb","potentialAction":[{"@type":"ReadAction","target":["https:\/\/grundschule-heinsberg.de\/ku\/serdana-santa-claus-3\/"]}]},{"@type":"ImageObject","inLanguage":"ckb","@id":"https:\/\/grundschule-heinsberg.de\/ku\/serdana-santa-claus-3\/#primaryimage","url":"https:\/\/grundschule-heinsberg.de\/wp-content\/uploads\/2025\/01\/f26fc7f4-011b-410e-90e4-b0cd00abe748.jpg","contentUrl":"https:\/\/grundschule-heinsberg.de\/wp-content\/uploads\/2025\/01\/f26fc7f4-011b-410e-90e4-b0cd00abe748.jpg","width":1200,"height":900},{"@type":"BreadcrumbList","@id":"https:\/\/grundschule-heinsberg.de\/ku\/serdana-santa-claus-3\/#breadcrumb","itemListElement":[{"@type":"ListItem","position":1,"name":"Startseite","item":"https:\/\/grundschule-heinsberg.de\/ku\/"},{"@type":"ListItem","position":2,"name":"Serdana Santa Claus"}]},{"@type":"WebSite","@id":"https:\/\/grundschule-heinsberg.de\/ku\/#website","url":"https:\/\/grundschule-heinsberg.de\/ku\/","name":"St. Katharina Grundschule Heinsberg","description":"f\u00fcreinander, voneinander, gemeinsam und individuell: Hand in Hand auf dem Weg in die Zukunft","publisher":{"@id":"https:\/\/grundschule-heinsberg.de\/ku\/#organization"},"potentialAction":[{"@type":"SearchAction","target":{"@type":"EntryPoint","urlTemplate":"https:\/\/grundschule-heinsberg.de\/ku\/?s={search_term_string}"},"query-input":{"@type":"PropertyValueSpecification","valueRequired":true,"valueName":"search_term_string"}}],"inLanguage":"ckb"},{"@type":"Organization","@id":"https:\/\/grundschule-heinsberg.de\/ku\/#organization","name":"St. Katharina Grundschule Heinsberg","url":"https:\/\/grundschule-heinsberg.de\/ku\/","logo":{"@type":"ImageObject","inLanguage":"ckb","@id":"https:\/\/grundschule-heinsberg.de\/ku\/#\/schema\/logo\/image\/","url":"https:\/\/grundschule-heinsberg.de\/wp-content\/uploads\/2023\/03\/230307_Grundschule-Heinsberg_Logo_RGB.svg","contentUrl":"https:\/\/grundschule-heinsberg.de\/wp-content\/uploads\/2023\/03\/230307_Grundschule-Heinsberg_Logo_RGB.svg","width":311,"height":135,"caption":"St. Katharina Grundschule Heinsberg"},"image":{"@id":"https:\/\/grundschule-heinsberg.de\/ku\/#\/schema\/logo\/image\/"}},{"@type":"Person","@id":"https:\/\/grundschule-heinsberg.de\/ku\/#\/schema\/person\/9acfc4936904276e9247a22cb3de5627","name":"Ulrike G\u00f6bel-Kohtz","image":{"@type":"ImageObject","inLanguage":"ckb","@id":"https:\/\/secure.gravatar.com\/avatar\/89064bb57430127056a72e7af3cc87e5f92d3b115a22e6576cb2be788dd4fac3?s=96&d=mm&r=g","url":"https:\/\/secure.gravatar.com\/avatar\/89064bb57430127056a72e7af3cc87e5f92d3b115a22e6576cb2be788dd4fac3?s=96&d=mm&r=g","contentUrl":"https:\/\/secure.gravatar.com\/avatar\/89064bb57430127056a72e7af3cc87e5f92d3b115a22e6576cb2be788dd4fac3?s=96&d=mm&r=g","caption":"Ulrike G\u00f6bel-Kohtz"},"url":"https:\/\/grundschule-heinsberg.de\/ku\/author\/goebel-kohtz\/"}]}},"_links":{"self":[{"href":"https:\/\/grundschule-heinsberg.de\/ku\/wp-json\/wp\/v2\/posts\/10710","targetHints":{"allow":["GET"]}}],"collection":[{"href":"https:\/\/grundschule-heinsberg.de\/ku\/wp-json\/wp\/v2\/posts"}],"about":[{"href":"https:\/\/grundschule-heinsberg.de\/ku\/wp-json\/wp\/v2\/types\/post"}],"author":[{"embeddable":true,"href":"https:\/\/grundschule-heinsberg.de\/ku\/wp-json\/wp\/v2\/users\/2"}],"replies":[{"embeddable":true,"href":"https:\/\/grundschule-heinsberg.de\/ku\/wp-json\/wp\/v2\/comments?post=10710"}],"version-history":[{"count":0,"href":"https:\/\/grundschule-heinsberg.de\/ku\/wp-json\/wp\/v2\/posts\/10710\/revisions"}],"wp:featuredmedia":[{"embeddable":true,"href":"https:\/\/grundschule-heinsberg.de\/ku\/wp-json\/wp\/v2\/media\/10695"}],"wp:attachment":[{"href":"https:\/\/grundschule-heinsberg.de\/ku\/wp-json\/wp\/v2\/media?parent=10710"}],"wp:term":[{"taxonomy":"category","embeddable":true,"href":"https:\/\/grundschule-heinsberg.de\/ku\/wp-json\/wp\/v2\/categories?post=10710"},{"taxonomy":"post_tag","embeddable":true,"href":"https:\/\/grundschule-heinsberg.de\/ku\/wp-json\/wp\/v2\/tags?post=10710"}],"curies":[{"name":"wp","href":"https:\/\/api.w.org\/{rel}","templated":true}]}}