{"id":5982,"date":"2023-03-25T15:12:23","date_gmt":"2023-03-25T14:12:23","guid":{"rendered":"https:\/\/grundschule-heinsberg.de\/festivala-bihare-2023\/"},"modified":"2024-03-07T14:48:54","modified_gmt":"2024-03-07T13:48:54","slug":"festivala-bihare-2023","status":"publish","type":"post","link":"https:\/\/grundschule-heinsberg.de\/ku\/festivala-bihare-2023\/","title":{"rendered":"Fest\u00eevala Bihar\u00ea 2023"},"content":{"rendered":"\t\t<div data-elementor-type=\"wp-post\" data-elementor-id=\"5982\" class=\"elementor elementor-5982 elementor-2249\">\n\t\t\t\t\t\t<section class=\"elementor-section elementor-top-section elementor-element elementor-element-9d27a4d elementor-section-boxed elementor-section-height-default elementor-section-height-default\" data-id=\"9d27a4d\" data-element_type=\"section\">\n\t\t\t\t\t\t<div class=\"elementor-container elementor-column-gap-default\">\n\t\t\t\t\t<div class=\"elementor-column elementor-col-100 elementor-top-column elementor-element elementor-element-71a518e\" data-id=\"71a518e\" data-element_type=\"column\">\n\t\t\t<div class=\"elementor-widget-wrap elementor-element-populated\">\n\t\t\t\t\t\t<div class=\"elementor-element elementor-element-643158b elementor-widget elementor-widget-text-editor\" data-id=\"643158b\" data-element_type=\"widget\" data-widget_type=\"text-editor.default\">\n\t\t\t\t<div class=\"elementor-widget-container\">\n\t\t\t\t\t\t\t\t\t<p>&#8220;\u00c7i p\u00eerozbahiya xwe\u015f!&#8221; D\u00ea \u00fb bav \u00fb zarok \u00fb her weha karmend li hev kirin. Her \u00e7end\u00ee hewaya bihar\u00ea nehatibe j\u00ee, v\u00ea yek\u00ea heway\u00ea sist nekir.<\/p>\n<p>Roja beriya Cejna Bihar\u00ea avahiya dibistan\u00ea \u00fb salona dibistan\u00ea bi hev re xemilandin. Dersa sinifa 4-an veguher\u00ee j\u00fbreyek firotan\u00ea. Gelek berhem\u00ean destan \u00ean ku zarokan ji bo bazara Paskalyay\u00ea \u00e7\u00eakirib\u00fbn, li wir hatin p\u00ea\u015fk\u00ea\u015fkirin. Her wiha l\u00fbtkeyek hat amadekirin \u00fb ji bo v\u00ea j\u00ee Sparkasse, Volksbank \u00fb hin \u015f\u00eerketan xelat\u00ean balk\u00ea\u015f dan. Em ji bo v\u00ea yek\u00ea gelek spasiya we dikin.<\/p>\n<p>Gelek d\u00ea\u00fbbav, l\u00ea di heman dem\u00ea de dap\u00eer \u00fb dap\u00eer \u00fb xwendekar\u00ean ber\u00ea j\u00ee dawetname qeb\u00fbl kirin \u00fb bi qehwe \u00fb kek\u00ea li qehwexaneya OGS an j\u00ee li salona b\u00eahnvedan\u00ea ya bi sos\u00eesek\u00ea li ser gol\u00ea ji komb\u00fbna xwe\u015f \u00fb xwe\u015f k\u00eaf kirin.<\/p>\n<p>Pi\u015ft\u00ee d\u00eelana bix\u00earhatin\u00ea ya xwendekaran \u00fb xuyab\u00fbna balk\u00ea\u015f a hunermend\u00ea kabare M\u00eecha, ku tema\u015fevanan bi kul\u00eelkek reng\u00een a pir mezin efs\u00fbn kir, zarokan xwe li dersan belav kirin. Wan c\u00fbrbec\u00fbr \u00e7alakiyan d\u00eetin: s\u00eawirana keviran, \u00e7\u00eakirina w\u00eaney\u00ean pencerey\u00ea bi reng\u00ean pencerey\u00ea, \u00e7\u00eakirina destik\u00ean hevaltiy\u00ea, temamkirina Ol\u00eempiyadek b\u00eaaqil \u00fb h\u00eaj b\u00eatir. Her wiha li salona werzi\u015f\u00ea bernameyeke werzi\u015f\u00ea \u00fb bi M\u00eecha re atolyeyek heb\u00fb.<\/p>\n<p>Di dawiy\u00ea de, Micha, hunermend\u00ea kabar\u00ea, p\u00ea\u015fandanek p\u00ea\u015fk\u00ea\u015f kir ku t\u00ea de her kes heq\u00ea perey\u00ea xwe girt.<\/p>\n\t\t\t\t\t\t\t\t<\/div>\n\t\t\t\t<\/div>\n\t\t\t\t<div class=\"elementor-element elementor-element-ae039f5 gallery-spacing-custom elementor-widget elementor-widget-image-gallery\" data-id=\"ae039f5\" data-element_type=\"widget\" data-widget_type=\"image-gallery.default\">\n\t\t\t\t<div class=\"elementor-widget-container\">\n\t\t\t\t\t\t\t<div class=\"elementor-image-gallery\">\n\t\t\t\n<a data-elementor-open-lightbox=\"yes\" data-elementor-lightbox-slideshow=\"ae039f5\" data-elementor-lightbox-title=\"fruehlingsfest-2023_3\" data-e-action-hash=\"#elementor-action%3Aaction%3Dlightbox%26settings%3DeyJpZCI6MjI1NCwidXJsIjoiaHR0cHM6XC9cL2dydW5kc2NodWxlLWhlaW5zYmVyZy5kZVwvd3AtY29udGVudFwvdXBsb2Fkc1wvMjAyM1wvMDVcL2ZydWVobGluZ3NmZXN0LTIwMjNfMy1lMTY4MzYyODIyNTEwMS5qcGciLCJzbGlkZXNob3ciOiJhZTAzOWY1In0%3D\" href='https:\/\/grundschule-heinsberg.de\/wp-content\/uploads\/2023\/05\/fruehlingsfest-2023_3-e1683628225101.jpg'><img fetchpriority=\"high\" decoding=\"async\" width=\"768\" height=\"1024\" src=\"https:\/\/grundschule-heinsberg.de\/wp-content\/uploads\/2023\/05\/fruehlingsfest-2023_3-e1683628225101-768x1024.jpg\" class=\"attachment-medium_large size-medium_large\" alt=\"\" srcset=\"https:\/\/grundschule-heinsberg.de\/wp-content\/uploads\/2023\/05\/fruehlingsfest-2023_3-e1683628225101-768x1024.jpg 768w, https:\/\/grundschule-heinsberg.de\/wp-content\/uploads\/2023\/05\/fruehlingsfest-2023_3-e1683628225101-225x300.jpg 225w, https:\/\/grundschule-heinsberg.de\/wp-content\/uploads\/2023\/05\/fruehlingsfest-2023_3-e1683628225101.jpg 900w\" sizes=\"(max-width: 768px) 100vw, 768px\" \/><\/a>\n<a data-elementor-open-lightbox=\"yes\" data-elementor-lightbox-slideshow=\"ae039f5\" data-elementor-lightbox-title=\"fruehlingsfest-2023_2\" data-e-action-hash=\"#elementor-action%3Aaction%3Dlightbox%26settings%3DeyJpZCI6MjI1NiwidXJsIjoiaHR0cHM6XC9cL2dydW5kc2NodWxlLWhlaW5zYmVyZy5kZVwvd3AtY29udGVudFwvdXBsb2Fkc1wvMjAyM1wvMDVcL2ZydWVobGluZ3NmZXN0LTIwMjNfMi1lMTY4MzYyODIzNzE1NS5qcGciLCJzbGlkZXNob3ciOiJhZTAzOWY1In0%3D\" href='https:\/\/grundschule-heinsberg.de\/wp-content\/uploads\/2023\/05\/fruehlingsfest-2023_2-e1683628237155.jpg'><img decoding=\"async\" width=\"768\" height=\"1024\" src=\"https:\/\/grundschule-heinsberg.de\/wp-content\/uploads\/2023\/05\/fruehlingsfest-2023_2-e1683628237155-768x1024.jpg\" class=\"attachment-medium_large size-medium_large\" alt=\"\" srcset=\"https:\/\/grundschule-heinsberg.de\/wp-content\/uploads\/2023\/05\/fruehlingsfest-2023_2-e1683628237155-768x1024.jpg 768w, https:\/\/grundschule-heinsberg.de\/wp-content\/uploads\/2023\/05\/fruehlingsfest-2023_2-e1683628237155-225x300.jpg 225w, https:\/\/grundschule-heinsberg.de\/wp-content\/uploads\/2023\/05\/fruehlingsfest-2023_2-e1683628237155.jpg 900w\" sizes=\"(max-width: 768px) 100vw, 768px\" \/><\/a>\n<a data-elementor-open-lightbox=\"yes\" data-elementor-lightbox-slideshow=\"ae039f5\" data-elementor-lightbox-title=\"fruehlingsfest-2023_4\" data-e-action-hash=\"#elementor-action%3Aaction%3Dlightbox%26settings%3DeyJpZCI6MjI1NSwidXJsIjoiaHR0cHM6XC9cL2dydW5kc2NodWxlLWhlaW5zYmVyZy5kZVwvd3AtY29udGVudFwvdXBsb2Fkc1wvMjAyM1wvMDVcL2ZydWVobGluZ3NmZXN0LTIwMjNfNC5qcGciLCJzbGlkZXNob3ciOiJhZTAzOWY1In0%3D\" href='https:\/\/grundschule-heinsberg.de\/wp-content\/uploads\/2023\/05\/fruehlingsfest-2023_4.jpg'><img decoding=\"async\" width=\"768\" height=\"576\" src=\"https:\/\/grundschule-heinsberg.de\/wp-content\/uploads\/2023\/05\/fruehlingsfest-2023_4-768x576.jpg\" class=\"attachment-medium_large size-medium_large\" alt=\"\" srcset=\"https:\/\/grundschule-heinsberg.de\/wp-content\/uploads\/2023\/05\/fruehlingsfest-2023_4-768x576.jpg 768w, https:\/\/grundschule-heinsberg.de\/wp-content\/uploads\/2023\/05\/fruehlingsfest-2023_4-300x225.jpg 300w, https:\/\/grundschule-heinsberg.de\/wp-content\/uploads\/2023\/05\/fruehlingsfest-2023_4-1024x768.jpg 1024w, https:\/\/grundschule-heinsberg.de\/wp-content\/uploads\/2023\/05\/fruehlingsfest-2023_4.jpg 1200w\" sizes=\"(max-width: 768px) 100vw, 768px\" \/><\/a>\n\t\t<\/div>\n\t\t\t\t\t\t<\/div>\n\t\t\t\t<\/div>\n\t\t\t\t\t<\/div>\n\t\t<\/div>\n\t\t\t\t\t<\/div>\n\t\t<\/section>\n\t\t\t\t<\/div>\n\t\t","protected":false},"excerpt":{"rendered":"<p>&#8220;\u00c7i p\u00eerozbahiya xwe\u015f!&#8221; D\u00ea \u00fb bav \u00fb zarok \u00fb her weha karmend li hev kirin. Her \u00e7end\u00ee hewaya bihar\u00ea nehatibe j\u00ee, v\u00ea yek\u00ea heway\u00ea sist [&hellip;]<\/p>\n","protected":false},"author":1,"featured_media":5983,"comment_status":"closed","ping_status":"closed","sticky":false,"template":"","format":"standard","meta":{"inline_featured_image":false,"site-sidebar-layout":"default","site-content-layout":"","ast-site-content-layout":"default","site-content-style":"default","site-sidebar-style":"default","ast-global-header-display":"","ast-banner-title-visibility":"","ast-main-header-display":"","ast-hfb-above-header-display":"","ast-hfb-below-header-display":"","ast-hfb-mobile-header-display":"","site-post-title":"","ast-breadcrumbs-content":"","ast-featured-img":"","footer-sml-layout":"","ast-disable-related-posts":"","theme-transparent-header-meta":"","adv-header-id-meta":"","stick-header-meta":"","header-above-stick-meta":"","header-main-stick-meta":"","header-below-stick-meta":"","astra-migrate-meta-layouts":"default","ast-page-background-enabled":"default","ast-page-background-meta":{"desktop":{"background-color":"","background-image":"","background-repeat":"repeat","background-position":"center center","background-size":"auto","background-attachment":"scroll","background-type":"","background-media":"","overlay-type":"","overlay-color":"","overlay-opacity":"","overlay-gradient":""},"tablet":{"background-color":"","background-image":"","background-repeat":"repeat","background-position":"center center","background-size":"auto","background-attachment":"scroll","background-type":"","background-media":"","overlay-type":"","overlay-color":"","overlay-opacity":"","overlay-gradient":""},"mobile":{"background-color":"","background-image":"","background-repeat":"repeat","background-position":"center center","background-size":"auto","background-attachment":"scroll","background-type":"","background-media":"","overlay-type":"","overlay-color":"","overlay-opacity":"","overlay-gradient":""}},"ast-content-background-meta":{"desktop":{"background-color":"var(--ast-global-color-5)","background-image":"","background-repeat":"repeat","background-position":"center center","background-size":"auto","background-attachment":"scroll","background-type":"","background-media":"","overlay-type":"","overlay-color":"","overlay-opacity":"","overlay-gradient":""},"tablet":{"background-color":"var(--ast-global-color-5)","background-image":"","background-repeat":"repeat","background-position":"center center","background-size":"auto","background-attachment":"scroll","background-type":"","background-media":"","overlay-type":"","overlay-color":"","overlay-opacity":"","overlay-gradient":""},"mobile":{"background-color":"var(--ast-global-color-5)","background-image":"","background-repeat":"repeat","background-position":"center center","background-size":"auto","background-attachment":"scroll","background-type":"","background-media":"","overlay-type":"","overlay-color":"","overlay-opacity":"","overlay-gradient":""}},"footnotes":""},"categories":[128,88,126],"tags":[],"class_list":["post-5982","post","type-post","status-publish","format-standard","has-post-thumbnail","hentry","category-2023-ku","category-unkategorisiert","category-events-ku"],"yoast_head":"<!-- This site is optimized with the Yoast SEO plugin v27.5 - https:\/\/yoast.com\/product\/yoast-seo-wordpress\/ -->\n<title>Fest\u00eevala Bihar\u00ea 2023 - St. Katharina Grundschule Heinsberg<\/title>\n<meta name=\"robots\" content=\"index, follow, max-snippet:-1, max-image-preview:large, max-video-preview:-1\" \/>\n<link rel=\"canonical\" href=\"https:\/\/grundschule-heinsberg.de\/ku\/festivala-bihare-2023\/\" \/>\n<meta property=\"og:locale\" content=\"en_US\" \/>\n<meta property=\"og:type\" content=\"article\" \/>\n<meta property=\"og:title\" content=\"Fest\u00eevala Bihar\u00ea 2023 - St. Katharina Grundschule Heinsberg\" \/>\n<meta property=\"og:description\" content=\"&#8220;\u00c7i p\u00eerozbahiya xwe\u015f!&#8221; D\u00ea \u00fb bav \u00fb zarok \u00fb her weha karmend li hev kirin. Her \u00e7end\u00ee hewaya bihar\u00ea nehatibe j\u00ee, v\u00ea yek\u00ea heway\u00ea sist [&hellip;]\" \/>\n<meta property=\"og:url\" content=\"https:\/\/grundschule-heinsberg.de\/ku\/festivala-bihare-2023\/\" \/>\n<meta property=\"og:site_name\" content=\"St. Katharina Grundschule Heinsberg\" \/>\n<meta property=\"article:published_time\" content=\"2023-03-25T14:12:23+00:00\" \/>\n<meta property=\"article:modified_time\" content=\"2024-03-07T13:48:54+00:00\" \/>\n<meta property=\"og:image\" content=\"https:\/\/grundschule-heinsberg.de\/wp-content\/uploads\/2023\/05\/beautiful-flowers-flower-background-flower-wallpaper-1368187.jpg\" \/>\n\t<meta property=\"og:image:width\" content=\"1200\" \/>\n\t<meta property=\"og:image:height\" content=\"712\" \/>\n\t<meta property=\"og:image:type\" content=\"image\/jpeg\" \/>\n<meta name=\"author\" content=\"admin_gr-he_idee-medien\" \/>\n<meta name=\"twitter:card\" content=\"summary_large_image\" \/>\n<meta name=\"twitter:label1\" content=\"Written by\" \/>\n\t<meta name=\"twitter:data1\" content=\"admin_gr-he_idee-medien\" \/>\n\t<meta name=\"twitter:label2\" content=\"Est. reading time\" \/>\n\t<meta name=\"twitter:data2\" content=\"1 \u062e\u0648\u0644\u06d5\u06a9\" \/>\n<script type=\"application\/ld+json\" class=\"yoast-schema-graph\">{\"@context\":\"https:\\\/\\\/schema.org\",\"@graph\":[{\"@type\":\"Article\",\"@id\":\"https:\\\/\\\/grundschule-heinsberg.de\\\/ku\\\/festivala-bihare-2023\\\/#article\",\"isPartOf\":{\"@id\":\"https:\\\/\\\/grundschule-heinsberg.de\\\/ku\\\/festivala-bihare-2023\\\/\"},\"author\":{\"name\":\"admin_gr-he_idee-medien\",\"@id\":\"https:\\\/\\\/grundschule-heinsberg.de\\\/ku\\\/#\\\/schema\\\/person\\\/acef6ad27ff279a319f9b21b92557a0f\"},\"headline\":\"Fest\u00eevala Bihar\u00ea 2023\",\"datePublished\":\"2023-03-25T14:12:23+00:00\",\"dateModified\":\"2024-03-07T13:48:54+00:00\",\"mainEntityOfPage\":{\"@id\":\"https:\\\/\\\/grundschule-heinsberg.de\\\/ku\\\/festivala-bihare-2023\\\/\"},\"wordCount\":240,\"publisher\":{\"@id\":\"https:\\\/\\\/grundschule-heinsberg.de\\\/ku\\\/#organization\"},\"image\":{\"@id\":\"https:\\\/\\\/grundschule-heinsberg.de\\\/ku\\\/festivala-bihare-2023\\\/#primaryimage\"},\"thumbnailUrl\":\"https:\\\/\\\/grundschule-heinsberg.de\\\/wp-content\\\/uploads\\\/2023\\\/05\\\/beautiful-flowers-flower-background-flower-wallpaper-1368187.jpg\",\"articleSection\":[\"2023\",\"b\u00ea kategor\u00eezekirin\",\"Events\"],\"inLanguage\":\"ckb\"},{\"@type\":\"WebPage\",\"@id\":\"https:\\\/\\\/grundschule-heinsberg.de\\\/ku\\\/festivala-bihare-2023\\\/\",\"url\":\"https:\\\/\\\/grundschule-heinsberg.de\\\/ku\\\/festivala-bihare-2023\\\/\",\"name\":\"Fest\u00eevala Bihar\u00ea 2023 - St. Katharina Grundschule Heinsberg\",\"isPartOf\":{\"@id\":\"https:\\\/\\\/grundschule-heinsberg.de\\\/ku\\\/#website\"},\"primaryImageOfPage\":{\"@id\":\"https:\\\/\\\/grundschule-heinsberg.de\\\/ku\\\/festivala-bihare-2023\\\/#primaryimage\"},\"image\":{\"@id\":\"https:\\\/\\\/grundschule-heinsberg.de\\\/ku\\\/festivala-bihare-2023\\\/#primaryimage\"},\"thumbnailUrl\":\"https:\\\/\\\/grundschule-heinsberg.de\\\/wp-content\\\/uploads\\\/2023\\\/05\\\/beautiful-flowers-flower-background-flower-wallpaper-1368187.jpg\",\"datePublished\":\"2023-03-25T14:12:23+00:00\",\"dateModified\":\"2024-03-07T13:48:54+00:00\",\"breadcrumb\":{\"@id\":\"https:\\\/\\\/grundschule-heinsberg.de\\\/ku\\\/festivala-bihare-2023\\\/#breadcrumb\"},\"inLanguage\":\"ckb\",\"potentialAction\":[{\"@type\":\"ReadAction\",\"target\":[\"https:\\\/\\\/grundschule-heinsberg.de\\\/ku\\\/festivala-bihare-2023\\\/\"]}]},{\"@type\":\"ImageObject\",\"inLanguage\":\"ckb\",\"@id\":\"https:\\\/\\\/grundschule-heinsberg.de\\\/ku\\\/festivala-bihare-2023\\\/#primaryimage\",\"url\":\"https:\\\/\\\/grundschule-heinsberg.de\\\/wp-content\\\/uploads\\\/2023\\\/05\\\/beautiful-flowers-flower-background-flower-wallpaper-1368187.jpg\",\"contentUrl\":\"https:\\\/\\\/grundschule-heinsberg.de\\\/wp-content\\\/uploads\\\/2023\\\/05\\\/beautiful-flowers-flower-background-flower-wallpaper-1368187.jpg\",\"width\":1200,\"height\":712},{\"@type\":\"BreadcrumbList\",\"@id\":\"https:\\\/\\\/grundschule-heinsberg.de\\\/ku\\\/festivala-bihare-2023\\\/#breadcrumb\",\"itemListElement\":[{\"@type\":\"ListItem\",\"position\":1,\"name\":\"Startseite\",\"item\":\"https:\\\/\\\/grundschule-heinsberg.de\\\/ku\\\/\"},{\"@type\":\"ListItem\",\"position\":2,\"name\":\"Fest\u00eevala Bihar\u00ea 2023\"}]},{\"@type\":\"WebSite\",\"@id\":\"https:\\\/\\\/grundschule-heinsberg.de\\\/ku\\\/#website\",\"url\":\"https:\\\/\\\/grundschule-heinsberg.de\\\/ku\\\/\",\"name\":\"St. Katharina Grundschule Heinsberg\",\"description\":\"f\u00fcreinander, voneinander, gemeinsam und individuell: Hand in Hand auf dem Weg in die Zukunft\",\"publisher\":{\"@id\":\"https:\\\/\\\/grundschule-heinsberg.de\\\/ku\\\/#organization\"},\"potentialAction\":[{\"@type\":\"SearchAction\",\"target\":{\"@type\":\"EntryPoint\",\"urlTemplate\":\"https:\\\/\\\/grundschule-heinsberg.de\\\/ku\\\/?s={search_term_string}\"},\"query-input\":{\"@type\":\"PropertyValueSpecification\",\"valueRequired\":true,\"valueName\":\"search_term_string\"}}],\"inLanguage\":\"ckb\"},{\"@type\":\"Organization\",\"@id\":\"https:\\\/\\\/grundschule-heinsberg.de\\\/ku\\\/#organization\",\"name\":\"St. Katharina Grundschule Heinsberg\",\"url\":\"https:\\\/\\\/grundschule-heinsberg.de\\\/ku\\\/\",\"logo\":{\"@type\":\"ImageObject\",\"inLanguage\":\"ckb\",\"@id\":\"https:\\\/\\\/grundschule-heinsberg.de\\\/ku\\\/#\\\/schema\\\/logo\\\/image\\\/\",\"url\":\"https:\\\/\\\/grundschule-heinsberg.de\\\/wp-content\\\/uploads\\\/2023\\\/03\\\/230307_Grundschule-Heinsberg_Logo_RGB.svg\",\"contentUrl\":\"https:\\\/\\\/grundschule-heinsberg.de\\\/wp-content\\\/uploads\\\/2023\\\/03\\\/230307_Grundschule-Heinsberg_Logo_RGB.svg\",\"width\":311,\"height\":135,\"caption\":\"St. Katharina Grundschule Heinsberg\"},\"image\":{\"@id\":\"https:\\\/\\\/grundschule-heinsberg.de\\\/ku\\\/#\\\/schema\\\/logo\\\/image\\\/\"}},{\"@type\":\"Person\",\"@id\":\"https:\\\/\\\/grundschule-heinsberg.de\\\/ku\\\/#\\\/schema\\\/person\\\/acef6ad27ff279a319f9b21b92557a0f\",\"name\":\"admin_gr-he_idee-medien\",\"image\":{\"@type\":\"ImageObject\",\"inLanguage\":\"ckb\",\"@id\":\"https:\\\/\\\/secure.gravatar.com\\\/avatar\\\/3f7953307bc892878263237304aae9b6e18a6dbebdc94c81a7af7be19be0fdb4?s=96&d=mm&r=g\",\"url\":\"https:\\\/\\\/secure.gravatar.com\\\/avatar\\\/3f7953307bc892878263237304aae9b6e18a6dbebdc94c81a7af7be19be0fdb4?s=96&d=mm&r=g\",\"contentUrl\":\"https:\\\/\\\/secure.gravatar.com\\\/avatar\\\/3f7953307bc892878263237304aae9b6e18a6dbebdc94c81a7af7be19be0fdb4?s=96&d=mm&r=g\",\"caption\":\"admin_gr-he_idee-medien\"},\"sameAs\":[\"http:\\\/\\\/grundschule-heinsberg.de\"],\"url\":\"https:\\\/\\\/grundschule-heinsberg.de\\\/ku\\\/author\\\/admin_gr-he_idee-medien\\\/\"}]}<\/script>\n<!-- \/ Yoast SEO plugin. -->","yoast_head_json":{"title":"Fest\u00eevala Bihar\u00ea 2023 - St. Katharina Grundschule Heinsberg","robots":{"index":"index","follow":"follow","max-snippet":"max-snippet:-1","max-image-preview":"max-image-preview:large","max-video-preview":"max-video-preview:-1"},"canonical":"https:\/\/grundschule-heinsberg.de\/ku\/festivala-bihare-2023\/","og_locale":"en_US","og_type":"article","og_title":"Fest\u00eevala Bihar\u00ea 2023 - St. Katharina Grundschule Heinsberg","og_description":"&#8220;\u00c7i p\u00eerozbahiya xwe\u015f!&#8221; D\u00ea \u00fb bav \u00fb zarok \u00fb her weha karmend li hev kirin. Her \u00e7end\u00ee hewaya bihar\u00ea nehatibe j\u00ee, v\u00ea yek\u00ea heway\u00ea sist [&hellip;]","og_url":"https:\/\/grundschule-heinsberg.de\/ku\/festivala-bihare-2023\/","og_site_name":"St. Katharina Grundschule Heinsberg","article_published_time":"2023-03-25T14:12:23+00:00","article_modified_time":"2024-03-07T13:48:54+00:00","og_image":[{"width":1200,"height":712,"url":"https:\/\/grundschule-heinsberg.de\/wp-content\/uploads\/2023\/05\/beautiful-flowers-flower-background-flower-wallpaper-1368187.jpg","type":"image\/jpeg"}],"author":"admin_gr-he_idee-medien","twitter_card":"summary_large_image","twitter_misc":{"Written by":"admin_gr-he_idee-medien","Est. reading time":"1 \u062e\u0648\u0644\u06d5\u06a9"},"schema":{"@context":"https:\/\/schema.org","@graph":[{"@type":"Article","@id":"https:\/\/grundschule-heinsberg.de\/ku\/festivala-bihare-2023\/#article","isPartOf":{"@id":"https:\/\/grundschule-heinsberg.de\/ku\/festivala-bihare-2023\/"},"author":{"name":"admin_gr-he_idee-medien","@id":"https:\/\/grundschule-heinsberg.de\/ku\/#\/schema\/person\/acef6ad27ff279a319f9b21b92557a0f"},"headline":"Fest\u00eevala Bihar\u00ea 2023","datePublished":"2023-03-25T14:12:23+00:00","dateModified":"2024-03-07T13:48:54+00:00","mainEntityOfPage":{"@id":"https:\/\/grundschule-heinsberg.de\/ku\/festivala-bihare-2023\/"},"wordCount":240,"publisher":{"@id":"https:\/\/grundschule-heinsberg.de\/ku\/#organization"},"image":{"@id":"https:\/\/grundschule-heinsberg.de\/ku\/festivala-bihare-2023\/#primaryimage"},"thumbnailUrl":"https:\/\/grundschule-heinsberg.de\/wp-content\/uploads\/2023\/05\/beautiful-flowers-flower-background-flower-wallpaper-1368187.jpg","articleSection":["2023","b\u00ea kategor\u00eezekirin","Events"],"inLanguage":"ckb"},{"@type":"WebPage","@id":"https:\/\/grundschule-heinsberg.de\/ku\/festivala-bihare-2023\/","url":"https:\/\/grundschule-heinsberg.de\/ku\/festivala-bihare-2023\/","name":"Fest\u00eevala Bihar\u00ea 2023 - St. Katharina Grundschule Heinsberg","isPartOf":{"@id":"https:\/\/grundschule-heinsberg.de\/ku\/#website"},"primaryImageOfPage":{"@id":"https:\/\/grundschule-heinsberg.de\/ku\/festivala-bihare-2023\/#primaryimage"},"image":{"@id":"https:\/\/grundschule-heinsberg.de\/ku\/festivala-bihare-2023\/#primaryimage"},"thumbnailUrl":"https:\/\/grundschule-heinsberg.de\/wp-content\/uploads\/2023\/05\/beautiful-flowers-flower-background-flower-wallpaper-1368187.jpg","datePublished":"2023-03-25T14:12:23+00:00","dateModified":"2024-03-07T13:48:54+00:00","breadcrumb":{"@id":"https:\/\/grundschule-heinsberg.de\/ku\/festivala-bihare-2023\/#breadcrumb"},"inLanguage":"ckb","potentialAction":[{"@type":"ReadAction","target":["https:\/\/grundschule-heinsberg.de\/ku\/festivala-bihare-2023\/"]}]},{"@type":"ImageObject","inLanguage":"ckb","@id":"https:\/\/grundschule-heinsberg.de\/ku\/festivala-bihare-2023\/#primaryimage","url":"https:\/\/grundschule-heinsberg.de\/wp-content\/uploads\/2023\/05\/beautiful-flowers-flower-background-flower-wallpaper-1368187.jpg","contentUrl":"https:\/\/grundschule-heinsberg.de\/wp-content\/uploads\/2023\/05\/beautiful-flowers-flower-background-flower-wallpaper-1368187.jpg","width":1200,"height":712},{"@type":"BreadcrumbList","@id":"https:\/\/grundschule-heinsberg.de\/ku\/festivala-bihare-2023\/#breadcrumb","itemListElement":[{"@type":"ListItem","position":1,"name":"Startseite","item":"https:\/\/grundschule-heinsberg.de\/ku\/"},{"@type":"ListItem","position":2,"name":"Fest\u00eevala Bihar\u00ea 2023"}]},{"@type":"WebSite","@id":"https:\/\/grundschule-heinsberg.de\/ku\/#website","url":"https:\/\/grundschule-heinsberg.de\/ku\/","name":"St. Katharina Grundschule Heinsberg","description":"f\u00fcreinander, voneinander, gemeinsam und individuell: Hand in Hand auf dem Weg in die Zukunft","publisher":{"@id":"https:\/\/grundschule-heinsberg.de\/ku\/#organization"},"potentialAction":[{"@type":"SearchAction","target":{"@type":"EntryPoint","urlTemplate":"https:\/\/grundschule-heinsberg.de\/ku\/?s={search_term_string}"},"query-input":{"@type":"PropertyValueSpecification","valueRequired":true,"valueName":"search_term_string"}}],"inLanguage":"ckb"},{"@type":"Organization","@id":"https:\/\/grundschule-heinsberg.de\/ku\/#organization","name":"St. Katharina Grundschule Heinsberg","url":"https:\/\/grundschule-heinsberg.de\/ku\/","logo":{"@type":"ImageObject","inLanguage":"ckb","@id":"https:\/\/grundschule-heinsberg.de\/ku\/#\/schema\/logo\/image\/","url":"https:\/\/grundschule-heinsberg.de\/wp-content\/uploads\/2023\/03\/230307_Grundschule-Heinsberg_Logo_RGB.svg","contentUrl":"https:\/\/grundschule-heinsberg.de\/wp-content\/uploads\/2023\/03\/230307_Grundschule-Heinsberg_Logo_RGB.svg","width":311,"height":135,"caption":"St. Katharina Grundschule Heinsberg"},"image":{"@id":"https:\/\/grundschule-heinsberg.de\/ku\/#\/schema\/logo\/image\/"}},{"@type":"Person","@id":"https:\/\/grundschule-heinsberg.de\/ku\/#\/schema\/person\/acef6ad27ff279a319f9b21b92557a0f","name":"admin_gr-he_idee-medien","image":{"@type":"ImageObject","inLanguage":"ckb","@id":"https:\/\/secure.gravatar.com\/avatar\/3f7953307bc892878263237304aae9b6e18a6dbebdc94c81a7af7be19be0fdb4?s=96&d=mm&r=g","url":"https:\/\/secure.gravatar.com\/avatar\/3f7953307bc892878263237304aae9b6e18a6dbebdc94c81a7af7be19be0fdb4?s=96&d=mm&r=g","contentUrl":"https:\/\/secure.gravatar.com\/avatar\/3f7953307bc892878263237304aae9b6e18a6dbebdc94c81a7af7be19be0fdb4?s=96&d=mm&r=g","caption":"admin_gr-he_idee-medien"},"sameAs":["http:\/\/grundschule-heinsberg.de"],"url":"https:\/\/grundschule-heinsberg.de\/ku\/author\/admin_gr-he_idee-medien\/"}]}},"_links":{"self":[{"href":"https:\/\/grundschule-heinsberg.de\/ku\/wp-json\/wp\/v2\/posts\/5982","targetHints":{"allow":["GET"]}}],"collection":[{"href":"https:\/\/grundschule-heinsberg.de\/ku\/wp-json\/wp\/v2\/posts"}],"about":[{"href":"https:\/\/grundschule-heinsberg.de\/ku\/wp-json\/wp\/v2\/types\/post"}],"author":[{"embeddable":true,"href":"https:\/\/grundschule-heinsberg.de\/ku\/wp-json\/wp\/v2\/users\/1"}],"replies":[{"embeddable":true,"href":"https:\/\/grundschule-heinsberg.de\/ku\/wp-json\/wp\/v2\/comments?post=5982"}],"version-history":[{"count":0,"href":"https:\/\/grundschule-heinsberg.de\/ku\/wp-json\/wp\/v2\/posts\/5982\/revisions"}],"wp:featuredmedia":[{"embeddable":true,"href":"https:\/\/grundschule-heinsberg.de\/ku\/wp-json\/wp\/v2\/media\/5983"}],"wp:attachment":[{"href":"https:\/\/grundschule-heinsberg.de\/ku\/wp-json\/wp\/v2\/media?parent=5982"}],"wp:term":[{"taxonomy":"category","embeddable":true,"href":"https:\/\/grundschule-heinsberg.de\/ku\/wp-json\/wp\/v2\/categories?post=5982"},{"taxonomy":"post_tag","embeddable":true,"href":"https:\/\/grundschule-heinsberg.de\/ku\/wp-json\/wp\/v2\/tags?post=5982"}],"curies":[{"name":"wp","href":"https:\/\/api.w.org\/{rel}","templated":true}]}}