{"id":5988,"date":"2022-12-16T16:40:00","date_gmt":"2022-12-16T15:40:00","guid":{"rendered":"https:\/\/grundschule-heinsberg.de\/roja-bapir-u-dapir-2022\/"},"modified":"2024-03-07T14:51:32","modified_gmt":"2024-03-07T13:51:32","slug":"roja-bapir-u-dapir-2022","status":"publish","type":"post","link":"https:\/\/grundschule-heinsberg.de\/ku\/roja-bapir-u-dapir-2022\/","title":{"rendered":"Roja Bap\u00eer \u00fb Dap\u00eer 2022"},"content":{"rendered":"\t\t<div data-elementor-type=\"wp-post\" data-elementor-id=\"5988\" class=\"elementor elementor-5988 elementor-793\">\n\t\t\t\t\t\t<section class=\"elementor-section elementor-top-section elementor-element elementor-element-be4e28b elementor-section-boxed elementor-section-height-default elementor-section-height-default\" data-id=\"be4e28b\" data-element_type=\"section\">\n\t\t\t\t\t\t<div class=\"elementor-container elementor-column-gap-default\">\n\t\t\t\t\t<div class=\"elementor-column elementor-col-100 elementor-top-column elementor-element elementor-element-084c892\" data-id=\"084c892\" data-element_type=\"column\">\n\t\t\t<div class=\"elementor-widget-wrap elementor-element-populated\">\n\t\t\t\t\t\t<div class=\"elementor-element elementor-element-716ac6f elementor-widget elementor-widget-text-editor\" data-id=\"716ac6f\" data-element_type=\"widget\" data-widget_type=\"text-editor.default\">\n\t\t\t\t<div class=\"elementor-widget-container\">\n\t\t\t\t\t\t\t\t\t<div class=\"et_pb_row et_pb_row_0\">\n<div class=\"et_pb_column et_pb_column_4_4 et_pb_column_0 et_pb_css_mix_blend_mode_passthrough et-last-child\">\n<div class=\"et_pb_module et_pb_text et_pb_text_0 et_pb_text_align_left et_pb_bg_layout_light\">\n<div class=\"et_pb_text_inner\">\n<p>Pi\u015ft\u00ee navberek du-sal\u00ee ji ber pandemiy\u00ea, Roja Dap\u00eer \u00fb Bap\u00eer di dawiy\u00ea de dikare d\u00eesa li Dibistana Seretay\u00ee ya St. Katharina p\u00eak were. Salona gulebaran\u00ea ya bi xemilandina Noel\u00ea, ku kl\u00fbba gulebaran\u00ea ji bo p\u00eerozbahiy\u00ea amade kirib\u00fb, sibeha \u00cen\u00ea pir z\u00fb tije b\u00fb. P\u00eerozbahiy\u00ea bi r\u00eazgirtin\u00ea dest p\u00ea kir \u00fb bi bernameyeke curbecur bi daw\u00ee b\u00fb.<br>Hem\u00fb dap\u00eer \u00fb dap\u00eer cihek ji bo r\u00fbni\u015ftina xwe d\u00eetin \u00fb pa\u015f\u00ea bi neviy\u00ean xwe re li ser sifreya dir\u00eaj \u00fb xemiland\u00ee ta\u015ft\u00eayek dilxwe\u015f kirin.<\/p>\n<p>D\u00ea \u00fb bav bi pi\u015ftgiriya mamosteyan \u00fb serpere\u015ftyar\u00ea rojek ber\u00ea salona gulebaran\u00ea d\u00eezayn kirin \u00fb xemilandin. D\u00ea \u00fb bav j\u00ee bi bex\u015fandina kek \u00fb sandw\u00ee\u00e7\u00ean beden\u00ee li ser rew\u015fa xwe ya beden\u00ee tevdigerin.<\/p>\n<p>Ruh\u00ea Noel\u00ea bi saya h\u00eeley\u00ean Sersal\u00ea y\u00ean pola s\u00eayem\u00een \u00fb \u00e7arem\u00een z\u00fb derket hol\u00ea. Gelek \u015fano \u00fb stran\u00ean ku \u015fagirt\u00ean pola yekem \u00fb duyem\u00een j\u00ee amade kirib\u00fbn, li pey wan hatin. Di dawiy\u00ea de her kes\u00ee bi komeke mezin bi hev re strana &#8220;Newroz p\u00eeroz be&#8221;. P\u00eerozbah\u00ee bi v\u00ea peyama Newroz\u00ea bi daw\u00ee b\u00fb. Dap\u00eer \u00fb dap\u00eer bi r\u00fby\u00ean ge\u015f ji \u015fahiya Noel\u00ea derketin \u00fb \u00e7av\u00ean zarokan \u00ean biriqand\u00ee n\u00ee\u015fan da ku amadekariya berfireh careke din h\u00eaja b\u00fb.<\/p>\n<p>Spas ji bo hem\u00ee dest\u00ean al\u00eekariy\u00ea y\u00ean ku ev roj p\u00eak an\u00een.<\/p>\n<\/div>\n<\/div>\n<\/div>\n<\/div>\t\t\t\t\t\t\t\t<\/div>\n\t\t\t\t<\/div>\n\t\t\t\t<div class=\"elementor-element elementor-element-18cec50 gallery-spacing-custom elementor-widget elementor-widget-image-gallery\" data-id=\"18cec50\" data-element_type=\"widget\" data-widget_type=\"image-gallery.default\">\n\t\t\t\t<div class=\"elementor-widget-container\">\n\t\t\t\t\t\t\t<div class=\"elementor-image-gallery\">\n\t\t\t<div id='gallery-1' class='gallery galleryid-5988 gallery-columns-2 gallery-size-medium_large'><figure class='gallery-item'>\n\t\t\t<div class='gallery-icon landscape'>\n\t\t\t\t<a data-elementor-open-lightbox=\"yes\" data-elementor-lightbox-slideshow=\"18cec50\" data-elementor-lightbox-title=\"grosselternsingen-2022_IMG_2535\" data-e-action-hash=\"#elementor-action%3Aaction%3Dlightbox%26settings%3DeyJpZCI6ODAwLCJ1cmwiOiJodHRwczpcL1wvZ3J1bmRzY2h1bGUtaGVpbnNiZXJnLmRlXC93cC1jb250ZW50XC91cGxvYWRzXC8yMDIzXC8wM1wvZ3Jvc3NlbHRlcm5zaW5nZW4tMjAyMl9JTUdfMjUzNS5qcGciLCJzbGlkZXNob3ciOiIxOGNlYzUwIn0%3D\" href='https:\/\/grundschule-heinsberg.de\/wp-content\/uploads\/2023\/03\/grosselternsingen-2022_IMG_2535.jpg'><img fetchpriority=\"high\" decoding=\"async\" width=\"640\" height=\"480\" src=\"https:\/\/grundschule-heinsberg.de\/wp-content\/uploads\/2023\/03\/grosselternsingen-2022_IMG_2535.jpg\" class=\"attachment-medium_large size-medium_large\" alt=\"\" srcset=\"https:\/\/grundschule-heinsberg.de\/wp-content\/uploads\/2023\/03\/grosselternsingen-2022_IMG_2535.jpg 640w, https:\/\/grundschule-heinsberg.de\/wp-content\/uploads\/2023\/03\/grosselternsingen-2022_IMG_2535-300x225.jpg 300w\" sizes=\"(max-width: 640px) 100vw, 640px\" \/><\/a>\n\t\t\t<\/div><\/figure><figure class='gallery-item'>\n\t\t\t<div class='gallery-icon landscape'>\n\t\t\t\t<a data-elementor-open-lightbox=\"yes\" data-elementor-lightbox-slideshow=\"18cec50\" data-elementor-lightbox-title=\"grosselternsingen-2022_IMG_2544\" data-e-action-hash=\"#elementor-action%3Aaction%3Dlightbox%26settings%3DeyJpZCI6ODAxLCJ1cmwiOiJodHRwczpcL1wvZ3J1bmRzY2h1bGUtaGVpbnNiZXJnLmRlXC93cC1jb250ZW50XC91cGxvYWRzXC8yMDIzXC8wM1wvZ3Jvc3NlbHRlcm5zaW5nZW4tMjAyMl9JTUdfMjU0NC5qcGciLCJzbGlkZXNob3ciOiIxOGNlYzUwIn0%3D\" href='https:\/\/grundschule-heinsberg.de\/wp-content\/uploads\/2023\/03\/grosselternsingen-2022_IMG_2544.jpg'><img decoding=\"async\" width=\"768\" height=\"576\" src=\"https:\/\/grundschule-heinsberg.de\/wp-content\/uploads\/2023\/03\/grosselternsingen-2022_IMG_2544-768x576.jpg\" class=\"attachment-medium_large size-medium_large\" alt=\"\" srcset=\"https:\/\/grundschule-heinsberg.de\/wp-content\/uploads\/2023\/03\/grosselternsingen-2022_IMG_2544-768x576.jpg 768w, https:\/\/grundschule-heinsberg.de\/wp-content\/uploads\/2023\/03\/grosselternsingen-2022_IMG_2544-300x225.jpg 300w, https:\/\/grundschule-heinsberg.de\/wp-content\/uploads\/2023\/03\/grosselternsingen-2022_IMG_2544-1024x768.jpg 1024w, https:\/\/grundschule-heinsberg.de\/wp-content\/uploads\/2023\/03\/grosselternsingen-2022_IMG_2544-1536x1152.jpg 1536w, https:\/\/grundschule-heinsberg.de\/wp-content\/uploads\/2023\/03\/grosselternsingen-2022_IMG_2544-2048x1536.jpg 2048w\" sizes=\"(max-width: 768px) 100vw, 768px\" \/><\/a>\n\t\t\t<\/div><\/figure><figure class='gallery-item'>\n\t\t\t<div class='gallery-icon landscape'>\n\t\t\t\t<a data-elementor-open-lightbox=\"yes\" data-elementor-lightbox-slideshow=\"18cec50\" data-elementor-lightbox-title=\"grosselternsingen-2022_IMG_2549\" data-e-action-hash=\"#elementor-action%3Aaction%3Dlightbox%26settings%3DeyJpZCI6ODAyLCJ1cmwiOiJodHRwczpcL1wvZ3J1bmRzY2h1bGUtaGVpbnNiZXJnLmRlXC93cC1jb250ZW50XC91cGxvYWRzXC8yMDIzXC8wM1wvZ3Jvc3NlbHRlcm5zaW5nZW4tMjAyMl9JTUdfMjU0OS5qcGciLCJzbGlkZXNob3ciOiIxOGNlYzUwIn0%3D\" href='https:\/\/grundschule-heinsberg.de\/wp-content\/uploads\/2023\/03\/grosselternsingen-2022_IMG_2549.jpg'><img decoding=\"async\" width=\"640\" height=\"480\" src=\"https:\/\/grundschule-heinsberg.de\/wp-content\/uploads\/2023\/03\/grosselternsingen-2022_IMG_2549.jpg\" class=\"attachment-medium_large size-medium_large\" alt=\"\" srcset=\"https:\/\/grundschule-heinsberg.de\/wp-content\/uploads\/2023\/03\/grosselternsingen-2022_IMG_2549.jpg 640w, https:\/\/grundschule-heinsberg.de\/wp-content\/uploads\/2023\/03\/grosselternsingen-2022_IMG_2549-300x225.jpg 300w\" sizes=\"(max-width: 640px) 100vw, 640px\" \/><\/a>\n\t\t\t<\/div><\/figure>\n\t\t<\/div>\n\t\t<\/div>\n\t\t\t\t\t\t<\/div>\n\t\t\t\t<\/div>\n\t\t\t\t\t<\/div>\n\t\t<\/div>\n\t\t\t\t\t<\/div>\n\t\t<\/section>\n\t\t\t\t<\/div>\n\t\t","protected":false},"excerpt":{"rendered":"<p>Pi\u015ft\u00ee navberek du-sal\u00ee ji ber pandemiy\u00ea, Roja Dap\u00eer \u00fb Bap\u00eer di dawiy\u00ea de dikare d\u00eesa li Dibistana Seretay\u00ee ya St. Katharina p\u00eak were. Salona gulebaran\u00ea [&hellip;]<\/p>\n","protected":false},"author":1,"featured_media":5989,"comment_status":"closed","ping_status":"closed","sticky":false,"template":"","format":"standard","meta":{"inline_featured_image":false,"site-sidebar-layout":"default","site-content-layout":"","ast-site-content-layout":"default","site-content-style":"default","site-sidebar-style":"default","ast-global-header-display":"","ast-banner-title-visibility":"","ast-main-header-display":"","ast-hfb-above-header-display":"","ast-hfb-below-header-display":"","ast-hfb-mobile-header-display":"","site-post-title":"","ast-breadcrumbs-content":"","ast-featured-img":"","footer-sml-layout":"","ast-disable-related-posts":"","theme-transparent-header-meta":"","adv-header-id-meta":"","stick-header-meta":"","header-above-stick-meta":"","header-main-stick-meta":"","header-below-stick-meta":"","astra-migrate-meta-layouts":"default","ast-page-background-enabled":"default","ast-page-background-meta":{"desktop":{"background-color":"","background-image":"","background-repeat":"repeat","background-position":"center center","background-size":"auto","background-attachment":"scroll","background-type":"","background-media":"","overlay-type":"","overlay-color":"","overlay-opacity":"","overlay-gradient":""},"tablet":{"background-color":"","background-image":"","background-repeat":"repeat","background-position":"center center","background-size":"auto","background-attachment":"scroll","background-type":"","background-media":"","overlay-type":"","overlay-color":"","overlay-opacity":"","overlay-gradient":""},"mobile":{"background-color":"","background-image":"","background-repeat":"repeat","background-position":"center center","background-size":"auto","background-attachment":"scroll","background-type":"","background-media":"","overlay-type":"","overlay-color":"","overlay-opacity":"","overlay-gradient":""}},"ast-content-background-meta":{"desktop":{"background-color":"var(--ast-global-color-5)","background-image":"","background-repeat":"repeat","background-position":"center center","background-size":"auto","background-attachment":"scroll","background-type":"","background-media":"","overlay-type":"","overlay-color":"","overlay-opacity":"","overlay-gradient":""},"tablet":{"background-color":"var(--ast-global-color-5)","background-image":"","background-repeat":"repeat","background-position":"center center","background-size":"auto","background-attachment":"scroll","background-type":"","background-media":"","overlay-type":"","overlay-color":"","overlay-opacity":"","overlay-gradient":""},"mobile":{"background-color":"var(--ast-global-color-5)","background-image":"","background-repeat":"repeat","background-position":"center center","background-size":"auto","background-attachment":"scroll","background-type":"","background-media":"","overlay-type":"","overlay-color":"","overlay-opacity":"","overlay-gradient":""}},"footnotes":""},"categories":[124,126],"tags":[],"class_list":["post-5988","post","type-post","status-publish","format-standard","has-post-thumbnail","hentry","category-2022-ku","category-events-ku"],"yoast_head":"<!-- This site is optimized with the Yoast SEO plugin v27.5 - https:\/\/yoast.com\/product\/yoast-seo-wordpress\/ -->\n<title>Roja Bap\u00eer \u00fb Dap\u00eer 2022 - St. Katharina Grundschule Heinsberg<\/title>\n<meta name=\"robots\" content=\"index, follow, max-snippet:-1, max-image-preview:large, max-video-preview:-1\" \/>\n<link rel=\"canonical\" href=\"https:\/\/grundschule-heinsberg.de\/ku\/roja-bapir-u-dapir-2022\/\" \/>\n<meta property=\"og:locale\" content=\"en_US\" \/>\n<meta property=\"og:type\" content=\"article\" \/>\n<meta property=\"og:title\" content=\"Roja Bap\u00eer \u00fb Dap\u00eer 2022 - St. Katharina Grundschule Heinsberg\" \/>\n<meta property=\"og:description\" content=\"Pi\u015ft\u00ee navberek du-sal\u00ee ji ber pandemiy\u00ea, Roja Dap\u00eer \u00fb Bap\u00eer di dawiy\u00ea de dikare d\u00eesa li Dibistana Seretay\u00ee ya St. Katharina p\u00eak were. Salona gulebaran\u00ea [&hellip;]\" \/>\n<meta property=\"og:url\" content=\"https:\/\/grundschule-heinsberg.de\/ku\/roja-bapir-u-dapir-2022\/\" \/>\n<meta property=\"og:site_name\" content=\"St. Katharina Grundschule Heinsberg\" \/>\n<meta property=\"article:published_time\" content=\"2022-12-16T15:40:00+00:00\" \/>\n<meta property=\"article:modified_time\" content=\"2024-03-07T13:51:32+00:00\" \/>\n<meta property=\"og:image\" content=\"https:\/\/grundschule-heinsberg.de\/wp-content\/uploads\/2023\/03\/christmas-christmas-music-christmas-concert-7625951.png\" \/>\n\t<meta property=\"og:image:width\" content=\"1280\" \/>\n\t<meta property=\"og:image:height\" content=\"853\" \/>\n\t<meta property=\"og:image:type\" content=\"image\/png\" \/>\n<meta name=\"author\" content=\"admin_gr-he_idee-medien\" \/>\n<meta name=\"twitter:card\" content=\"summary_large_image\" \/>\n<meta name=\"twitter:label1\" content=\"Written by\" \/>\n\t<meta name=\"twitter:data1\" content=\"admin_gr-he_idee-medien\" \/>\n\t<meta name=\"twitter:label2\" content=\"Est. reading time\" \/>\n\t<meta name=\"twitter:data2\" content=\"1 \u062e\u0648\u0644\u06d5\u06a9\" \/>\n<script type=\"application\/ld+json\" class=\"yoast-schema-graph\">{\"@context\":\"https:\\\/\\\/schema.org\",\"@graph\":[{\"@type\":\"Article\",\"@id\":\"https:\\\/\\\/grundschule-heinsberg.de\\\/ku\\\/roja-bapir-u-dapir-2022\\\/#article\",\"isPartOf\":{\"@id\":\"https:\\\/\\\/grundschule-heinsberg.de\\\/ku\\\/roja-bapir-u-dapir-2022\\\/\"},\"author\":{\"name\":\"admin_gr-he_idee-medien\",\"@id\":\"https:\\\/\\\/grundschule-heinsberg.de\\\/ku\\\/#\\\/schema\\\/person\\\/acef6ad27ff279a319f9b21b92557a0f\"},\"headline\":\"Roja Bap\u00eer \u00fb Dap\u00eer 2022\",\"datePublished\":\"2022-12-16T15:40:00+00:00\",\"dateModified\":\"2024-03-07T13:51:32+00:00\",\"mainEntityOfPage\":{\"@id\":\"https:\\\/\\\/grundschule-heinsberg.de\\\/ku\\\/roja-bapir-u-dapir-2022\\\/\"},\"wordCount\":242,\"publisher\":{\"@id\":\"https:\\\/\\\/grundschule-heinsberg.de\\\/ku\\\/#organization\"},\"image\":{\"@id\":\"https:\\\/\\\/grundschule-heinsberg.de\\\/ku\\\/roja-bapir-u-dapir-2022\\\/#primaryimage\"},\"thumbnailUrl\":\"https:\\\/\\\/grundschule-heinsberg.de\\\/wp-content\\\/uploads\\\/2023\\\/03\\\/christmas-christmas-music-christmas-concert-7625951.png\",\"articleSection\":[\"2022\",\"Events\"],\"inLanguage\":\"ckb\"},{\"@type\":\"WebPage\",\"@id\":\"https:\\\/\\\/grundschule-heinsberg.de\\\/ku\\\/roja-bapir-u-dapir-2022\\\/\",\"url\":\"https:\\\/\\\/grundschule-heinsberg.de\\\/ku\\\/roja-bapir-u-dapir-2022\\\/\",\"name\":\"Roja Bap\u00eer \u00fb Dap\u00eer 2022 - St. Katharina Grundschule Heinsberg\",\"isPartOf\":{\"@id\":\"https:\\\/\\\/grundschule-heinsberg.de\\\/ku\\\/#website\"},\"primaryImageOfPage\":{\"@id\":\"https:\\\/\\\/grundschule-heinsberg.de\\\/ku\\\/roja-bapir-u-dapir-2022\\\/#primaryimage\"},\"image\":{\"@id\":\"https:\\\/\\\/grundschule-heinsberg.de\\\/ku\\\/roja-bapir-u-dapir-2022\\\/#primaryimage\"},\"thumbnailUrl\":\"https:\\\/\\\/grundschule-heinsberg.de\\\/wp-content\\\/uploads\\\/2023\\\/03\\\/christmas-christmas-music-christmas-concert-7625951.png\",\"datePublished\":\"2022-12-16T15:40:00+00:00\",\"dateModified\":\"2024-03-07T13:51:32+00:00\",\"breadcrumb\":{\"@id\":\"https:\\\/\\\/grundschule-heinsberg.de\\\/ku\\\/roja-bapir-u-dapir-2022\\\/#breadcrumb\"},\"inLanguage\":\"ckb\",\"potentialAction\":[{\"@type\":\"ReadAction\",\"target\":[\"https:\\\/\\\/grundschule-heinsberg.de\\\/ku\\\/roja-bapir-u-dapir-2022\\\/\"]}]},{\"@type\":\"ImageObject\",\"inLanguage\":\"ckb\",\"@id\":\"https:\\\/\\\/grundschule-heinsberg.de\\\/ku\\\/roja-bapir-u-dapir-2022\\\/#primaryimage\",\"url\":\"https:\\\/\\\/grundschule-heinsberg.de\\\/wp-content\\\/uploads\\\/2023\\\/03\\\/christmas-christmas-music-christmas-concert-7625951.png\",\"contentUrl\":\"https:\\\/\\\/grundschule-heinsberg.de\\\/wp-content\\\/uploads\\\/2023\\\/03\\\/christmas-christmas-music-christmas-concert-7625951.png\",\"width\":1280,\"height\":853},{\"@type\":\"BreadcrumbList\",\"@id\":\"https:\\\/\\\/grundschule-heinsberg.de\\\/ku\\\/roja-bapir-u-dapir-2022\\\/#breadcrumb\",\"itemListElement\":[{\"@type\":\"ListItem\",\"position\":1,\"name\":\"Startseite\",\"item\":\"https:\\\/\\\/grundschule-heinsberg.de\\\/ku\\\/\"},{\"@type\":\"ListItem\",\"position\":2,\"name\":\"Roja Bap\u00eer \u00fb Dap\u00eer 2022\"}]},{\"@type\":\"WebSite\",\"@id\":\"https:\\\/\\\/grundschule-heinsberg.de\\\/ku\\\/#website\",\"url\":\"https:\\\/\\\/grundschule-heinsberg.de\\\/ku\\\/\",\"name\":\"St. Katharina Grundschule Heinsberg\",\"description\":\"f\u00fcreinander, voneinander, gemeinsam und individuell: Hand in Hand auf dem Weg in die Zukunft\",\"publisher\":{\"@id\":\"https:\\\/\\\/grundschule-heinsberg.de\\\/ku\\\/#organization\"},\"potentialAction\":[{\"@type\":\"SearchAction\",\"target\":{\"@type\":\"EntryPoint\",\"urlTemplate\":\"https:\\\/\\\/grundschule-heinsberg.de\\\/ku\\\/?s={search_term_string}\"},\"query-input\":{\"@type\":\"PropertyValueSpecification\",\"valueRequired\":true,\"valueName\":\"search_term_string\"}}],\"inLanguage\":\"ckb\"},{\"@type\":\"Organization\",\"@id\":\"https:\\\/\\\/grundschule-heinsberg.de\\\/ku\\\/#organization\",\"name\":\"St. Katharina Grundschule Heinsberg\",\"url\":\"https:\\\/\\\/grundschule-heinsberg.de\\\/ku\\\/\",\"logo\":{\"@type\":\"ImageObject\",\"inLanguage\":\"ckb\",\"@id\":\"https:\\\/\\\/grundschule-heinsberg.de\\\/ku\\\/#\\\/schema\\\/logo\\\/image\\\/\",\"url\":\"https:\\\/\\\/grundschule-heinsberg.de\\\/wp-content\\\/uploads\\\/2023\\\/03\\\/230307_Grundschule-Heinsberg_Logo_RGB.svg\",\"contentUrl\":\"https:\\\/\\\/grundschule-heinsberg.de\\\/wp-content\\\/uploads\\\/2023\\\/03\\\/230307_Grundschule-Heinsberg_Logo_RGB.svg\",\"width\":311,\"height\":135,\"caption\":\"St. Katharina Grundschule Heinsberg\"},\"image\":{\"@id\":\"https:\\\/\\\/grundschule-heinsberg.de\\\/ku\\\/#\\\/schema\\\/logo\\\/image\\\/\"}},{\"@type\":\"Person\",\"@id\":\"https:\\\/\\\/grundschule-heinsberg.de\\\/ku\\\/#\\\/schema\\\/person\\\/acef6ad27ff279a319f9b21b92557a0f\",\"name\":\"admin_gr-he_idee-medien\",\"image\":{\"@type\":\"ImageObject\",\"inLanguage\":\"ckb\",\"@id\":\"https:\\\/\\\/secure.gravatar.com\\\/avatar\\\/3f7953307bc892878263237304aae9b6e18a6dbebdc94c81a7af7be19be0fdb4?s=96&d=mm&r=g\",\"url\":\"https:\\\/\\\/secure.gravatar.com\\\/avatar\\\/3f7953307bc892878263237304aae9b6e18a6dbebdc94c81a7af7be19be0fdb4?s=96&d=mm&r=g\",\"contentUrl\":\"https:\\\/\\\/secure.gravatar.com\\\/avatar\\\/3f7953307bc892878263237304aae9b6e18a6dbebdc94c81a7af7be19be0fdb4?s=96&d=mm&r=g\",\"caption\":\"admin_gr-he_idee-medien\"},\"sameAs\":[\"http:\\\/\\\/grundschule-heinsberg.de\"],\"url\":\"https:\\\/\\\/grundschule-heinsberg.de\\\/ku\\\/author\\\/admin_gr-he_idee-medien\\\/\"}]}<\/script>\n<!-- \/ Yoast SEO plugin. -->","yoast_head_json":{"title":"Roja Bap\u00eer \u00fb Dap\u00eer 2022 - St. Katharina Grundschule Heinsberg","robots":{"index":"index","follow":"follow","max-snippet":"max-snippet:-1","max-image-preview":"max-image-preview:large","max-video-preview":"max-video-preview:-1"},"canonical":"https:\/\/grundschule-heinsberg.de\/ku\/roja-bapir-u-dapir-2022\/","og_locale":"en_US","og_type":"article","og_title":"Roja Bap\u00eer \u00fb Dap\u00eer 2022 - St. Katharina Grundschule Heinsberg","og_description":"Pi\u015ft\u00ee navberek du-sal\u00ee ji ber pandemiy\u00ea, Roja Dap\u00eer \u00fb Bap\u00eer di dawiy\u00ea de dikare d\u00eesa li Dibistana Seretay\u00ee ya St. Katharina p\u00eak were. Salona gulebaran\u00ea [&hellip;]","og_url":"https:\/\/grundschule-heinsberg.de\/ku\/roja-bapir-u-dapir-2022\/","og_site_name":"St. Katharina Grundschule Heinsberg","article_published_time":"2022-12-16T15:40:00+00:00","article_modified_time":"2024-03-07T13:51:32+00:00","og_image":[{"width":1280,"height":853,"url":"https:\/\/grundschule-heinsberg.de\/wp-content\/uploads\/2023\/03\/christmas-christmas-music-christmas-concert-7625951.png","type":"image\/png"}],"author":"admin_gr-he_idee-medien","twitter_card":"summary_large_image","twitter_misc":{"Written by":"admin_gr-he_idee-medien","Est. reading time":"1 \u062e\u0648\u0644\u06d5\u06a9"},"schema":{"@context":"https:\/\/schema.org","@graph":[{"@type":"Article","@id":"https:\/\/grundschule-heinsberg.de\/ku\/roja-bapir-u-dapir-2022\/#article","isPartOf":{"@id":"https:\/\/grundschule-heinsberg.de\/ku\/roja-bapir-u-dapir-2022\/"},"author":{"name":"admin_gr-he_idee-medien","@id":"https:\/\/grundschule-heinsberg.de\/ku\/#\/schema\/person\/acef6ad27ff279a319f9b21b92557a0f"},"headline":"Roja Bap\u00eer \u00fb Dap\u00eer 2022","datePublished":"2022-12-16T15:40:00+00:00","dateModified":"2024-03-07T13:51:32+00:00","mainEntityOfPage":{"@id":"https:\/\/grundschule-heinsberg.de\/ku\/roja-bapir-u-dapir-2022\/"},"wordCount":242,"publisher":{"@id":"https:\/\/grundschule-heinsberg.de\/ku\/#organization"},"image":{"@id":"https:\/\/grundschule-heinsberg.de\/ku\/roja-bapir-u-dapir-2022\/#primaryimage"},"thumbnailUrl":"https:\/\/grundschule-heinsberg.de\/wp-content\/uploads\/2023\/03\/christmas-christmas-music-christmas-concert-7625951.png","articleSection":["2022","Events"],"inLanguage":"ckb"},{"@type":"WebPage","@id":"https:\/\/grundschule-heinsberg.de\/ku\/roja-bapir-u-dapir-2022\/","url":"https:\/\/grundschule-heinsberg.de\/ku\/roja-bapir-u-dapir-2022\/","name":"Roja Bap\u00eer \u00fb Dap\u00eer 2022 - St. Katharina Grundschule Heinsberg","isPartOf":{"@id":"https:\/\/grundschule-heinsberg.de\/ku\/#website"},"primaryImageOfPage":{"@id":"https:\/\/grundschule-heinsberg.de\/ku\/roja-bapir-u-dapir-2022\/#primaryimage"},"image":{"@id":"https:\/\/grundschule-heinsberg.de\/ku\/roja-bapir-u-dapir-2022\/#primaryimage"},"thumbnailUrl":"https:\/\/grundschule-heinsberg.de\/wp-content\/uploads\/2023\/03\/christmas-christmas-music-christmas-concert-7625951.png","datePublished":"2022-12-16T15:40:00+00:00","dateModified":"2024-03-07T13:51:32+00:00","breadcrumb":{"@id":"https:\/\/grundschule-heinsberg.de\/ku\/roja-bapir-u-dapir-2022\/#breadcrumb"},"inLanguage":"ckb","potentialAction":[{"@type":"ReadAction","target":["https:\/\/grundschule-heinsberg.de\/ku\/roja-bapir-u-dapir-2022\/"]}]},{"@type":"ImageObject","inLanguage":"ckb","@id":"https:\/\/grundschule-heinsberg.de\/ku\/roja-bapir-u-dapir-2022\/#primaryimage","url":"https:\/\/grundschule-heinsberg.de\/wp-content\/uploads\/2023\/03\/christmas-christmas-music-christmas-concert-7625951.png","contentUrl":"https:\/\/grundschule-heinsberg.de\/wp-content\/uploads\/2023\/03\/christmas-christmas-music-christmas-concert-7625951.png","width":1280,"height":853},{"@type":"BreadcrumbList","@id":"https:\/\/grundschule-heinsberg.de\/ku\/roja-bapir-u-dapir-2022\/#breadcrumb","itemListElement":[{"@type":"ListItem","position":1,"name":"Startseite","item":"https:\/\/grundschule-heinsberg.de\/ku\/"},{"@type":"ListItem","position":2,"name":"Roja Bap\u00eer \u00fb Dap\u00eer 2022"}]},{"@type":"WebSite","@id":"https:\/\/grundschule-heinsberg.de\/ku\/#website","url":"https:\/\/grundschule-heinsberg.de\/ku\/","name":"St. Katharina Grundschule Heinsberg","description":"f\u00fcreinander, voneinander, gemeinsam und individuell: Hand in Hand auf dem Weg in die Zukunft","publisher":{"@id":"https:\/\/grundschule-heinsberg.de\/ku\/#organization"},"potentialAction":[{"@type":"SearchAction","target":{"@type":"EntryPoint","urlTemplate":"https:\/\/grundschule-heinsberg.de\/ku\/?s={search_term_string}"},"query-input":{"@type":"PropertyValueSpecification","valueRequired":true,"valueName":"search_term_string"}}],"inLanguage":"ckb"},{"@type":"Organization","@id":"https:\/\/grundschule-heinsberg.de\/ku\/#organization","name":"St. Katharina Grundschule Heinsberg","url":"https:\/\/grundschule-heinsberg.de\/ku\/","logo":{"@type":"ImageObject","inLanguage":"ckb","@id":"https:\/\/grundschule-heinsberg.de\/ku\/#\/schema\/logo\/image\/","url":"https:\/\/grundschule-heinsberg.de\/wp-content\/uploads\/2023\/03\/230307_Grundschule-Heinsberg_Logo_RGB.svg","contentUrl":"https:\/\/grundschule-heinsberg.de\/wp-content\/uploads\/2023\/03\/230307_Grundschule-Heinsberg_Logo_RGB.svg","width":311,"height":135,"caption":"St. Katharina Grundschule Heinsberg"},"image":{"@id":"https:\/\/grundschule-heinsberg.de\/ku\/#\/schema\/logo\/image\/"}},{"@type":"Person","@id":"https:\/\/grundschule-heinsberg.de\/ku\/#\/schema\/person\/acef6ad27ff279a319f9b21b92557a0f","name":"admin_gr-he_idee-medien","image":{"@type":"ImageObject","inLanguage":"ckb","@id":"https:\/\/secure.gravatar.com\/avatar\/3f7953307bc892878263237304aae9b6e18a6dbebdc94c81a7af7be19be0fdb4?s=96&d=mm&r=g","url":"https:\/\/secure.gravatar.com\/avatar\/3f7953307bc892878263237304aae9b6e18a6dbebdc94c81a7af7be19be0fdb4?s=96&d=mm&r=g","contentUrl":"https:\/\/secure.gravatar.com\/avatar\/3f7953307bc892878263237304aae9b6e18a6dbebdc94c81a7af7be19be0fdb4?s=96&d=mm&r=g","caption":"admin_gr-he_idee-medien"},"sameAs":["http:\/\/grundschule-heinsberg.de"],"url":"https:\/\/grundschule-heinsberg.de\/ku\/author\/admin_gr-he_idee-medien\/"}]}},"_links":{"self":[{"href":"https:\/\/grundschule-heinsberg.de\/ku\/wp-json\/wp\/v2\/posts\/5988","targetHints":{"allow":["GET"]}}],"collection":[{"href":"https:\/\/grundschule-heinsberg.de\/ku\/wp-json\/wp\/v2\/posts"}],"about":[{"href":"https:\/\/grundschule-heinsberg.de\/ku\/wp-json\/wp\/v2\/types\/post"}],"author":[{"embeddable":true,"href":"https:\/\/grundschule-heinsberg.de\/ku\/wp-json\/wp\/v2\/users\/1"}],"replies":[{"embeddable":true,"href":"https:\/\/grundschule-heinsberg.de\/ku\/wp-json\/wp\/v2\/comments?post=5988"}],"version-history":[{"count":0,"href":"https:\/\/grundschule-heinsberg.de\/ku\/wp-json\/wp\/v2\/posts\/5988\/revisions"}],"wp:featuredmedia":[{"embeddable":true,"href":"https:\/\/grundschule-heinsberg.de\/ku\/wp-json\/wp\/v2\/media\/5989"}],"wp:attachment":[{"href":"https:\/\/grundschule-heinsberg.de\/ku\/wp-json\/wp\/v2\/media?parent=5988"}],"wp:term":[{"taxonomy":"category","embeddable":true,"href":"https:\/\/grundschule-heinsberg.de\/ku\/wp-json\/wp\/v2\/categories?post=5988"},{"taxonomy":"post_tag","embeddable":true,"href":"https:\/\/grundschule-heinsberg.de\/ku\/wp-json\/wp\/v2\/tags?post=5988"}],"curies":[{"name":"wp","href":"https:\/\/api.w.org\/{rel}","templated":true}]}}