{"id":6002,"date":"2023-12-16T14:55:27","date_gmt":"2023-12-16T13:55:27","guid":{"rendered":"https:\/\/grundschule-heinsberg.de\/serdana-santa-claus\/"},"modified":"2024-03-07T14:55:49","modified_gmt":"2024-03-07T13:55:49","slug":"serdana-santa-claus","status":"publish","type":"post","link":"https:\/\/grundschule-heinsberg.de\/ku\/serdana-santa-claus\/","title":{"rendered":"Serdana Santa Claus"},"content":{"rendered":"\t\t<div data-elementor-type=\"wp-post\" data-elementor-id=\"6002\" class=\"elementor elementor-6002 elementor-3943\">\n\t\t\t\t\t\t<section class=\"elementor-section elementor-top-section elementor-element elementor-element-6122cd9 elementor-section-boxed elementor-section-height-default elementor-section-height-default\" data-id=\"6122cd9\" data-element_type=\"section\">\n\t\t\t\t\t\t<div class=\"elementor-container elementor-column-gap-default\">\n\t\t\t\t\t<div class=\"elementor-column elementor-col-100 elementor-top-column elementor-element elementor-element-826b457\" data-id=\"826b457\" data-element_type=\"column\">\n\t\t\t<div class=\"elementor-widget-wrap elementor-element-populated\">\n\t\t\t\t\t\t<div class=\"elementor-element elementor-element-3bbbc68 elementor-widget elementor-widget-text-editor\" data-id=\"3bbbc68\" data-element_type=\"widget\" data-widget_type=\"text-editor.default\">\n\t\t\t\t<div class=\"elementor-widget-container\">\n\t\t\t\t\t\t\t\t\t<p>\u00cesal, Santa Claus carek din r\u00eaw\u00eetiyek dir\u00eaj berbi Heinsberg girt. Bi stran\u00ean ku zarokan amade kirib\u00fbn gelek\u00ee k\u00eafxwe\u015f b\u00fb. Bi taybet\u00ee ji bo w\u00ee gir\u00eeng b\u00fb ku dibistan dixwest bibe &#8220;dibistana bi cesaret&#8221;. Ji ber v\u00ea yek\u00ea ji ber w\u00earekiya wan pesn\u00ea hem\u00fb zarokan da. Ber\u00ee ku ew bi\u00e7e, hem\u00ee xwendekaran \u00e7enteyek pi\u00e7\u00fbk a bi x\u00ear \u00fb n\u00ee\u015fanek ji bo dema xwendin\u00ea li dibistan\u00ea wergirtin.<\/p>\n\t\t\t\t\t\t\t\t<\/div>\n\t\t\t\t<\/div>\n\t\t\t\t\t<\/div>\n\t\t<\/div>\n\t\t\t\t\t<\/div>\n\t\t<\/section>\n\t\t\t\t<section class=\"elementor-section elementor-top-section elementor-element elementor-element-fb52161 elementor-section-boxed elementor-section-height-default elementor-section-height-default\" data-id=\"fb52161\" data-element_type=\"section\">\n\t\t\t\t\t\t<div class=\"elementor-container elementor-column-gap-default\">\n\t\t\t\t\t<div class=\"elementor-column elementor-col-50 elementor-top-column elementor-element elementor-element-6e2921b\" data-id=\"6e2921b\" data-element_type=\"column\">\n\t\t\t<div class=\"elementor-widget-wrap elementor-element-populated\">\n\t\t\t\t\t\t<div class=\"elementor-element elementor-element-79fd4dc elementor-widget elementor-widget-image\" data-id=\"79fd4dc\" data-element_type=\"widget\" data-widget_type=\"image.default\">\n\t\t\t\t<div class=\"elementor-widget-container\">\n\t\t\t\t\t\t\t\t\t\t\t\t\t\t\t<img fetchpriority=\"high\" decoding=\"async\" width=\"640\" height=\"480\" src=\"https:\/\/grundschule-heinsberg.de\/wp-content\/uploads\/2023\/12\/IMG_0816.jpg\" class=\"attachment-large size-large wp-image-6008\" alt=\"\" srcset=\"https:\/\/grundschule-heinsberg.de\/wp-content\/uploads\/2023\/12\/IMG_0816.jpg 640w, https:\/\/grundschule-heinsberg.de\/wp-content\/uploads\/2023\/12\/IMG_0816-300x225.jpg 300w\" sizes=\"(max-width: 640px) 100vw, 640px\" \/>\t\t\t\t\t\t\t\t\t\t\t\t\t\t\t<\/div>\n\t\t\t\t<\/div>\n\t\t\t\t\t<\/div>\n\t\t<\/div>\n\t\t\t\t<div class=\"elementor-column elementor-col-50 elementor-top-column elementor-element elementor-element-b3dfc40\" data-id=\"b3dfc40\" data-element_type=\"column\">\n\t\t\t<div class=\"elementor-widget-wrap elementor-element-populated\">\n\t\t\t\t\t\t<div class=\"elementor-element elementor-element-ea6d0e4 elementor-widget elementor-widget-image\" data-id=\"ea6d0e4\" data-element_type=\"widget\" data-widget_type=\"image.default\">\n\t\t\t\t<div class=\"elementor-widget-container\">\n\t\t\t\t\t\t\t\t\t\t\t\t\t\t\t<img decoding=\"async\" width=\"640\" height=\"480\" src=\"https:\/\/grundschule-heinsberg.de\/wp-content\/uploads\/2023\/12\/IMG_0813.jpg\" class=\"attachment-large size-large wp-image-6005\" alt=\"\" srcset=\"https:\/\/grundschule-heinsberg.de\/wp-content\/uploads\/2023\/12\/IMG_0813.jpg 640w, https:\/\/grundschule-heinsberg.de\/wp-content\/uploads\/2023\/12\/IMG_0813-300x225.jpg 300w\" sizes=\"(max-width: 640px) 100vw, 640px\" \/>\t\t\t\t\t\t\t\t\t\t\t\t\t\t\t<\/div>\n\t\t\t\t<\/div>\n\t\t\t\t\t<\/div>\n\t\t<\/div>\n\t\t\t\t\t<\/div>\n\t\t<\/section>\n\t\t\t\t<section class=\"elementor-section elementor-top-section elementor-element elementor-element-7387b95 elementor-section-boxed elementor-section-height-default elementor-section-height-default\" data-id=\"7387b95\" data-element_type=\"section\">\n\t\t\t\t\t\t<div class=\"elementor-container elementor-column-gap-default\">\n\t\t\t\t\t<div class=\"elementor-column elementor-col-50 elementor-top-column elementor-element elementor-element-171e7a5\" data-id=\"171e7a5\" data-element_type=\"column\">\n\t\t\t<div class=\"elementor-widget-wrap elementor-element-populated\">\n\t\t\t\t\t\t<div class=\"elementor-element elementor-element-bcf7ee4 elementor-widget elementor-widget-image\" data-id=\"bcf7ee4\" data-element_type=\"widget\" data-widget_type=\"image.default\">\n\t\t\t\t<div class=\"elementor-widget-container\">\n\t\t\t\t\t\t\t\t\t\t\t\t\t\t\t<img decoding=\"async\" width=\"480\" height=\"640\" src=\"https:\/\/grundschule-heinsberg.de\/wp-content\/uploads\/2023\/12\/IMG_0814-rotated.jpg\" class=\"attachment-large size-large wp-image-6007\" alt=\"\" srcset=\"https:\/\/grundschule-heinsberg.de\/wp-content\/uploads\/2023\/12\/IMG_0814-rotated.jpg 480w, https:\/\/grundschule-heinsberg.de\/wp-content\/uploads\/2023\/12\/IMG_0814-225x300.jpg 225w\" sizes=\"(max-width: 480px) 100vw, 480px\" \/>\t\t\t\t\t\t\t\t\t\t\t\t\t\t\t<\/div>\n\t\t\t\t<\/div>\n\t\t\t\t\t<\/div>\n\t\t<\/div>\n\t\t\t\t<div class=\"elementor-column elementor-col-50 elementor-top-column elementor-element elementor-element-20d81c7\" data-id=\"20d81c7\" data-element_type=\"column\">\n\t\t\t<div class=\"elementor-widget-wrap\">\n\t\t\t\t\t\t\t<\/div>\n\t\t<\/div>\n\t\t\t\t\t<\/div>\n\t\t<\/section>\n\t\t\t\t<section class=\"elementor-section elementor-top-section elementor-element elementor-element-c8267cf elementor-section-boxed elementor-section-height-default elementor-section-height-default\" data-id=\"c8267cf\" data-element_type=\"section\">\n\t\t\t\t\t\t<div class=\"elementor-container elementor-column-gap-default\">\n\t\t\t\t\t<div class=\"elementor-column elementor-col-100 elementor-top-column elementor-element elementor-element-f1a8f50\" data-id=\"f1a8f50\" data-element_type=\"column\">\n\t\t\t<div class=\"elementor-widget-wrap elementor-element-populated\">\n\t\t\t\t\t\t<div class=\"elementor-element elementor-element-bc0b1be elementor-widget elementor-widget-image\" data-id=\"bc0b1be\" data-element_type=\"widget\" data-widget_type=\"image.default\">\n\t\t\t\t<div class=\"elementor-widget-container\">\n\t\t\t\t\t\t\t\t\t\t\t\t\t\t\t<img loading=\"lazy\" decoding=\"async\" width=\"1024\" height=\"675\" src=\"https:\/\/grundschule-heinsberg.de\/wp-content\/uploads\/2023\/12\/aad9bce8-493f-46ce-b94d-78fb86dc74eb-1024x675.jpg\" class=\"attachment-large size-large wp-image-6004\" alt=\"\" srcset=\"https:\/\/grundschule-heinsberg.de\/wp-content\/uploads\/2023\/12\/aad9bce8-493f-46ce-b94d-78fb86dc74eb-1024x675.jpg 1024w, https:\/\/grundschule-heinsberg.de\/wp-content\/uploads\/2023\/12\/aad9bce8-493f-46ce-b94d-78fb86dc74eb-300x198.jpg 300w, https:\/\/grundschule-heinsberg.de\/wp-content\/uploads\/2023\/12\/aad9bce8-493f-46ce-b94d-78fb86dc74eb-768x506.jpg 768w, https:\/\/grundschule-heinsberg.de\/wp-content\/uploads\/2023\/12\/aad9bce8-493f-46ce-b94d-78fb86dc74eb.jpg 1200w\" sizes=\"(max-width: 1024px) 100vw, 1024px\" \/>\t\t\t\t\t\t\t\t\t\t\t\t\t\t\t<\/div>\n\t\t\t\t<\/div>\n\t\t\t\t\t<\/div>\n\t\t<\/div>\n\t\t\t\t\t<\/div>\n\t\t<\/section>\n\t\t\t\t<\/div>\n\t\t","protected":false},"excerpt":{"rendered":"<p>\u00cesal, Santa Claus carek din r\u00eaw\u00eetiyek dir\u00eaj berbi Heinsberg girt. Bi stran\u00ean ku zarokan amade kirib\u00fbn gelek\u00ee k\u00eafxwe\u015f b\u00fb. Bi taybet\u00ee ji bo w\u00ee gir\u00eeng [&hellip;]<\/p>\n","protected":false},"author":2,"featured_media":6004,"comment_status":"closed","ping_status":"open","sticky":false,"template":"","format":"standard","meta":{"inline_featured_image":false,"site-sidebar-layout":"default","site-content-layout":"","ast-site-content-layout":"default","site-content-style":"default","site-sidebar-style":"default","ast-global-header-display":"","ast-banner-title-visibility":"","ast-main-header-display":"","ast-hfb-above-header-display":"","ast-hfb-below-header-display":"","ast-hfb-mobile-header-display":"","site-post-title":"","ast-breadcrumbs-content":"","ast-featured-img":"","footer-sml-layout":"","ast-disable-related-posts":"","theme-transparent-header-meta":"","adv-header-id-meta":"","stick-header-meta":"","header-above-stick-meta":"","header-main-stick-meta":"","header-below-stick-meta":"","astra-migrate-meta-layouts":"default","ast-page-background-enabled":"default","ast-page-background-meta":{"desktop":{"background-color":"","background-image":"","background-repeat":"repeat","background-position":"center center","background-size":"auto","background-attachment":"scroll","background-type":"","background-media":"","overlay-type":"","overlay-color":"","overlay-opacity":"","overlay-gradient":""},"tablet":{"background-color":"","background-image":"","background-repeat":"repeat","background-position":"center center","background-size":"auto","background-attachment":"scroll","background-type":"","background-media":"","overlay-type":"","overlay-color":"","overlay-opacity":"","overlay-gradient":""},"mobile":{"background-color":"","background-image":"","background-repeat":"repeat","background-position":"center center","background-size":"auto","background-attachment":"scroll","background-type":"","background-media":"","overlay-type":"","overlay-color":"","overlay-opacity":"","overlay-gradient":""}},"ast-content-background-meta":{"desktop":{"background-color":"var(--ast-global-color-5)","background-image":"","background-repeat":"repeat","background-position":"center center","background-size":"auto","background-attachment":"scroll","background-type":"","background-media":"","overlay-type":"","overlay-color":"","overlay-opacity":"","overlay-gradient":""},"tablet":{"background-color":"var(--ast-global-color-5)","background-image":"","background-repeat":"repeat","background-position":"center center","background-size":"auto","background-attachment":"scroll","background-type":"","background-media":"","overlay-type":"","overlay-color":"","overlay-opacity":"","overlay-gradient":""},"mobile":{"background-color":"var(--ast-global-color-5)","background-image":"","background-repeat":"repeat","background-position":"center center","background-size":"auto","background-attachment":"scroll","background-type":"","background-media":"","overlay-type":"","overlay-color":"","overlay-opacity":"","overlay-gradient":""}},"footnotes":""},"categories":[128,88],"tags":[],"class_list":["post-6002","post","type-post","status-publish","format-standard","has-post-thumbnail","hentry","category-2023-ku","category-unkategorisiert"],"yoast_head":"<!-- This site is optimized with the Yoast SEO plugin v27.5 - https:\/\/yoast.com\/product\/yoast-seo-wordpress\/ -->\n<title>Serdana Santa Claus - St. Katharina Grundschule Heinsberg<\/title>\n<meta name=\"robots\" content=\"index, follow, max-snippet:-1, max-image-preview:large, max-video-preview:-1\" \/>\n<link rel=\"canonical\" href=\"https:\/\/grundschule-heinsberg.de\/ku\/serdana-santa-claus\/\" \/>\n<meta property=\"og:locale\" content=\"en_US\" \/>\n<meta property=\"og:type\" content=\"article\" \/>\n<meta property=\"og:title\" content=\"Serdana Santa Claus - St. Katharina Grundschule Heinsberg\" \/>\n<meta property=\"og:description\" content=\"\u00cesal, Santa Claus carek din r\u00eaw\u00eetiyek dir\u00eaj berbi Heinsberg girt. Bi stran\u00ean ku zarokan amade kirib\u00fbn gelek\u00ee k\u00eafxwe\u015f b\u00fb. Bi taybet\u00ee ji bo w\u00ee gir\u00eeng [&hellip;]\" \/>\n<meta property=\"og:url\" content=\"https:\/\/grundschule-heinsberg.de\/ku\/serdana-santa-claus\/\" \/>\n<meta property=\"og:site_name\" content=\"St. Katharina Grundschule Heinsberg\" \/>\n<meta property=\"article:published_time\" content=\"2023-12-16T13:55:27+00:00\" \/>\n<meta property=\"article:modified_time\" content=\"2024-03-07T13:55:49+00:00\" \/>\n<meta property=\"og:image\" content=\"https:\/\/grundschule-heinsberg.de\/wp-content\/uploads\/2023\/12\/aad9bce8-493f-46ce-b94d-78fb86dc74eb.jpg\" \/>\n\t<meta property=\"og:image:width\" content=\"1200\" \/>\n\t<meta property=\"og:image:height\" content=\"791\" \/>\n\t<meta property=\"og:image:type\" content=\"image\/jpeg\" \/>\n<meta name=\"author\" content=\"Ulrike G\u00f6bel-Kohtz\" \/>\n<meta name=\"twitter:card\" content=\"summary_large_image\" \/>\n<meta name=\"twitter:label1\" content=\"Written by\" \/>\n\t<meta name=\"twitter:data1\" content=\"Ulrike G\u00f6bel-Kohtz\" \/>\n<script type=\"application\/ld+json\" class=\"yoast-schema-graph\">{\"@context\":\"https:\\\/\\\/schema.org\",\"@graph\":[{\"@type\":\"Article\",\"@id\":\"https:\\\/\\\/grundschule-heinsberg.de\\\/ku\\\/serdana-santa-claus\\\/#article\",\"isPartOf\":{\"@id\":\"https:\\\/\\\/grundschule-heinsberg.de\\\/ku\\\/serdana-santa-claus\\\/\"},\"author\":{\"name\":\"Ulrike G\u00f6bel-Kohtz\",\"@id\":\"https:\\\/\\\/grundschule-heinsberg.de\\\/ku\\\/#\\\/schema\\\/person\\\/9acfc4936904276e9247a22cb3de5627\"},\"headline\":\"Serdana Santa Claus\",\"datePublished\":\"2023-12-16T13:55:27+00:00\",\"dateModified\":\"2024-03-07T13:55:49+00:00\",\"mainEntityOfPage\":{\"@id\":\"https:\\\/\\\/grundschule-heinsberg.de\\\/ku\\\/serdana-santa-claus\\\/\"},\"wordCount\":79,\"publisher\":{\"@id\":\"https:\\\/\\\/grundschule-heinsberg.de\\\/ku\\\/#organization\"},\"image\":{\"@id\":\"https:\\\/\\\/grundschule-heinsberg.de\\\/ku\\\/serdana-santa-claus\\\/#primaryimage\"},\"thumbnailUrl\":\"https:\\\/\\\/grundschule-heinsberg.de\\\/wp-content\\\/uploads\\\/2023\\\/12\\\/aad9bce8-493f-46ce-b94d-78fb86dc74eb.jpg\",\"articleSection\":[\"2023\",\"b\u00ea kategor\u00eezekirin\"],\"inLanguage\":\"ckb\"},{\"@type\":\"WebPage\",\"@id\":\"https:\\\/\\\/grundschule-heinsberg.de\\\/ku\\\/serdana-santa-claus\\\/\",\"url\":\"https:\\\/\\\/grundschule-heinsberg.de\\\/ku\\\/serdana-santa-claus\\\/\",\"name\":\"Serdana Santa Claus - St. Katharina Grundschule Heinsberg\",\"isPartOf\":{\"@id\":\"https:\\\/\\\/grundschule-heinsberg.de\\\/ku\\\/#website\"},\"primaryImageOfPage\":{\"@id\":\"https:\\\/\\\/grundschule-heinsberg.de\\\/ku\\\/serdana-santa-claus\\\/#primaryimage\"},\"image\":{\"@id\":\"https:\\\/\\\/grundschule-heinsberg.de\\\/ku\\\/serdana-santa-claus\\\/#primaryimage\"},\"thumbnailUrl\":\"https:\\\/\\\/grundschule-heinsberg.de\\\/wp-content\\\/uploads\\\/2023\\\/12\\\/aad9bce8-493f-46ce-b94d-78fb86dc74eb.jpg\",\"datePublished\":\"2023-12-16T13:55:27+00:00\",\"dateModified\":\"2024-03-07T13:55:49+00:00\",\"breadcrumb\":{\"@id\":\"https:\\\/\\\/grundschule-heinsberg.de\\\/ku\\\/serdana-santa-claus\\\/#breadcrumb\"},\"inLanguage\":\"ckb\",\"potentialAction\":[{\"@type\":\"ReadAction\",\"target\":[\"https:\\\/\\\/grundschule-heinsberg.de\\\/ku\\\/serdana-santa-claus\\\/\"]}]},{\"@type\":\"ImageObject\",\"inLanguage\":\"ckb\",\"@id\":\"https:\\\/\\\/grundschule-heinsberg.de\\\/ku\\\/serdana-santa-claus\\\/#primaryimage\",\"url\":\"https:\\\/\\\/grundschule-heinsberg.de\\\/wp-content\\\/uploads\\\/2023\\\/12\\\/aad9bce8-493f-46ce-b94d-78fb86dc74eb.jpg\",\"contentUrl\":\"https:\\\/\\\/grundschule-heinsberg.de\\\/wp-content\\\/uploads\\\/2023\\\/12\\\/aad9bce8-493f-46ce-b94d-78fb86dc74eb.jpg\",\"width\":1200,\"height\":791},{\"@type\":\"BreadcrumbList\",\"@id\":\"https:\\\/\\\/grundschule-heinsberg.de\\\/ku\\\/serdana-santa-claus\\\/#breadcrumb\",\"itemListElement\":[{\"@type\":\"ListItem\",\"position\":1,\"name\":\"Startseite\",\"item\":\"https:\\\/\\\/grundschule-heinsberg.de\\\/ku\\\/\"},{\"@type\":\"ListItem\",\"position\":2,\"name\":\"Serdana Santa Claus\"}]},{\"@type\":\"WebSite\",\"@id\":\"https:\\\/\\\/grundschule-heinsberg.de\\\/ku\\\/#website\",\"url\":\"https:\\\/\\\/grundschule-heinsberg.de\\\/ku\\\/\",\"name\":\"St. Katharina Grundschule Heinsberg\",\"description\":\"f\u00fcreinander, voneinander, gemeinsam und individuell: Hand in Hand auf dem Weg in die Zukunft\",\"publisher\":{\"@id\":\"https:\\\/\\\/grundschule-heinsberg.de\\\/ku\\\/#organization\"},\"potentialAction\":[{\"@type\":\"SearchAction\",\"target\":{\"@type\":\"EntryPoint\",\"urlTemplate\":\"https:\\\/\\\/grundschule-heinsberg.de\\\/ku\\\/?s={search_term_string}\"},\"query-input\":{\"@type\":\"PropertyValueSpecification\",\"valueRequired\":true,\"valueName\":\"search_term_string\"}}],\"inLanguage\":\"ckb\"},{\"@type\":\"Organization\",\"@id\":\"https:\\\/\\\/grundschule-heinsberg.de\\\/ku\\\/#organization\",\"name\":\"St. Katharina Grundschule Heinsberg\",\"url\":\"https:\\\/\\\/grundschule-heinsberg.de\\\/ku\\\/\",\"logo\":{\"@type\":\"ImageObject\",\"inLanguage\":\"ckb\",\"@id\":\"https:\\\/\\\/grundschule-heinsberg.de\\\/ku\\\/#\\\/schema\\\/logo\\\/image\\\/\",\"url\":\"https:\\\/\\\/grundschule-heinsberg.de\\\/wp-content\\\/uploads\\\/2023\\\/03\\\/230307_Grundschule-Heinsberg_Logo_RGB.svg\",\"contentUrl\":\"https:\\\/\\\/grundschule-heinsberg.de\\\/wp-content\\\/uploads\\\/2023\\\/03\\\/230307_Grundschule-Heinsberg_Logo_RGB.svg\",\"width\":311,\"height\":135,\"caption\":\"St. Katharina Grundschule Heinsberg\"},\"image\":{\"@id\":\"https:\\\/\\\/grundschule-heinsberg.de\\\/ku\\\/#\\\/schema\\\/logo\\\/image\\\/\"}},{\"@type\":\"Person\",\"@id\":\"https:\\\/\\\/grundschule-heinsberg.de\\\/ku\\\/#\\\/schema\\\/person\\\/9acfc4936904276e9247a22cb3de5627\",\"name\":\"Ulrike G\u00f6bel-Kohtz\",\"image\":{\"@type\":\"ImageObject\",\"inLanguage\":\"ckb\",\"@id\":\"https:\\\/\\\/secure.gravatar.com\\\/avatar\\\/89064bb57430127056a72e7af3cc87e5f92d3b115a22e6576cb2be788dd4fac3?s=96&d=mm&r=g\",\"url\":\"https:\\\/\\\/secure.gravatar.com\\\/avatar\\\/89064bb57430127056a72e7af3cc87e5f92d3b115a22e6576cb2be788dd4fac3?s=96&d=mm&r=g\",\"contentUrl\":\"https:\\\/\\\/secure.gravatar.com\\\/avatar\\\/89064bb57430127056a72e7af3cc87e5f92d3b115a22e6576cb2be788dd4fac3?s=96&d=mm&r=g\",\"caption\":\"Ulrike G\u00f6bel-Kohtz\"},\"url\":\"https:\\\/\\\/grundschule-heinsberg.de\\\/ku\\\/author\\\/goebel-kohtz\\\/\"}]}<\/script>\n<!-- \/ Yoast SEO plugin. -->","yoast_head_json":{"title":"Serdana Santa Claus - St. Katharina Grundschule Heinsberg","robots":{"index":"index","follow":"follow","max-snippet":"max-snippet:-1","max-image-preview":"max-image-preview:large","max-video-preview":"max-video-preview:-1"},"canonical":"https:\/\/grundschule-heinsberg.de\/ku\/serdana-santa-claus\/","og_locale":"en_US","og_type":"article","og_title":"Serdana Santa Claus - St. Katharina Grundschule Heinsberg","og_description":"\u00cesal, Santa Claus carek din r\u00eaw\u00eetiyek dir\u00eaj berbi Heinsberg girt. Bi stran\u00ean ku zarokan amade kirib\u00fbn gelek\u00ee k\u00eafxwe\u015f b\u00fb. Bi taybet\u00ee ji bo w\u00ee gir\u00eeng [&hellip;]","og_url":"https:\/\/grundschule-heinsberg.de\/ku\/serdana-santa-claus\/","og_site_name":"St. Katharina Grundschule Heinsberg","article_published_time":"2023-12-16T13:55:27+00:00","article_modified_time":"2024-03-07T13:55:49+00:00","og_image":[{"width":1200,"height":791,"url":"https:\/\/grundschule-heinsberg.de\/wp-content\/uploads\/2023\/12\/aad9bce8-493f-46ce-b94d-78fb86dc74eb.jpg","type":"image\/jpeg"}],"author":"Ulrike G\u00f6bel-Kohtz","twitter_card":"summary_large_image","twitter_misc":{"Written by":"Ulrike G\u00f6bel-Kohtz"},"schema":{"@context":"https:\/\/schema.org","@graph":[{"@type":"Article","@id":"https:\/\/grundschule-heinsberg.de\/ku\/serdana-santa-claus\/#article","isPartOf":{"@id":"https:\/\/grundschule-heinsberg.de\/ku\/serdana-santa-claus\/"},"author":{"name":"Ulrike G\u00f6bel-Kohtz","@id":"https:\/\/grundschule-heinsberg.de\/ku\/#\/schema\/person\/9acfc4936904276e9247a22cb3de5627"},"headline":"Serdana Santa Claus","datePublished":"2023-12-16T13:55:27+00:00","dateModified":"2024-03-07T13:55:49+00:00","mainEntityOfPage":{"@id":"https:\/\/grundschule-heinsberg.de\/ku\/serdana-santa-claus\/"},"wordCount":79,"publisher":{"@id":"https:\/\/grundschule-heinsberg.de\/ku\/#organization"},"image":{"@id":"https:\/\/grundschule-heinsberg.de\/ku\/serdana-santa-claus\/#primaryimage"},"thumbnailUrl":"https:\/\/grundschule-heinsberg.de\/wp-content\/uploads\/2023\/12\/aad9bce8-493f-46ce-b94d-78fb86dc74eb.jpg","articleSection":["2023","b\u00ea kategor\u00eezekirin"],"inLanguage":"ckb"},{"@type":"WebPage","@id":"https:\/\/grundschule-heinsberg.de\/ku\/serdana-santa-claus\/","url":"https:\/\/grundschule-heinsberg.de\/ku\/serdana-santa-claus\/","name":"Serdana Santa Claus - St. Katharina Grundschule Heinsberg","isPartOf":{"@id":"https:\/\/grundschule-heinsberg.de\/ku\/#website"},"primaryImageOfPage":{"@id":"https:\/\/grundschule-heinsberg.de\/ku\/serdana-santa-claus\/#primaryimage"},"image":{"@id":"https:\/\/grundschule-heinsberg.de\/ku\/serdana-santa-claus\/#primaryimage"},"thumbnailUrl":"https:\/\/grundschule-heinsberg.de\/wp-content\/uploads\/2023\/12\/aad9bce8-493f-46ce-b94d-78fb86dc74eb.jpg","datePublished":"2023-12-16T13:55:27+00:00","dateModified":"2024-03-07T13:55:49+00:00","breadcrumb":{"@id":"https:\/\/grundschule-heinsberg.de\/ku\/serdana-santa-claus\/#breadcrumb"},"inLanguage":"ckb","potentialAction":[{"@type":"ReadAction","target":["https:\/\/grundschule-heinsberg.de\/ku\/serdana-santa-claus\/"]}]},{"@type":"ImageObject","inLanguage":"ckb","@id":"https:\/\/grundschule-heinsberg.de\/ku\/serdana-santa-claus\/#primaryimage","url":"https:\/\/grundschule-heinsberg.de\/wp-content\/uploads\/2023\/12\/aad9bce8-493f-46ce-b94d-78fb86dc74eb.jpg","contentUrl":"https:\/\/grundschule-heinsberg.de\/wp-content\/uploads\/2023\/12\/aad9bce8-493f-46ce-b94d-78fb86dc74eb.jpg","width":1200,"height":791},{"@type":"BreadcrumbList","@id":"https:\/\/grundschule-heinsberg.de\/ku\/serdana-santa-claus\/#breadcrumb","itemListElement":[{"@type":"ListItem","position":1,"name":"Startseite","item":"https:\/\/grundschule-heinsberg.de\/ku\/"},{"@type":"ListItem","position":2,"name":"Serdana Santa Claus"}]},{"@type":"WebSite","@id":"https:\/\/grundschule-heinsberg.de\/ku\/#website","url":"https:\/\/grundschule-heinsberg.de\/ku\/","name":"St. Katharina Grundschule Heinsberg","description":"f\u00fcreinander, voneinander, gemeinsam und individuell: Hand in Hand auf dem Weg in die Zukunft","publisher":{"@id":"https:\/\/grundschule-heinsberg.de\/ku\/#organization"},"potentialAction":[{"@type":"SearchAction","target":{"@type":"EntryPoint","urlTemplate":"https:\/\/grundschule-heinsberg.de\/ku\/?s={search_term_string}"},"query-input":{"@type":"PropertyValueSpecification","valueRequired":true,"valueName":"search_term_string"}}],"inLanguage":"ckb"},{"@type":"Organization","@id":"https:\/\/grundschule-heinsberg.de\/ku\/#organization","name":"St. Katharina Grundschule Heinsberg","url":"https:\/\/grundschule-heinsberg.de\/ku\/","logo":{"@type":"ImageObject","inLanguage":"ckb","@id":"https:\/\/grundschule-heinsberg.de\/ku\/#\/schema\/logo\/image\/","url":"https:\/\/grundschule-heinsberg.de\/wp-content\/uploads\/2023\/03\/230307_Grundschule-Heinsberg_Logo_RGB.svg","contentUrl":"https:\/\/grundschule-heinsberg.de\/wp-content\/uploads\/2023\/03\/230307_Grundschule-Heinsberg_Logo_RGB.svg","width":311,"height":135,"caption":"St. Katharina Grundschule Heinsberg"},"image":{"@id":"https:\/\/grundschule-heinsberg.de\/ku\/#\/schema\/logo\/image\/"}},{"@type":"Person","@id":"https:\/\/grundschule-heinsberg.de\/ku\/#\/schema\/person\/9acfc4936904276e9247a22cb3de5627","name":"Ulrike G\u00f6bel-Kohtz","image":{"@type":"ImageObject","inLanguage":"ckb","@id":"https:\/\/secure.gravatar.com\/avatar\/89064bb57430127056a72e7af3cc87e5f92d3b115a22e6576cb2be788dd4fac3?s=96&d=mm&r=g","url":"https:\/\/secure.gravatar.com\/avatar\/89064bb57430127056a72e7af3cc87e5f92d3b115a22e6576cb2be788dd4fac3?s=96&d=mm&r=g","contentUrl":"https:\/\/secure.gravatar.com\/avatar\/89064bb57430127056a72e7af3cc87e5f92d3b115a22e6576cb2be788dd4fac3?s=96&d=mm&r=g","caption":"Ulrike G\u00f6bel-Kohtz"},"url":"https:\/\/grundschule-heinsberg.de\/ku\/author\/goebel-kohtz\/"}]}},"_links":{"self":[{"href":"https:\/\/grundschule-heinsberg.de\/ku\/wp-json\/wp\/v2\/posts\/6002","targetHints":{"allow":["GET"]}}],"collection":[{"href":"https:\/\/grundschule-heinsberg.de\/ku\/wp-json\/wp\/v2\/posts"}],"about":[{"href":"https:\/\/grundschule-heinsberg.de\/ku\/wp-json\/wp\/v2\/types\/post"}],"author":[{"embeddable":true,"href":"https:\/\/grundschule-heinsberg.de\/ku\/wp-json\/wp\/v2\/users\/2"}],"replies":[{"embeddable":true,"href":"https:\/\/grundschule-heinsberg.de\/ku\/wp-json\/wp\/v2\/comments?post=6002"}],"version-history":[{"count":0,"href":"https:\/\/grundschule-heinsberg.de\/ku\/wp-json\/wp\/v2\/posts\/6002\/revisions"}],"wp:featuredmedia":[{"embeddable":true,"href":"https:\/\/grundschule-heinsberg.de\/ku\/wp-json\/wp\/v2\/media\/6004"}],"wp:attachment":[{"href":"https:\/\/grundschule-heinsberg.de\/ku\/wp-json\/wp\/v2\/media?parent=6002"}],"wp:term":[{"taxonomy":"category","embeddable":true,"href":"https:\/\/grundschule-heinsberg.de\/ku\/wp-json\/wp\/v2\/categories?post=6002"},{"taxonomy":"post_tag","embeddable":true,"href":"https:\/\/grundschule-heinsberg.de\/ku\/wp-json\/wp\/v2\/tags?post=6002"}],"curies":[{"name":"wp","href":"https:\/\/api.w.org\/{rel}","templated":true}]}}