{"id":6068,"date":"2023-12-31T12:52:11","date_gmt":"2023-12-31T11:52:11","guid":{"rendered":"https:\/\/grundschule-heinsberg.de\/muzika-christmas-2023\/"},"modified":"2024-03-07T14:55:55","modified_gmt":"2024-03-07T13:55:55","slug":"muzika-christmas-2023","status":"publish","type":"post","link":"https:\/\/grundschule-heinsberg.de\/ku\/muzika-christmas-2023\/","title":{"rendered":"Muz\u00eeka Christmas 2023"},"content":{"rendered":"\t\t<div data-elementor-type=\"wp-post\" data-elementor-id=\"6068\" class=\"elementor elementor-6068 elementor-3971\">\n\t\t\t\t\t\t<section class=\"elementor-section elementor-top-section elementor-element elementor-element-1fca970 elementor-section-boxed elementor-section-height-default elementor-section-height-default\" data-id=\"1fca970\" data-element_type=\"section\">\n\t\t\t\t\t\t<div class=\"elementor-container elementor-column-gap-default\">\n\t\t\t\t\t<div class=\"elementor-column elementor-col-100 elementor-top-column elementor-element elementor-element-208aac3\" data-id=\"208aac3\" data-element_type=\"column\">\n\t\t\t<div class=\"elementor-widget-wrap elementor-element-populated\">\n\t\t\t\t\t\t<div class=\"elementor-element elementor-element-ad75b3c elementor-widget elementor-widget-text-editor\" data-id=\"ad75b3c\" data-element_type=\"widget\" data-widget_type=\"text-editor.default\">\n\t\t\t\t<div class=\"elementor-widget-container\">\n\t\t\t\t\t\t\t\t\t<p>D\u00ea \u00fb bav, dap\u00eer \u00fb dap\u00eer \u00fb m\u00eavan ji aliy\u00ea zarok, hevkar \u00fb xebatkar\u00ean dibistana seretay\u00ee ya St. \u00c7iray\u00ean Advent\u00ea dibiriq\u00een \u00fb b\u00eahna qehwe \u00fb kek\u00ea j\u00ea dihat. Pi\u015ft\u00ee komb\u00fbnek xwe\u015f, strana yekem ji h\u00eala elfeyan ve hat bih\u00eestin, ku li ser dik\u00ea dans kirin \u00fb muz\u00eeka &#8220;The Miraculous Christmas Time&#8221; vekirin.<\/p>\n<p>Zarokan di nava hefteyek\u00ea de ji bo xwen\u00ee\u015fandan\u00ea p\u00ea\u015fwext amade kirib\u00fbn. Niv\u00ees \u00fb stran hatin ezberkirin \u00fb d\u00eelan hatin xwendin. Set li hev kirin \u00fb cil \u00fb berg hatin dir\u00fbtin. Amadekar\u00ee ji bo her kes\u00ee pir dijwar b\u00fb, l\u00ea hewldan h\u00eaja b\u00fb. Ji xeyn\u00ee zozanan, elf, paqijker\u00ean st\u00earkan, &#8220;pad\u00ee\u015fah\u00ea sar&#8221; \u00fb Rudis ji b\u00eer nekirin xuya b\u00fbn. Strana R\u00fbd\u00ee: &#8220;Ew tune ye, ez bawer nakim&#8221; d\u00ea demeke dir\u00eaj di gelek guhan de deng vede. Pi\u015ft\u00ee \u00e7epikan, di dawiy\u00ea de ji aliy\u00ea hem\u00fb hunermend \u00fb mamosteyan ve govend hate gerandin.<\/p>\n\t\t\t\t\t\t\t\t<\/div>\n\t\t\t\t<\/div>\n\t\t\t\t\t<\/div>\n\t\t<\/div>\n\t\t\t\t\t<\/div>\n\t\t<\/section>\n\t\t\t\t<section class=\"elementor-section elementor-top-section elementor-element elementor-element-92f0f2f elementor-section-boxed elementor-section-height-default elementor-section-height-default\" data-id=\"92f0f2f\" data-element_type=\"section\">\n\t\t\t\t\t\t<div class=\"elementor-container elementor-column-gap-default\">\n\t\t\t\t\t<div class=\"elementor-column elementor-col-50 elementor-top-column elementor-element elementor-element-d61b434\" data-id=\"d61b434\" data-element_type=\"column\">\n\t\t\t<div class=\"elementor-widget-wrap elementor-element-populated\">\n\t\t\t\t\t\t<div class=\"elementor-element elementor-element-fb3e189 elementor-widget elementor-widget-image\" data-id=\"fb3e189\" data-element_type=\"widget\" data-widget_type=\"image.default\">\n\t\t\t\t<div class=\"elementor-widget-container\">\n\t\t\t\t\t\t\t\t\t\t\t\t\t\t\t<img fetchpriority=\"high\" decoding=\"async\" width=\"1024\" height=\"768\" src=\"https:\/\/grundschule-heinsberg.de\/wp-content\/uploads\/2023\/12\/Musical_2-1024x768.jpg\" class=\"attachment-large size-large wp-image-6070\" alt=\"\" srcset=\"https:\/\/grundschule-heinsberg.de\/wp-content\/uploads\/2023\/12\/Musical_2-1024x768.jpg 1024w, https:\/\/grundschule-heinsberg.de\/wp-content\/uploads\/2023\/12\/Musical_2-300x225.jpg 300w, https:\/\/grundschule-heinsberg.de\/wp-content\/uploads\/2023\/12\/Musical_2-768x576.jpg 768w, https:\/\/grundschule-heinsberg.de\/wp-content\/uploads\/2023\/12\/Musical_2-rotated.jpg 1200w\" sizes=\"(max-width: 1024px) 100vw, 1024px\" \/>\t\t\t\t\t\t\t\t\t\t\t\t\t\t\t<\/div>\n\t\t\t\t<\/div>\n\t\t\t\t\t<\/div>\n\t\t<\/div>\n\t\t\t\t<div class=\"elementor-column elementor-col-50 elementor-top-column elementor-element elementor-element-230eb98\" data-id=\"230eb98\" data-element_type=\"column\">\n\t\t\t<div class=\"elementor-widget-wrap elementor-element-populated\">\n\t\t\t\t\t\t<div class=\"elementor-element elementor-element-c13a5b5 elementor-widget elementor-widget-image\" data-id=\"c13a5b5\" data-element_type=\"widget\" data-widget_type=\"image.default\">\n\t\t\t\t<div class=\"elementor-widget-container\">\n\t\t\t\t\t\t\t\t\t\t\t\t\t\t\t<img decoding=\"async\" width=\"1024\" height=\"768\" src=\"https:\/\/grundschule-heinsberg.de\/wp-content\/uploads\/2023\/12\/Musical_3-1024x768.jpg\" class=\"attachment-large size-large wp-image-6071\" alt=\"\" srcset=\"https:\/\/grundschule-heinsberg.de\/wp-content\/uploads\/2023\/12\/Musical_3-1024x768.jpg 1024w, https:\/\/grundschule-heinsberg.de\/wp-content\/uploads\/2023\/12\/Musical_3-300x225.jpg 300w, https:\/\/grundschule-heinsberg.de\/wp-content\/uploads\/2023\/12\/Musical_3-768x576.jpg 768w, https:\/\/grundschule-heinsberg.de\/wp-content\/uploads\/2023\/12\/Musical_3-rotated.jpg 1200w\" sizes=\"(max-width: 1024px) 100vw, 1024px\" \/>\t\t\t\t\t\t\t\t\t\t\t\t\t\t\t<\/div>\n\t\t\t\t<\/div>\n\t\t\t\t\t<\/div>\n\t\t<\/div>\n\t\t\t\t\t<\/div>\n\t\t<\/section>\n\t\t\t\t<section class=\"elementor-section elementor-top-section elementor-element elementor-element-5e06bda elementor-section-boxed elementor-section-height-default elementor-section-height-default\" data-id=\"5e06bda\" data-element_type=\"section\">\n\t\t\t\t\t\t<div class=\"elementor-container elementor-column-gap-default\">\n\t\t\t\t\t<div class=\"elementor-column elementor-col-100 elementor-top-column elementor-element elementor-element-1a1034b\" data-id=\"1a1034b\" data-element_type=\"column\">\n\t\t\t<div class=\"elementor-widget-wrap elementor-element-populated\">\n\t\t\t\t\t\t<div class=\"elementor-element elementor-element-3077d39 elementor-widget elementor-widget-image\" data-id=\"3077d39\" data-element_type=\"widget\" data-widget_type=\"image.default\">\n\t\t\t\t<div class=\"elementor-widget-container\">\n\t\t\t\t\t\t\t\t\t\t\t\t\t\t\t<img decoding=\"async\" width=\"1024\" height=\"768\" src=\"https:\/\/grundschule-heinsberg.de\/wp-content\/uploads\/2023\/12\/Musical_1-1024x768.jpg\" class=\"attachment-large size-large wp-image-6069\" alt=\"\" srcset=\"https:\/\/grundschule-heinsberg.de\/wp-content\/uploads\/2023\/12\/Musical_1-1024x768.jpg 1024w, https:\/\/grundschule-heinsberg.de\/wp-content\/uploads\/2023\/12\/Musical_1-300x225.jpg 300w, https:\/\/grundschule-heinsberg.de\/wp-content\/uploads\/2023\/12\/Musical_1-768x576.jpg 768w, https:\/\/grundschule-heinsberg.de\/wp-content\/uploads\/2023\/12\/Musical_1.jpg 1200w\" sizes=\"(max-width: 1024px) 100vw, 1024px\" \/>\t\t\t\t\t\t\t\t\t\t\t\t\t\t\t<\/div>\n\t\t\t\t<\/div>\n\t\t\t\t\t<\/div>\n\t\t<\/div>\n\t\t\t\t\t<\/div>\n\t\t<\/section>\n\t\t\t\t<\/div>\n\t\t","protected":false},"excerpt":{"rendered":"<p>D\u00ea \u00fb bav, dap\u00eer \u00fb dap\u00eer \u00fb m\u00eavan ji aliy\u00ea zarok, hevkar \u00fb xebatkar\u00ean dibistana seretay\u00ee ya St. \u00c7iray\u00ean Advent\u00ea dibiriq\u00een \u00fb b\u00eahna qehwe \u00fb [&hellip;]<\/p>\n","protected":false},"author":2,"featured_media":6069,"comment_status":"closed","ping_status":"open","sticky":false,"template":"","format":"standard","meta":{"inline_featured_image":false,"site-sidebar-layout":"default","site-content-layout":"","ast-site-content-layout":"default","site-content-style":"default","site-sidebar-style":"default","ast-global-header-display":"","ast-banner-title-visibility":"","ast-main-header-display":"","ast-hfb-above-header-display":"","ast-hfb-below-header-display":"","ast-hfb-mobile-header-display":"","site-post-title":"","ast-breadcrumbs-content":"","ast-featured-img":"","footer-sml-layout":"","ast-disable-related-posts":"","theme-transparent-header-meta":"","adv-header-id-meta":"","stick-header-meta":"","header-above-stick-meta":"","header-main-stick-meta":"","header-below-stick-meta":"","astra-migrate-meta-layouts":"default","ast-page-background-enabled":"default","ast-page-background-meta":{"desktop":{"background-color":"","background-image":"","background-repeat":"repeat","background-position":"center center","background-size":"auto","background-attachment":"scroll","background-type":"","background-media":"","overlay-type":"","overlay-color":"","overlay-opacity":"","overlay-gradient":""},"tablet":{"background-color":"","background-image":"","background-repeat":"repeat","background-position":"center center","background-size":"auto","background-attachment":"scroll","background-type":"","background-media":"","overlay-type":"","overlay-color":"","overlay-opacity":"","overlay-gradient":""},"mobile":{"background-color":"","background-image":"","background-repeat":"repeat","background-position":"center center","background-size":"auto","background-attachment":"scroll","background-type":"","background-media":"","overlay-type":"","overlay-color":"","overlay-opacity":"","overlay-gradient":""}},"ast-content-background-meta":{"desktop":{"background-color":"var(--ast-global-color-5)","background-image":"","background-repeat":"repeat","background-position":"center center","background-size":"auto","background-attachment":"scroll","background-type":"","background-media":"","overlay-type":"","overlay-color":"","overlay-opacity":"","overlay-gradient":""},"tablet":{"background-color":"var(--ast-global-color-5)","background-image":"","background-repeat":"repeat","background-position":"center center","background-size":"auto","background-attachment":"scroll","background-type":"","background-media":"","overlay-type":"","overlay-color":"","overlay-opacity":"","overlay-gradient":""},"mobile":{"background-color":"var(--ast-global-color-5)","background-image":"","background-repeat":"repeat","background-position":"center center","background-size":"auto","background-attachment":"scroll","background-type":"","background-media":"","overlay-type":"","overlay-color":"","overlay-opacity":"","overlay-gradient":""}},"footnotes":""},"categories":[128,88,126],"tags":[],"class_list":["post-6068","post","type-post","status-publish","format-standard","has-post-thumbnail","hentry","category-2023-ku","category-unkategorisiert","category-events-ku"],"yoast_head":"<!-- This site is optimized with the Yoast SEO plugin v27.5 - https:\/\/yoast.com\/product\/yoast-seo-wordpress\/ -->\n<title>Muz\u00eeka Christmas 2023 - St. Katharina Grundschule Heinsberg<\/title>\n<meta name=\"robots\" content=\"index, follow, max-snippet:-1, max-image-preview:large, max-video-preview:-1\" \/>\n<link rel=\"canonical\" href=\"https:\/\/grundschule-heinsberg.de\/ku\/muzika-christmas-2023\/\" \/>\n<meta property=\"og:locale\" content=\"en_US\" \/>\n<meta property=\"og:type\" content=\"article\" \/>\n<meta property=\"og:title\" content=\"Muz\u00eeka Christmas 2023 - St. Katharina Grundschule Heinsberg\" \/>\n<meta property=\"og:description\" content=\"D\u00ea \u00fb bav, dap\u00eer \u00fb dap\u00eer \u00fb m\u00eavan ji aliy\u00ea zarok, hevkar \u00fb xebatkar\u00ean dibistana seretay\u00ee ya St. \u00c7iray\u00ean Advent\u00ea dibiriq\u00een \u00fb b\u00eahna qehwe \u00fb [&hellip;]\" \/>\n<meta property=\"og:url\" content=\"https:\/\/grundschule-heinsberg.de\/ku\/muzika-christmas-2023\/\" \/>\n<meta property=\"og:site_name\" content=\"St. Katharina Grundschule Heinsberg\" \/>\n<meta property=\"article:published_time\" content=\"2023-12-31T11:52:11+00:00\" \/>\n<meta property=\"article:modified_time\" content=\"2024-03-07T13:55:55+00:00\" \/>\n<meta property=\"og:image\" content=\"https:\/\/grundschule-heinsberg.de\/wp-content\/uploads\/2023\/12\/Musical_1.jpg\" \/>\n\t<meta property=\"og:image:width\" content=\"1200\" \/>\n\t<meta property=\"og:image:height\" content=\"900\" \/>\n\t<meta property=\"og:image:type\" content=\"image\/jpeg\" \/>\n<meta name=\"author\" content=\"Ulrike G\u00f6bel-Kohtz\" \/>\n<meta name=\"twitter:card\" content=\"summary_large_image\" \/>\n<meta name=\"twitter:label1\" content=\"Written by\" \/>\n\t<meta name=\"twitter:data1\" content=\"Ulrike G\u00f6bel-Kohtz\" \/>\n\t<meta name=\"twitter:label2\" content=\"Est. reading time\" \/>\n\t<meta name=\"twitter:data2\" content=\"1 \u062e\u0648\u0644\u06d5\u06a9\" \/>\n<script type=\"application\/ld+json\" class=\"yoast-schema-graph\">{\"@context\":\"https:\\\/\\\/schema.org\",\"@graph\":[{\"@type\":\"Article\",\"@id\":\"https:\\\/\\\/grundschule-heinsberg.de\\\/ku\\\/muzika-christmas-2023\\\/#article\",\"isPartOf\":{\"@id\":\"https:\\\/\\\/grundschule-heinsberg.de\\\/ku\\\/muzika-christmas-2023\\\/\"},\"author\":{\"name\":\"Ulrike G\u00f6bel-Kohtz\",\"@id\":\"https:\\\/\\\/grundschule-heinsberg.de\\\/ku\\\/#\\\/schema\\\/person\\\/9acfc4936904276e9247a22cb3de5627\"},\"headline\":\"Muz\u00eeka Christmas 2023\",\"datePublished\":\"2023-12-31T11:52:11+00:00\",\"dateModified\":\"2024-03-07T13:55:55+00:00\",\"mainEntityOfPage\":{\"@id\":\"https:\\\/\\\/grundschule-heinsberg.de\\\/ku\\\/muzika-christmas-2023\\\/\"},\"wordCount\":158,\"publisher\":{\"@id\":\"https:\\\/\\\/grundschule-heinsberg.de\\\/ku\\\/#organization\"},\"image\":{\"@id\":\"https:\\\/\\\/grundschule-heinsberg.de\\\/ku\\\/muzika-christmas-2023\\\/#primaryimage\"},\"thumbnailUrl\":\"https:\\\/\\\/grundschule-heinsberg.de\\\/wp-content\\\/uploads\\\/2023\\\/12\\\/Musical_1.jpg\",\"articleSection\":[\"2023\",\"b\u00ea kategor\u00eezekirin\",\"Events\"],\"inLanguage\":\"ckb\"},{\"@type\":\"WebPage\",\"@id\":\"https:\\\/\\\/grundschule-heinsberg.de\\\/ku\\\/muzika-christmas-2023\\\/\",\"url\":\"https:\\\/\\\/grundschule-heinsberg.de\\\/ku\\\/muzika-christmas-2023\\\/\",\"name\":\"Muz\u00eeka Christmas 2023 - St. Katharina Grundschule Heinsberg\",\"isPartOf\":{\"@id\":\"https:\\\/\\\/grundschule-heinsberg.de\\\/ku\\\/#website\"},\"primaryImageOfPage\":{\"@id\":\"https:\\\/\\\/grundschule-heinsberg.de\\\/ku\\\/muzika-christmas-2023\\\/#primaryimage\"},\"image\":{\"@id\":\"https:\\\/\\\/grundschule-heinsberg.de\\\/ku\\\/muzika-christmas-2023\\\/#primaryimage\"},\"thumbnailUrl\":\"https:\\\/\\\/grundschule-heinsberg.de\\\/wp-content\\\/uploads\\\/2023\\\/12\\\/Musical_1.jpg\",\"datePublished\":\"2023-12-31T11:52:11+00:00\",\"dateModified\":\"2024-03-07T13:55:55+00:00\",\"breadcrumb\":{\"@id\":\"https:\\\/\\\/grundschule-heinsberg.de\\\/ku\\\/muzika-christmas-2023\\\/#breadcrumb\"},\"inLanguage\":\"ckb\",\"potentialAction\":[{\"@type\":\"ReadAction\",\"target\":[\"https:\\\/\\\/grundschule-heinsberg.de\\\/ku\\\/muzika-christmas-2023\\\/\"]}]},{\"@type\":\"ImageObject\",\"inLanguage\":\"ckb\",\"@id\":\"https:\\\/\\\/grundschule-heinsberg.de\\\/ku\\\/muzika-christmas-2023\\\/#primaryimage\",\"url\":\"https:\\\/\\\/grundschule-heinsberg.de\\\/wp-content\\\/uploads\\\/2023\\\/12\\\/Musical_1.jpg\",\"contentUrl\":\"https:\\\/\\\/grundschule-heinsberg.de\\\/wp-content\\\/uploads\\\/2023\\\/12\\\/Musical_1.jpg\",\"width\":1200,\"height\":900},{\"@type\":\"BreadcrumbList\",\"@id\":\"https:\\\/\\\/grundschule-heinsberg.de\\\/ku\\\/muzika-christmas-2023\\\/#breadcrumb\",\"itemListElement\":[{\"@type\":\"ListItem\",\"position\":1,\"name\":\"Startseite\",\"item\":\"https:\\\/\\\/grundschule-heinsberg.de\\\/ku\\\/\"},{\"@type\":\"ListItem\",\"position\":2,\"name\":\"Muz\u00eeka Christmas 2023\"}]},{\"@type\":\"WebSite\",\"@id\":\"https:\\\/\\\/grundschule-heinsberg.de\\\/ku\\\/#website\",\"url\":\"https:\\\/\\\/grundschule-heinsberg.de\\\/ku\\\/\",\"name\":\"St. Katharina Grundschule Heinsberg\",\"description\":\"f\u00fcreinander, voneinander, gemeinsam und individuell: Hand in Hand auf dem Weg in die Zukunft\",\"publisher\":{\"@id\":\"https:\\\/\\\/grundschule-heinsberg.de\\\/ku\\\/#organization\"},\"potentialAction\":[{\"@type\":\"SearchAction\",\"target\":{\"@type\":\"EntryPoint\",\"urlTemplate\":\"https:\\\/\\\/grundschule-heinsberg.de\\\/ku\\\/?s={search_term_string}\"},\"query-input\":{\"@type\":\"PropertyValueSpecification\",\"valueRequired\":true,\"valueName\":\"search_term_string\"}}],\"inLanguage\":\"ckb\"},{\"@type\":\"Organization\",\"@id\":\"https:\\\/\\\/grundschule-heinsberg.de\\\/ku\\\/#organization\",\"name\":\"St. Katharina Grundschule Heinsberg\",\"url\":\"https:\\\/\\\/grundschule-heinsberg.de\\\/ku\\\/\",\"logo\":{\"@type\":\"ImageObject\",\"inLanguage\":\"ckb\",\"@id\":\"https:\\\/\\\/grundschule-heinsberg.de\\\/ku\\\/#\\\/schema\\\/logo\\\/image\\\/\",\"url\":\"https:\\\/\\\/grundschule-heinsberg.de\\\/wp-content\\\/uploads\\\/2023\\\/03\\\/230307_Grundschule-Heinsberg_Logo_RGB.svg\",\"contentUrl\":\"https:\\\/\\\/grundschule-heinsberg.de\\\/wp-content\\\/uploads\\\/2023\\\/03\\\/230307_Grundschule-Heinsberg_Logo_RGB.svg\",\"width\":311,\"height\":135,\"caption\":\"St. Katharina Grundschule Heinsberg\"},\"image\":{\"@id\":\"https:\\\/\\\/grundschule-heinsberg.de\\\/ku\\\/#\\\/schema\\\/logo\\\/image\\\/\"}},{\"@type\":\"Person\",\"@id\":\"https:\\\/\\\/grundschule-heinsberg.de\\\/ku\\\/#\\\/schema\\\/person\\\/9acfc4936904276e9247a22cb3de5627\",\"name\":\"Ulrike G\u00f6bel-Kohtz\",\"image\":{\"@type\":\"ImageObject\",\"inLanguage\":\"ckb\",\"@id\":\"https:\\\/\\\/secure.gravatar.com\\\/avatar\\\/89064bb57430127056a72e7af3cc87e5f92d3b115a22e6576cb2be788dd4fac3?s=96&d=mm&r=g\",\"url\":\"https:\\\/\\\/secure.gravatar.com\\\/avatar\\\/89064bb57430127056a72e7af3cc87e5f92d3b115a22e6576cb2be788dd4fac3?s=96&d=mm&r=g\",\"contentUrl\":\"https:\\\/\\\/secure.gravatar.com\\\/avatar\\\/89064bb57430127056a72e7af3cc87e5f92d3b115a22e6576cb2be788dd4fac3?s=96&d=mm&r=g\",\"caption\":\"Ulrike G\u00f6bel-Kohtz\"},\"url\":\"https:\\\/\\\/grundschule-heinsberg.de\\\/ku\\\/author\\\/goebel-kohtz\\\/\"}]}<\/script>\n<!-- \/ Yoast SEO plugin. -->","yoast_head_json":{"title":"Muz\u00eeka Christmas 2023 - St. Katharina Grundschule Heinsberg","robots":{"index":"index","follow":"follow","max-snippet":"max-snippet:-1","max-image-preview":"max-image-preview:large","max-video-preview":"max-video-preview:-1"},"canonical":"https:\/\/grundschule-heinsberg.de\/ku\/muzika-christmas-2023\/","og_locale":"en_US","og_type":"article","og_title":"Muz\u00eeka Christmas 2023 - St. Katharina Grundschule Heinsberg","og_description":"D\u00ea \u00fb bav, dap\u00eer \u00fb dap\u00eer \u00fb m\u00eavan ji aliy\u00ea zarok, hevkar \u00fb xebatkar\u00ean dibistana seretay\u00ee ya St. \u00c7iray\u00ean Advent\u00ea dibiriq\u00een \u00fb b\u00eahna qehwe \u00fb [&hellip;]","og_url":"https:\/\/grundschule-heinsberg.de\/ku\/muzika-christmas-2023\/","og_site_name":"St. Katharina Grundschule Heinsberg","article_published_time":"2023-12-31T11:52:11+00:00","article_modified_time":"2024-03-07T13:55:55+00:00","og_image":[{"width":1200,"height":900,"url":"https:\/\/grundschule-heinsberg.de\/wp-content\/uploads\/2023\/12\/Musical_1.jpg","type":"image\/jpeg"}],"author":"Ulrike G\u00f6bel-Kohtz","twitter_card":"summary_large_image","twitter_misc":{"Written by":"Ulrike G\u00f6bel-Kohtz","Est. reading time":"1 \u062e\u0648\u0644\u06d5\u06a9"},"schema":{"@context":"https:\/\/schema.org","@graph":[{"@type":"Article","@id":"https:\/\/grundschule-heinsberg.de\/ku\/muzika-christmas-2023\/#article","isPartOf":{"@id":"https:\/\/grundschule-heinsberg.de\/ku\/muzika-christmas-2023\/"},"author":{"name":"Ulrike G\u00f6bel-Kohtz","@id":"https:\/\/grundschule-heinsberg.de\/ku\/#\/schema\/person\/9acfc4936904276e9247a22cb3de5627"},"headline":"Muz\u00eeka Christmas 2023","datePublished":"2023-12-31T11:52:11+00:00","dateModified":"2024-03-07T13:55:55+00:00","mainEntityOfPage":{"@id":"https:\/\/grundschule-heinsberg.de\/ku\/muzika-christmas-2023\/"},"wordCount":158,"publisher":{"@id":"https:\/\/grundschule-heinsberg.de\/ku\/#organization"},"image":{"@id":"https:\/\/grundschule-heinsberg.de\/ku\/muzika-christmas-2023\/#primaryimage"},"thumbnailUrl":"https:\/\/grundschule-heinsberg.de\/wp-content\/uploads\/2023\/12\/Musical_1.jpg","articleSection":["2023","b\u00ea kategor\u00eezekirin","Events"],"inLanguage":"ckb"},{"@type":"WebPage","@id":"https:\/\/grundschule-heinsberg.de\/ku\/muzika-christmas-2023\/","url":"https:\/\/grundschule-heinsberg.de\/ku\/muzika-christmas-2023\/","name":"Muz\u00eeka Christmas 2023 - St. Katharina Grundschule Heinsberg","isPartOf":{"@id":"https:\/\/grundschule-heinsberg.de\/ku\/#website"},"primaryImageOfPage":{"@id":"https:\/\/grundschule-heinsberg.de\/ku\/muzika-christmas-2023\/#primaryimage"},"image":{"@id":"https:\/\/grundschule-heinsberg.de\/ku\/muzika-christmas-2023\/#primaryimage"},"thumbnailUrl":"https:\/\/grundschule-heinsberg.de\/wp-content\/uploads\/2023\/12\/Musical_1.jpg","datePublished":"2023-12-31T11:52:11+00:00","dateModified":"2024-03-07T13:55:55+00:00","breadcrumb":{"@id":"https:\/\/grundschule-heinsberg.de\/ku\/muzika-christmas-2023\/#breadcrumb"},"inLanguage":"ckb","potentialAction":[{"@type":"ReadAction","target":["https:\/\/grundschule-heinsberg.de\/ku\/muzika-christmas-2023\/"]}]},{"@type":"ImageObject","inLanguage":"ckb","@id":"https:\/\/grundschule-heinsberg.de\/ku\/muzika-christmas-2023\/#primaryimage","url":"https:\/\/grundschule-heinsberg.de\/wp-content\/uploads\/2023\/12\/Musical_1.jpg","contentUrl":"https:\/\/grundschule-heinsberg.de\/wp-content\/uploads\/2023\/12\/Musical_1.jpg","width":1200,"height":900},{"@type":"BreadcrumbList","@id":"https:\/\/grundschule-heinsberg.de\/ku\/muzika-christmas-2023\/#breadcrumb","itemListElement":[{"@type":"ListItem","position":1,"name":"Startseite","item":"https:\/\/grundschule-heinsberg.de\/ku\/"},{"@type":"ListItem","position":2,"name":"Muz\u00eeka Christmas 2023"}]},{"@type":"WebSite","@id":"https:\/\/grundschule-heinsberg.de\/ku\/#website","url":"https:\/\/grundschule-heinsberg.de\/ku\/","name":"St. Katharina Grundschule Heinsberg","description":"f\u00fcreinander, voneinander, gemeinsam und individuell: Hand in Hand auf dem Weg in die Zukunft","publisher":{"@id":"https:\/\/grundschule-heinsberg.de\/ku\/#organization"},"potentialAction":[{"@type":"SearchAction","target":{"@type":"EntryPoint","urlTemplate":"https:\/\/grundschule-heinsberg.de\/ku\/?s={search_term_string}"},"query-input":{"@type":"PropertyValueSpecification","valueRequired":true,"valueName":"search_term_string"}}],"inLanguage":"ckb"},{"@type":"Organization","@id":"https:\/\/grundschule-heinsberg.de\/ku\/#organization","name":"St. Katharina Grundschule Heinsberg","url":"https:\/\/grundschule-heinsberg.de\/ku\/","logo":{"@type":"ImageObject","inLanguage":"ckb","@id":"https:\/\/grundschule-heinsberg.de\/ku\/#\/schema\/logo\/image\/","url":"https:\/\/grundschule-heinsberg.de\/wp-content\/uploads\/2023\/03\/230307_Grundschule-Heinsberg_Logo_RGB.svg","contentUrl":"https:\/\/grundschule-heinsberg.de\/wp-content\/uploads\/2023\/03\/230307_Grundschule-Heinsberg_Logo_RGB.svg","width":311,"height":135,"caption":"St. Katharina Grundschule Heinsberg"},"image":{"@id":"https:\/\/grundschule-heinsberg.de\/ku\/#\/schema\/logo\/image\/"}},{"@type":"Person","@id":"https:\/\/grundschule-heinsberg.de\/ku\/#\/schema\/person\/9acfc4936904276e9247a22cb3de5627","name":"Ulrike G\u00f6bel-Kohtz","image":{"@type":"ImageObject","inLanguage":"ckb","@id":"https:\/\/secure.gravatar.com\/avatar\/89064bb57430127056a72e7af3cc87e5f92d3b115a22e6576cb2be788dd4fac3?s=96&d=mm&r=g","url":"https:\/\/secure.gravatar.com\/avatar\/89064bb57430127056a72e7af3cc87e5f92d3b115a22e6576cb2be788dd4fac3?s=96&d=mm&r=g","contentUrl":"https:\/\/secure.gravatar.com\/avatar\/89064bb57430127056a72e7af3cc87e5f92d3b115a22e6576cb2be788dd4fac3?s=96&d=mm&r=g","caption":"Ulrike G\u00f6bel-Kohtz"},"url":"https:\/\/grundschule-heinsberg.de\/ku\/author\/goebel-kohtz\/"}]}},"_links":{"self":[{"href":"https:\/\/grundschule-heinsberg.de\/ku\/wp-json\/wp\/v2\/posts\/6068","targetHints":{"allow":["GET"]}}],"collection":[{"href":"https:\/\/grundschule-heinsberg.de\/ku\/wp-json\/wp\/v2\/posts"}],"about":[{"href":"https:\/\/grundschule-heinsberg.de\/ku\/wp-json\/wp\/v2\/types\/post"}],"author":[{"embeddable":true,"href":"https:\/\/grundschule-heinsberg.de\/ku\/wp-json\/wp\/v2\/users\/2"}],"replies":[{"embeddable":true,"href":"https:\/\/grundschule-heinsberg.de\/ku\/wp-json\/wp\/v2\/comments?post=6068"}],"version-history":[{"count":0,"href":"https:\/\/grundschule-heinsberg.de\/ku\/wp-json\/wp\/v2\/posts\/6068\/revisions"}],"wp:featuredmedia":[{"embeddable":true,"href":"https:\/\/grundschule-heinsberg.de\/ku\/wp-json\/wp\/v2\/media\/6069"}],"wp:attachment":[{"href":"https:\/\/grundschule-heinsberg.de\/ku\/wp-json\/wp\/v2\/media?parent=6068"}],"wp:term":[{"taxonomy":"category","embeddable":true,"href":"https:\/\/grundschule-heinsberg.de\/ku\/wp-json\/wp\/v2\/categories?post=6068"},{"taxonomy":"post_tag","embeddable":true,"href":"https:\/\/grundschule-heinsberg.de\/ku\/wp-json\/wp\/v2\/tags?post=6068"}],"curies":[{"name":"wp","href":"https:\/\/api.w.org\/{rel}","templated":true}]}}