{"id":5651,"date":"2022-12-16T16:40:00","date_gmt":"2022-12-16T15:40:00","guid":{"rendered":"https:\/\/grundschule-heinsberg.de\/dia-dos-avos-2022\/"},"modified":"2024-03-07T14:36:57","modified_gmt":"2024-03-07T13:36:57","slug":"dia-dos-avos-2022","status":"publish","type":"post","link":"https:\/\/grundschule-heinsberg.de\/pt-pt\/dia-dos-avos-2022\/","title":{"rendered":"Dia dos Av\u00f3s 2022"},"content":{"rendered":"\t\t<div data-elementor-type=\"wp-post\" data-elementor-id=\"5651\" class=\"elementor elementor-5651 elementor-793\">\n\t\t\t\t\t\t<section class=\"elementor-section elementor-top-section elementor-element elementor-element-be4e28b elementor-section-boxed elementor-section-height-default elementor-section-height-default\" data-id=\"be4e28b\" data-element_type=\"section\">\n\t\t\t\t\t\t<div class=\"elementor-container elementor-column-gap-default\">\n\t\t\t\t\t<div class=\"elementor-column elementor-col-100 elementor-top-column elementor-element elementor-element-084c892\" data-id=\"084c892\" data-element_type=\"column\">\n\t\t\t<div class=\"elementor-widget-wrap elementor-element-populated\">\n\t\t\t\t\t\t<div class=\"elementor-element elementor-element-716ac6f elementor-widget elementor-widget-text-editor\" data-id=\"716ac6f\" data-element_type=\"widget\" data-widget_type=\"text-editor.default\">\n\t\t\t\t<div class=\"elementor-widget-container\">\n\t\t\t\t\t\t\t\t\t<div class=\"et_pb_row et_pb_row_0\">\n<div class=\"et_pb_column et_pb_column_4_4 et_pb_column_0 et_pb_css_mix_blend_mode_passthrough et-last-child\">\n<div class=\"et_pb_module et_pb_text et_pb_text_0 et_pb_text_align_left et_pb_bg_layout_light\">\n<div class=\"et_pb_text_inner\">\n<p>Ap\u00f3s um interregno de dois anos devido \u00e0 pandemia, o Dia dos Av\u00f3s voltou finalmente a realizar-se na Escola Prim\u00e1ria St Katharina. O Sch\u00fctzenhalle, decorado de forma festiva, que o clube de tiro tinha disponibilizado para a celebra\u00e7\u00e3o, encheu-se rapidamente na sexta-feira de manh\u00e3. A celebra\u00e7\u00e3o come\u00e7ou com uma missa e foi conclu\u00edda com um programa variado.<br>Todos os av\u00f3s encontraram um lugar e tomaram um pequeno-almo\u00e7o acolhedor com os netos na mesa comprida e decorada.<\/p>\n<p>Os pais, com o apoio dos professores e do encarregado de educa\u00e7\u00e3o, j\u00e1 tinham concebido e decorado a sala de tiro no dia anterior. Os pais tamb\u00e9m se preocuparam com o bem-estar f\u00edsico das crian\u00e7as, doando bolos e sandes.<\/p>\n<p>O ambiente natal\u00edcio foi rapidamente criado pelas pe\u00e7as de Natal representadas pelos alunos do terceiro e quarto anos. Seguiram-se muitas actua\u00e7\u00f5es e can\u00e7\u00f5es, que os alunos do primeiro e segundo anos tamb\u00e9m tinham preparado. No final, todos cantaram juntos &#8220;Feliz Natal&#8221; num grande grupo. A celebra\u00e7\u00e3o terminou com esta mensagem de Natal. Os av\u00f3s deixaram a festa de Natal com rostos radiantes e os olhos brilhantes das crian\u00e7as tamb\u00e9m mostraram que os preparativos elaborados tinham mais uma vez valido a pena.<\/p>\n<p>Muito obrigado a todas as pessoas que ajudaram a tornar este dia poss\u00edvel.<\/p>\n<\/div>\n<\/div>\n<\/div>\n<\/div>\t\t\t\t\t\t\t\t<\/div>\n\t\t\t\t<\/div>\n\t\t\t\t<div class=\"elementor-element elementor-element-18cec50 gallery-spacing-custom elementor-widget elementor-widget-image-gallery\" data-id=\"18cec50\" data-element_type=\"widget\" data-widget_type=\"image-gallery.default\">\n\t\t\t\t<div class=\"elementor-widget-container\">\n\t\t\t\t\t\t\t<div class=\"elementor-image-gallery\">\n\t\t\t<div id='gallery-1' class='gallery galleryid-5651 gallery-columns-2 gallery-size-medium_large'><figure class='gallery-item'>\n\t\t\t<div class='gallery-icon landscape'>\n\t\t\t\t<a data-elementor-open-lightbox=\"yes\" data-elementor-lightbox-slideshow=\"18cec50\" data-elementor-lightbox-title=\"grosselternsingen-2022_IMG_2535\" data-e-action-hash=\"#elementor-action%3Aaction%3Dlightbox%26settings%3DeyJpZCI6ODAwLCJ1cmwiOiJodHRwczpcL1wvZ3J1bmRzY2h1bGUtaGVpbnNiZXJnLmRlXC93cC1jb250ZW50XC91cGxvYWRzXC8yMDIzXC8wM1wvZ3Jvc3NlbHRlcm5zaW5nZW4tMjAyMl9JTUdfMjUzNS5qcGciLCJzbGlkZXNob3ciOiIxOGNlYzUwIn0%3D\" href='https:\/\/grundschule-heinsberg.de\/wp-content\/uploads\/2023\/03\/grosselternsingen-2022_IMG_2535.jpg'><img fetchpriority=\"high\" decoding=\"async\" width=\"640\" height=\"480\" src=\"https:\/\/grundschule-heinsberg.de\/wp-content\/uploads\/2023\/03\/grosselternsingen-2022_IMG_2535.jpg\" class=\"attachment-medium_large size-medium_large\" alt=\"\" srcset=\"https:\/\/grundschule-heinsberg.de\/wp-content\/uploads\/2023\/03\/grosselternsingen-2022_IMG_2535.jpg 640w, https:\/\/grundschule-heinsberg.de\/wp-content\/uploads\/2023\/03\/grosselternsingen-2022_IMG_2535-300x225.jpg 300w\" sizes=\"(max-width: 640px) 100vw, 640px\" \/><\/a>\n\t\t\t<\/div><\/figure><figure class='gallery-item'>\n\t\t\t<div class='gallery-icon landscape'>\n\t\t\t\t<a data-elementor-open-lightbox=\"yes\" data-elementor-lightbox-slideshow=\"18cec50\" data-elementor-lightbox-title=\"grosselternsingen-2022_IMG_2544\" data-e-action-hash=\"#elementor-action%3Aaction%3Dlightbox%26settings%3DeyJpZCI6ODAxLCJ1cmwiOiJodHRwczpcL1wvZ3J1bmRzY2h1bGUtaGVpbnNiZXJnLmRlXC93cC1jb250ZW50XC91cGxvYWRzXC8yMDIzXC8wM1wvZ3Jvc3NlbHRlcm5zaW5nZW4tMjAyMl9JTUdfMjU0NC5qcGciLCJzbGlkZXNob3ciOiIxOGNlYzUwIn0%3D\" href='https:\/\/grundschule-heinsberg.de\/wp-content\/uploads\/2023\/03\/grosselternsingen-2022_IMG_2544.jpg'><img decoding=\"async\" width=\"768\" height=\"576\" src=\"https:\/\/grundschule-heinsberg.de\/wp-content\/uploads\/2023\/03\/grosselternsingen-2022_IMG_2544-768x576.jpg\" class=\"attachment-medium_large size-medium_large\" alt=\"\" srcset=\"https:\/\/grundschule-heinsberg.de\/wp-content\/uploads\/2023\/03\/grosselternsingen-2022_IMG_2544-768x576.jpg 768w, https:\/\/grundschule-heinsberg.de\/wp-content\/uploads\/2023\/03\/grosselternsingen-2022_IMG_2544-300x225.jpg 300w, https:\/\/grundschule-heinsberg.de\/wp-content\/uploads\/2023\/03\/grosselternsingen-2022_IMG_2544-1024x768.jpg 1024w, https:\/\/grundschule-heinsberg.de\/wp-content\/uploads\/2023\/03\/grosselternsingen-2022_IMG_2544-1536x1152.jpg 1536w, https:\/\/grundschule-heinsberg.de\/wp-content\/uploads\/2023\/03\/grosselternsingen-2022_IMG_2544-2048x1536.jpg 2048w\" sizes=\"(max-width: 768px) 100vw, 768px\" \/><\/a>\n\t\t\t<\/div><\/figure><figure class='gallery-item'>\n\t\t\t<div class='gallery-icon landscape'>\n\t\t\t\t<a data-elementor-open-lightbox=\"yes\" data-elementor-lightbox-slideshow=\"18cec50\" data-elementor-lightbox-title=\"grosselternsingen-2022_IMG_2549\" data-e-action-hash=\"#elementor-action%3Aaction%3Dlightbox%26settings%3DeyJpZCI6ODAyLCJ1cmwiOiJodHRwczpcL1wvZ3J1bmRzY2h1bGUtaGVpbnNiZXJnLmRlXC93cC1jb250ZW50XC91cGxvYWRzXC8yMDIzXC8wM1wvZ3Jvc3NlbHRlcm5zaW5nZW4tMjAyMl9JTUdfMjU0OS5qcGciLCJzbGlkZXNob3ciOiIxOGNlYzUwIn0%3D\" href='https:\/\/grundschule-heinsberg.de\/wp-content\/uploads\/2023\/03\/grosselternsingen-2022_IMG_2549.jpg'><img decoding=\"async\" width=\"640\" height=\"480\" src=\"https:\/\/grundschule-heinsberg.de\/wp-content\/uploads\/2023\/03\/grosselternsingen-2022_IMG_2549.jpg\" class=\"attachment-medium_large size-medium_large\" alt=\"\" srcset=\"https:\/\/grundschule-heinsberg.de\/wp-content\/uploads\/2023\/03\/grosselternsingen-2022_IMG_2549.jpg 640w, https:\/\/grundschule-heinsberg.de\/wp-content\/uploads\/2023\/03\/grosselternsingen-2022_IMG_2549-300x225.jpg 300w\" sizes=\"(max-width: 640px) 100vw, 640px\" \/><\/a>\n\t\t\t<\/div><\/figure>\n\t\t<\/div>\n\t\t<\/div>\n\t\t\t\t\t\t<\/div>\n\t\t\t\t<\/div>\n\t\t\t\t\t<\/div>\n\t\t<\/div>\n\t\t\t\t\t<\/div>\n\t\t<\/section>\n\t\t\t\t<\/div>\n\t\t","protected":false},"excerpt":{"rendered":"<p>Ap\u00f3s um interregno de dois anos devido \u00e0 pandemia, o Dia dos Av\u00f3s voltou finalmente a realizar-se na Escola Prim\u00e1ria St Katharina. O Sch\u00fctzenhalle, decorado [&hellip;]<\/p>\n","protected":false},"author":1,"featured_media":5654,"comment_status":"closed","ping_status":"closed","sticky":false,"template":"","format":"standard","meta":{"inline_featured_image":false,"site-sidebar-layout":"default","site-content-layout":"","ast-site-content-layout":"default","site-content-style":"default","site-sidebar-style":"default","ast-global-header-display":"","ast-banner-title-visibility":"","ast-main-header-display":"","ast-hfb-above-header-display":"","ast-hfb-below-header-display":"","ast-hfb-mobile-header-display":"","site-post-title":"","ast-breadcrumbs-content":"","ast-featured-img":"","footer-sml-layout":"","ast-disable-related-posts":"","theme-transparent-header-meta":"","adv-header-id-meta":"","stick-header-meta":"","header-above-stick-meta":"","header-main-stick-meta":"","header-below-stick-meta":"","astra-migrate-meta-layouts":"default","ast-page-background-enabled":"default","ast-page-background-meta":{"desktop":{"background-color":"","background-image":"","background-repeat":"repeat","background-position":"center center","background-size":"auto","background-attachment":"scroll","background-type":"","background-media":"","overlay-type":"","overlay-color":"","overlay-opacity":"","overlay-gradient":""},"tablet":{"background-color":"","background-image":"","background-repeat":"repeat","background-position":"center center","background-size":"auto","background-attachment":"scroll","background-type":"","background-media":"","overlay-type":"","overlay-color":"","overlay-opacity":"","overlay-gradient":""},"mobile":{"background-color":"","background-image":"","background-repeat":"repeat","background-position":"center center","background-size":"auto","background-attachment":"scroll","background-type":"","background-media":"","overlay-type":"","overlay-color":"","overlay-opacity":"","overlay-gradient":""}},"ast-content-background-meta":{"desktop":{"background-color":"var(--ast-global-color-5)","background-image":"","background-repeat":"repeat","background-position":"center center","background-size":"auto","background-attachment":"scroll","background-type":"","background-media":"","overlay-type":"","overlay-color":"","overlay-opacity":"","overlay-gradient":""},"tablet":{"background-color":"var(--ast-global-color-5)","background-image":"","background-repeat":"repeat","background-position":"center center","background-size":"auto","background-attachment":"scroll","background-type":"","background-media":"","overlay-type":"","overlay-color":"","overlay-opacity":"","overlay-gradient":""},"mobile":{"background-color":"var(--ast-global-color-5)","background-image":"","background-repeat":"repeat","background-position":"center center","background-size":"auto","background-attachment":"scroll","background-type":"","background-media":"","overlay-type":"","overlay-color":"","overlay-opacity":"","overlay-gradient":""}},"footnotes":""},"categories":[103,107],"tags":[],"class_list":["post-5651","post","type-post","status-publish","format-standard","has-post-thumbnail","hentry","category-2022-pt-pt","category-eventos"],"yoast_head":"<!-- This site is optimized with the Yoast SEO plugin v27.5 - https:\/\/yoast.com\/product\/yoast-seo-wordpress\/ -->\n<title>Dia dos Av\u00f3s 2022 - St. Katharina Grundschule Heinsberg<\/title>\n<meta name=\"robots\" content=\"index, follow, max-snippet:-1, max-image-preview:large, max-video-preview:-1\" \/>\n<link rel=\"canonical\" href=\"https:\/\/grundschule-heinsberg.de\/pt-pt\/dia-dos-avos-2022\/\" \/>\n<meta property=\"og:locale\" content=\"pt_PT\" \/>\n<meta property=\"og:type\" content=\"article\" \/>\n<meta property=\"og:title\" content=\"Dia dos Av\u00f3s 2022 - St. Katharina Grundschule Heinsberg\" \/>\n<meta property=\"og:description\" content=\"Ap\u00f3s um interregno de dois anos devido \u00e0 pandemia, o Dia dos Av\u00f3s voltou finalmente a realizar-se na Escola Prim\u00e1ria St Katharina. O Sch\u00fctzenhalle, decorado [&hellip;]\" \/>\n<meta property=\"og:url\" content=\"https:\/\/grundschule-heinsberg.de\/pt-pt\/dia-dos-avos-2022\/\" \/>\n<meta property=\"og:site_name\" content=\"St. Katharina Grundschule Heinsberg\" \/>\n<meta property=\"article:published_time\" content=\"2022-12-16T15:40:00+00:00\" \/>\n<meta property=\"article:modified_time\" content=\"2024-03-07T13:36:57+00:00\" \/>\n<meta property=\"og:image\" content=\"https:\/\/grundschule-heinsberg.de\/wp-content\/uploads\/2023\/03\/christmas-christmas-music-christmas-concert-7625951.png\" \/>\n\t<meta property=\"og:image:width\" content=\"1280\" \/>\n\t<meta property=\"og:image:height\" content=\"853\" \/>\n\t<meta property=\"og:image:type\" content=\"image\/png\" \/>\n<meta name=\"author\" content=\"admin_gr-he_idee-medien\" \/>\n<meta name=\"twitter:card\" content=\"summary_large_image\" \/>\n<meta name=\"twitter:label1\" content=\"Escrito por\" \/>\n\t<meta name=\"twitter:data1\" content=\"admin_gr-he_idee-medien\" \/>\n\t<meta name=\"twitter:label2\" content=\"Tempo estimado de leitura\" \/>\n\t<meta name=\"twitter:data2\" content=\"1 minuto\" \/>\n<script type=\"application\/ld+json\" class=\"yoast-schema-graph\">{\"@context\":\"https:\\\/\\\/schema.org\",\"@graph\":[{\"@type\":\"Article\",\"@id\":\"https:\\\/\\\/grundschule-heinsberg.de\\\/pt-pt\\\/dia-dos-avos-2022\\\/#article\",\"isPartOf\":{\"@id\":\"https:\\\/\\\/grundschule-heinsberg.de\\\/pt-pt\\\/dia-dos-avos-2022\\\/\"},\"author\":{\"name\":\"admin_gr-he_idee-medien\",\"@id\":\"https:\\\/\\\/grundschule-heinsberg.de\\\/pt-pt\\\/#\\\/schema\\\/person\\\/acef6ad27ff279a319f9b21b92557a0f\"},\"headline\":\"Dia dos Av\u00f3s 2022\",\"datePublished\":\"2022-12-16T15:40:00+00:00\",\"dateModified\":\"2024-03-07T13:36:57+00:00\",\"mainEntityOfPage\":{\"@id\":\"https:\\\/\\\/grundschule-heinsberg.de\\\/pt-pt\\\/dia-dos-avos-2022\\\/\"},\"wordCount\":236,\"publisher\":{\"@id\":\"https:\\\/\\\/grundschule-heinsberg.de\\\/pt-pt\\\/#organization\"},\"image\":{\"@id\":\"https:\\\/\\\/grundschule-heinsberg.de\\\/pt-pt\\\/dia-dos-avos-2022\\\/#primaryimage\"},\"thumbnailUrl\":\"https:\\\/\\\/grundschule-heinsberg.de\\\/wp-content\\\/uploads\\\/2023\\\/03\\\/christmas-christmas-music-christmas-concert-7625951.png\",\"articleSection\":[\"2022\",\"eventos\"],\"inLanguage\":\"pt-PT\"},{\"@type\":\"WebPage\",\"@id\":\"https:\\\/\\\/grundschule-heinsberg.de\\\/pt-pt\\\/dia-dos-avos-2022\\\/\",\"url\":\"https:\\\/\\\/grundschule-heinsberg.de\\\/pt-pt\\\/dia-dos-avos-2022\\\/\",\"name\":\"Dia dos Av\u00f3s 2022 - St. Katharina Grundschule Heinsberg\",\"isPartOf\":{\"@id\":\"https:\\\/\\\/grundschule-heinsberg.de\\\/pt-pt\\\/#website\"},\"primaryImageOfPage\":{\"@id\":\"https:\\\/\\\/grundschule-heinsberg.de\\\/pt-pt\\\/dia-dos-avos-2022\\\/#primaryimage\"},\"image\":{\"@id\":\"https:\\\/\\\/grundschule-heinsberg.de\\\/pt-pt\\\/dia-dos-avos-2022\\\/#primaryimage\"},\"thumbnailUrl\":\"https:\\\/\\\/grundschule-heinsberg.de\\\/wp-content\\\/uploads\\\/2023\\\/03\\\/christmas-christmas-music-christmas-concert-7625951.png\",\"datePublished\":\"2022-12-16T15:40:00+00:00\",\"dateModified\":\"2024-03-07T13:36:57+00:00\",\"breadcrumb\":{\"@id\":\"https:\\\/\\\/grundschule-heinsberg.de\\\/pt-pt\\\/dia-dos-avos-2022\\\/#breadcrumb\"},\"inLanguage\":\"pt-PT\",\"potentialAction\":[{\"@type\":\"ReadAction\",\"target\":[\"https:\\\/\\\/grundschule-heinsberg.de\\\/pt-pt\\\/dia-dos-avos-2022\\\/\"]}]},{\"@type\":\"ImageObject\",\"inLanguage\":\"pt-PT\",\"@id\":\"https:\\\/\\\/grundschule-heinsberg.de\\\/pt-pt\\\/dia-dos-avos-2022\\\/#primaryimage\",\"url\":\"https:\\\/\\\/grundschule-heinsberg.de\\\/wp-content\\\/uploads\\\/2023\\\/03\\\/christmas-christmas-music-christmas-concert-7625951.png\",\"contentUrl\":\"https:\\\/\\\/grundschule-heinsberg.de\\\/wp-content\\\/uploads\\\/2023\\\/03\\\/christmas-christmas-music-christmas-concert-7625951.png\",\"width\":1280,\"height\":853},{\"@type\":\"BreadcrumbList\",\"@id\":\"https:\\\/\\\/grundschule-heinsberg.de\\\/pt-pt\\\/dia-dos-avos-2022\\\/#breadcrumb\",\"itemListElement\":[{\"@type\":\"ListItem\",\"position\":1,\"name\":\"Startseite\",\"item\":\"https:\\\/\\\/grundschule-heinsberg.de\\\/pt-pt\\\/\"},{\"@type\":\"ListItem\",\"position\":2,\"name\":\"Dia dos Av\u00f3s 2022\"}]},{\"@type\":\"WebSite\",\"@id\":\"https:\\\/\\\/grundschule-heinsberg.de\\\/pt-pt\\\/#website\",\"url\":\"https:\\\/\\\/grundschule-heinsberg.de\\\/pt-pt\\\/\",\"name\":\"St. Katharina Grundschule Heinsberg\",\"description\":\"f\u00fcreinander, voneinander, gemeinsam und individuell: Hand in Hand auf dem Weg in die Zukunft\",\"publisher\":{\"@id\":\"https:\\\/\\\/grundschule-heinsberg.de\\\/pt-pt\\\/#organization\"},\"potentialAction\":[{\"@type\":\"SearchAction\",\"target\":{\"@type\":\"EntryPoint\",\"urlTemplate\":\"https:\\\/\\\/grundschule-heinsberg.de\\\/pt-pt\\\/?s={search_term_string}\"},\"query-input\":{\"@type\":\"PropertyValueSpecification\",\"valueRequired\":true,\"valueName\":\"search_term_string\"}}],\"inLanguage\":\"pt-PT\"},{\"@type\":\"Organization\",\"@id\":\"https:\\\/\\\/grundschule-heinsberg.de\\\/pt-pt\\\/#organization\",\"name\":\"St. Katharina Grundschule Heinsberg\",\"url\":\"https:\\\/\\\/grundschule-heinsberg.de\\\/pt-pt\\\/\",\"logo\":{\"@type\":\"ImageObject\",\"inLanguage\":\"pt-PT\",\"@id\":\"https:\\\/\\\/grundschule-heinsberg.de\\\/pt-pt\\\/#\\\/schema\\\/logo\\\/image\\\/\",\"url\":\"https:\\\/\\\/grundschule-heinsberg.de\\\/wp-content\\\/uploads\\\/2023\\\/03\\\/230307_Grundschule-Heinsberg_Logo_RGB.svg\",\"contentUrl\":\"https:\\\/\\\/grundschule-heinsberg.de\\\/wp-content\\\/uploads\\\/2023\\\/03\\\/230307_Grundschule-Heinsberg_Logo_RGB.svg\",\"width\":311,\"height\":135,\"caption\":\"St. Katharina Grundschule Heinsberg\"},\"image\":{\"@id\":\"https:\\\/\\\/grundschule-heinsberg.de\\\/pt-pt\\\/#\\\/schema\\\/logo\\\/image\\\/\"}},{\"@type\":\"Person\",\"@id\":\"https:\\\/\\\/grundschule-heinsberg.de\\\/pt-pt\\\/#\\\/schema\\\/person\\\/acef6ad27ff279a319f9b21b92557a0f\",\"name\":\"admin_gr-he_idee-medien\",\"image\":{\"@type\":\"ImageObject\",\"inLanguage\":\"pt-PT\",\"@id\":\"https:\\\/\\\/secure.gravatar.com\\\/avatar\\\/3f7953307bc892878263237304aae9b6e18a6dbebdc94c81a7af7be19be0fdb4?s=96&d=mm&r=g\",\"url\":\"https:\\\/\\\/secure.gravatar.com\\\/avatar\\\/3f7953307bc892878263237304aae9b6e18a6dbebdc94c81a7af7be19be0fdb4?s=96&d=mm&r=g\",\"contentUrl\":\"https:\\\/\\\/secure.gravatar.com\\\/avatar\\\/3f7953307bc892878263237304aae9b6e18a6dbebdc94c81a7af7be19be0fdb4?s=96&d=mm&r=g\",\"caption\":\"admin_gr-he_idee-medien\"},\"sameAs\":[\"http:\\\/\\\/grundschule-heinsberg.de\"],\"url\":\"https:\\\/\\\/grundschule-heinsberg.de\\\/pt-pt\\\/author\\\/admin_gr-he_idee-medien\\\/\"}]}<\/script>\n<!-- \/ Yoast SEO plugin. -->","yoast_head_json":{"title":"Dia dos Av\u00f3s 2022 - St. Katharina Grundschule Heinsberg","robots":{"index":"index","follow":"follow","max-snippet":"max-snippet:-1","max-image-preview":"max-image-preview:large","max-video-preview":"max-video-preview:-1"},"canonical":"https:\/\/grundschule-heinsberg.de\/pt-pt\/dia-dos-avos-2022\/","og_locale":"pt_PT","og_type":"article","og_title":"Dia dos Av\u00f3s 2022 - St. Katharina Grundschule Heinsberg","og_description":"Ap\u00f3s um interregno de dois anos devido \u00e0 pandemia, o Dia dos Av\u00f3s voltou finalmente a realizar-se na Escola Prim\u00e1ria St Katharina. O Sch\u00fctzenhalle, decorado [&hellip;]","og_url":"https:\/\/grundschule-heinsberg.de\/pt-pt\/dia-dos-avos-2022\/","og_site_name":"St. Katharina Grundschule Heinsberg","article_published_time":"2022-12-16T15:40:00+00:00","article_modified_time":"2024-03-07T13:36:57+00:00","og_image":[{"width":1280,"height":853,"url":"https:\/\/grundschule-heinsberg.de\/wp-content\/uploads\/2023\/03\/christmas-christmas-music-christmas-concert-7625951.png","type":"image\/png"}],"author":"admin_gr-he_idee-medien","twitter_card":"summary_large_image","twitter_misc":{"Escrito por":"admin_gr-he_idee-medien","Tempo estimado de leitura":"1 minuto"},"schema":{"@context":"https:\/\/schema.org","@graph":[{"@type":"Article","@id":"https:\/\/grundschule-heinsberg.de\/pt-pt\/dia-dos-avos-2022\/#article","isPartOf":{"@id":"https:\/\/grundschule-heinsberg.de\/pt-pt\/dia-dos-avos-2022\/"},"author":{"name":"admin_gr-he_idee-medien","@id":"https:\/\/grundschule-heinsberg.de\/pt-pt\/#\/schema\/person\/acef6ad27ff279a319f9b21b92557a0f"},"headline":"Dia dos Av\u00f3s 2022","datePublished":"2022-12-16T15:40:00+00:00","dateModified":"2024-03-07T13:36:57+00:00","mainEntityOfPage":{"@id":"https:\/\/grundschule-heinsberg.de\/pt-pt\/dia-dos-avos-2022\/"},"wordCount":236,"publisher":{"@id":"https:\/\/grundschule-heinsberg.de\/pt-pt\/#organization"},"image":{"@id":"https:\/\/grundschule-heinsberg.de\/pt-pt\/dia-dos-avos-2022\/#primaryimage"},"thumbnailUrl":"https:\/\/grundschule-heinsberg.de\/wp-content\/uploads\/2023\/03\/christmas-christmas-music-christmas-concert-7625951.png","articleSection":["2022","eventos"],"inLanguage":"pt-PT"},{"@type":"WebPage","@id":"https:\/\/grundschule-heinsberg.de\/pt-pt\/dia-dos-avos-2022\/","url":"https:\/\/grundschule-heinsberg.de\/pt-pt\/dia-dos-avos-2022\/","name":"Dia dos Av\u00f3s 2022 - St. Katharina Grundschule Heinsberg","isPartOf":{"@id":"https:\/\/grundschule-heinsberg.de\/pt-pt\/#website"},"primaryImageOfPage":{"@id":"https:\/\/grundschule-heinsberg.de\/pt-pt\/dia-dos-avos-2022\/#primaryimage"},"image":{"@id":"https:\/\/grundschule-heinsberg.de\/pt-pt\/dia-dos-avos-2022\/#primaryimage"},"thumbnailUrl":"https:\/\/grundschule-heinsberg.de\/wp-content\/uploads\/2023\/03\/christmas-christmas-music-christmas-concert-7625951.png","datePublished":"2022-12-16T15:40:00+00:00","dateModified":"2024-03-07T13:36:57+00:00","breadcrumb":{"@id":"https:\/\/grundschule-heinsberg.de\/pt-pt\/dia-dos-avos-2022\/#breadcrumb"},"inLanguage":"pt-PT","potentialAction":[{"@type":"ReadAction","target":["https:\/\/grundschule-heinsberg.de\/pt-pt\/dia-dos-avos-2022\/"]}]},{"@type":"ImageObject","inLanguage":"pt-PT","@id":"https:\/\/grundschule-heinsberg.de\/pt-pt\/dia-dos-avos-2022\/#primaryimage","url":"https:\/\/grundschule-heinsberg.de\/wp-content\/uploads\/2023\/03\/christmas-christmas-music-christmas-concert-7625951.png","contentUrl":"https:\/\/grundschule-heinsberg.de\/wp-content\/uploads\/2023\/03\/christmas-christmas-music-christmas-concert-7625951.png","width":1280,"height":853},{"@type":"BreadcrumbList","@id":"https:\/\/grundschule-heinsberg.de\/pt-pt\/dia-dos-avos-2022\/#breadcrumb","itemListElement":[{"@type":"ListItem","position":1,"name":"Startseite","item":"https:\/\/grundschule-heinsberg.de\/pt-pt\/"},{"@type":"ListItem","position":2,"name":"Dia dos Av\u00f3s 2022"}]},{"@type":"WebSite","@id":"https:\/\/grundschule-heinsberg.de\/pt-pt\/#website","url":"https:\/\/grundschule-heinsberg.de\/pt-pt\/","name":"St. Katharina Grundschule Heinsberg","description":"f\u00fcreinander, voneinander, gemeinsam und individuell: Hand in Hand auf dem Weg in die Zukunft","publisher":{"@id":"https:\/\/grundschule-heinsberg.de\/pt-pt\/#organization"},"potentialAction":[{"@type":"SearchAction","target":{"@type":"EntryPoint","urlTemplate":"https:\/\/grundschule-heinsberg.de\/pt-pt\/?s={search_term_string}"},"query-input":{"@type":"PropertyValueSpecification","valueRequired":true,"valueName":"search_term_string"}}],"inLanguage":"pt-PT"},{"@type":"Organization","@id":"https:\/\/grundschule-heinsberg.de\/pt-pt\/#organization","name":"St. Katharina Grundschule Heinsberg","url":"https:\/\/grundschule-heinsberg.de\/pt-pt\/","logo":{"@type":"ImageObject","inLanguage":"pt-PT","@id":"https:\/\/grundschule-heinsberg.de\/pt-pt\/#\/schema\/logo\/image\/","url":"https:\/\/grundschule-heinsberg.de\/wp-content\/uploads\/2023\/03\/230307_Grundschule-Heinsberg_Logo_RGB.svg","contentUrl":"https:\/\/grundschule-heinsberg.de\/wp-content\/uploads\/2023\/03\/230307_Grundschule-Heinsberg_Logo_RGB.svg","width":311,"height":135,"caption":"St. Katharina Grundschule Heinsberg"},"image":{"@id":"https:\/\/grundschule-heinsberg.de\/pt-pt\/#\/schema\/logo\/image\/"}},{"@type":"Person","@id":"https:\/\/grundschule-heinsberg.de\/pt-pt\/#\/schema\/person\/acef6ad27ff279a319f9b21b92557a0f","name":"admin_gr-he_idee-medien","image":{"@type":"ImageObject","inLanguage":"pt-PT","@id":"https:\/\/secure.gravatar.com\/avatar\/3f7953307bc892878263237304aae9b6e18a6dbebdc94c81a7af7be19be0fdb4?s=96&d=mm&r=g","url":"https:\/\/secure.gravatar.com\/avatar\/3f7953307bc892878263237304aae9b6e18a6dbebdc94c81a7af7be19be0fdb4?s=96&d=mm&r=g","contentUrl":"https:\/\/secure.gravatar.com\/avatar\/3f7953307bc892878263237304aae9b6e18a6dbebdc94c81a7af7be19be0fdb4?s=96&d=mm&r=g","caption":"admin_gr-he_idee-medien"},"sameAs":["http:\/\/grundschule-heinsberg.de"],"url":"https:\/\/grundschule-heinsberg.de\/pt-pt\/author\/admin_gr-he_idee-medien\/"}]}},"_links":{"self":[{"href":"https:\/\/grundschule-heinsberg.de\/pt-pt\/wp-json\/wp\/v2\/posts\/5651","targetHints":{"allow":["GET"]}}],"collection":[{"href":"https:\/\/grundschule-heinsberg.de\/pt-pt\/wp-json\/wp\/v2\/posts"}],"about":[{"href":"https:\/\/grundschule-heinsberg.de\/pt-pt\/wp-json\/wp\/v2\/types\/post"}],"author":[{"embeddable":true,"href":"https:\/\/grundschule-heinsberg.de\/pt-pt\/wp-json\/wp\/v2\/users\/1"}],"replies":[{"embeddable":true,"href":"https:\/\/grundschule-heinsberg.de\/pt-pt\/wp-json\/wp\/v2\/comments?post=5651"}],"version-history":[{"count":0,"href":"https:\/\/grundschule-heinsberg.de\/pt-pt\/wp-json\/wp\/v2\/posts\/5651\/revisions"}],"wp:featuredmedia":[{"embeddable":true,"href":"https:\/\/grundschule-heinsberg.de\/pt-pt\/wp-json\/wp\/v2\/media\/5654"}],"wp:attachment":[{"href":"https:\/\/grundschule-heinsberg.de\/pt-pt\/wp-json\/wp\/v2\/media?parent=5651"}],"wp:term":[{"taxonomy":"category","embeddable":true,"href":"https:\/\/grundschule-heinsberg.de\/pt-pt\/wp-json\/wp\/v2\/categories?post=5651"},{"taxonomy":"post_tag","embeddable":true,"href":"https:\/\/grundschule-heinsberg.de\/pt-pt\/wp-json\/wp\/v2\/tags?post=5651"}],"curies":[{"name":"wp","href":"https:\/\/api.w.org\/{rel}","templated":true}]}}