{"id":11013,"date":"2025-02-22T14:12:49","date_gmt":"2025-02-22T13:12:49","guid":{"rendered":"https:\/\/grundschule-heinsberg.de\/dita-e-aksionit-kunder-bullizmit\/"},"modified":"2025-02-22T14:16:29","modified_gmt":"2025-02-22T13:16:29","slug":"dita-e-aksionit-kunder-bullizmit","status":"publish","type":"post","link":"https:\/\/grundschule-heinsberg.de\/sq\/dita-e-aksionit-kunder-bullizmit\/","title":{"rendered":"Dita e Aksionit kund\u00ebr Bullizmit"},"content":{"rendered":"\t\t<div data-elementor-type=\"wp-post\" data-elementor-id=\"11013\" class=\"elementor elementor-11013 elementor-10956\">\n\t\t\t\t\t\t<section class=\"elementor-section elementor-top-section elementor-element elementor-element-cf75174 elementor-section-boxed elementor-section-height-default elementor-section-height-default\" data-id=\"cf75174\" data-element_type=\"section\">\n\t\t\t\t\t\t<div class=\"elementor-container elementor-column-gap-default\">\n\t\t\t\t\t<div class=\"elementor-column elementor-col-100 elementor-top-column elementor-element elementor-element-da56dd4\" data-id=\"da56dd4\" data-element_type=\"column\">\n\t\t\t<div class=\"elementor-widget-wrap elementor-element-populated\">\n\t\t\t\t\t\t<div class=\"elementor-element elementor-element-c4a3754 elementor-widget elementor-widget-text-editor\" data-id=\"c4a3754\" data-element_type=\"widget\" data-widget_type=\"text-editor.default\">\n\t\t\t\t<div class=\"elementor-widget-container\">\n\t\t\t\t\t\t\t\t\t<p class=\"p1\"><span class=\"s2\">T\u00eb shtun\u00ebn, m\u00eb 15 shkurt 2025, n\u00eb shkoll\u00ebn ton\u00eb u zhvillua nj\u00eb dit\u00eb e ve\u00e7ant\u00eb aksioni me tem\u00ebn \u201canti-bullying\u201d. Q\u00ebllimi i dit\u00ebs ishte t\u00eb rriste nd\u00ebrgjegj\u00ebsimin p\u00ebr nd\u00ebrveprimin e respektuesh\u00ebm dhe m\u00ebnyr\u00ebn se si t\u00eb trajtohet ngacmimi n\u00eb shkolla. <\/span><\/p>\n<p class=\"p1\"><span class=\"s2\">M\u00ebngjesi filloi me demonstrime emocionuese, n\u00eb t\u00eb cilat f\u00ebmij\u00ebt e klasave 1 dhe 2, si dhe klasat 3 dhe 4, pan\u00eb secili nj\u00eb prezantim me tem\u00ebn e &#8220;ngacmimit&#8221; t\u00eb p\u00ebrgatitur p\u00ebr grupmosh\u00ebn e tyre. P\u00ebrderisa nx\u00ebn\u00ebsit e klasave 3 dhe 4 ndoq\u00ebn prezantimin, klasat 1 dhe 2 punuan me materiale t\u00eb p\u00ebrgatitura nga m\u00ebsuesit posa\u00e7\u00ebrisht p\u00ebr k\u00ebt\u00eb tem\u00eb. M\u00eb pas grupet u shk\u00ebmbyen.  <\/span><\/p>\n<p class=\"p1\"><span class=\"s2\">Pas prezantimeve dhe pun\u00ebs n\u00eb grupe u zhvilluan loj\u00ebra bashk\u00ebpunuese n\u00eb grupmosha t\u00eb vogla. K\u00ebto aktivitete lozonjare promovuan bashkimin dhe forcuan shpirtin ekipor t\u00eb f\u00ebmij\u00ebve. Dita e aksionit p\u00ebrfundoi me nj\u00eb moment simbolik: t\u00eb gjith\u00eb f\u00ebmij\u00ebt u mblodh\u00ebn n\u00eb oborrin e shkoll\u00ebs dhe formuan nj\u00eb zem\u00ebr t\u00eb madhe p\u00ebr t\u00eb b\u00ebr\u00eb nj\u00eb foto s\u00eb bashku. Ky imazh p\u00ebrfaq\u00ebson solidaritetin dhe angazhimin e t\u00eb gjith\u00ebve p\u00ebr t\u00eb folur kund\u00ebr bullizmit.   <\/span><\/p>\n<p class=\"p1\"><span class=\"s2\">Dita e aksionit ishte nj\u00eb sukses i plot\u00eb dhe jo vet\u00ebm q\u00eb u dha f\u00ebmij\u00ebve shum\u00eb arg\u00ebtim, por gjithashtu u m\u00ebsoi atyre vlera t\u00eb r\u00ebnd\u00ebsishme p\u00ebr nd\u00ebrveprim t\u00eb respektuesh\u00ebm dhe miq\u00ebsor.<\/span><\/p>\n\t\t\t\t\t\t\t\t<\/div>\n\t\t\t\t<\/div>\n\t\t\t\t\t<\/div>\n\t\t<\/div>\n\t\t\t\t\t<\/div>\n\t\t<\/section>\n\t\t\t\t<section class=\"elementor-section elementor-top-section elementor-element elementor-element-019d07d elementor-section-boxed elementor-section-height-default elementor-section-height-default\" data-id=\"019d07d\" data-element_type=\"section\">\n\t\t\t\t\t\t<div class=\"elementor-container elementor-column-gap-default\">\n\t\t\t\t\t<div class=\"elementor-column elementor-col-50 elementor-top-column elementor-element elementor-element-1b119ed\" data-id=\"1b119ed\" data-element_type=\"column\">\n\t\t\t<div class=\"elementor-widget-wrap elementor-element-populated\">\n\t\t\t\t\t\t<div class=\"elementor-element elementor-element-ad8d5e3 elementor-widget elementor-widget-image\" data-id=\"ad8d5e3\" data-element_type=\"widget\" data-widget_type=\"image.default\">\n\t\t\t\t<div class=\"elementor-widget-container\">\n\t\t\t\t\t\t\t\t\t\t\t\t\t\t\t<img fetchpriority=\"high\" decoding=\"async\" width=\"768\" height=\"1024\" src=\"https:\/\/grundschule-heinsberg.de\/wp-content\/uploads\/2025\/02\/image5-768x1024.jpeg\" class=\"attachment-large size-large wp-image-10958\" alt=\"\" srcset=\"https:\/\/grundschule-heinsberg.de\/wp-content\/uploads\/2025\/02\/image5-768x1024.jpeg 768w, https:\/\/grundschule-heinsberg.de\/wp-content\/uploads\/2025\/02\/image5-225x300.jpeg 225w, https:\/\/grundschule-heinsberg.de\/wp-content\/uploads\/2025\/02\/image5-rotated.jpeg 900w\" sizes=\"(max-width: 768px) 100vw, 768px\" \/>\t\t\t\t\t\t\t\t\t\t\t\t\t\t\t<\/div>\n\t\t\t\t<\/div>\n\t\t\t\t\t<\/div>\n\t\t<\/div>\n\t\t\t\t<div class=\"elementor-column elementor-col-50 elementor-top-column elementor-element elementor-element-940d562\" data-id=\"940d562\" data-element_type=\"column\">\n\t\t\t<div class=\"elementor-widget-wrap elementor-element-populated\">\n\t\t\t\t\t\t<div class=\"elementor-element elementor-element-2315dc7 elementor-widget elementor-widget-image\" data-id=\"2315dc7\" data-element_type=\"widget\" data-widget_type=\"image.default\">\n\t\t\t\t<div class=\"elementor-widget-container\">\n\t\t\t\t\t\t\t\t\t\t\t\t\t\t\t<img decoding=\"async\" width=\"768\" height=\"1024\" src=\"https:\/\/grundschule-heinsberg.de\/wp-content\/uploads\/2025\/02\/image6-768x1024.jpeg\" class=\"attachment-large size-large wp-image-10966\" alt=\"\" srcset=\"https:\/\/grundschule-heinsberg.de\/wp-content\/uploads\/2025\/02\/image6-768x1024.jpeg 768w, https:\/\/grundschule-heinsberg.de\/wp-content\/uploads\/2025\/02\/image6-225x300.jpeg 225w, https:\/\/grundschule-heinsberg.de\/wp-content\/uploads\/2025\/02\/image6-rotated.jpeg 900w\" sizes=\"(max-width: 768px) 100vw, 768px\" \/>\t\t\t\t\t\t\t\t\t\t\t\t\t\t\t<\/div>\n\t\t\t\t<\/div>\n\t\t\t\t\t<\/div>\n\t\t<\/div>\n\t\t\t\t\t<\/div>\n\t\t<\/section>\n\t\t\t\t<section class=\"elementor-section elementor-top-section elementor-element elementor-element-772c10c elementor-section-boxed elementor-section-height-default elementor-section-height-default\" data-id=\"772c10c\" data-element_type=\"section\">\n\t\t\t\t\t\t<div class=\"elementor-container elementor-column-gap-default\">\n\t\t\t\t\t<div class=\"elementor-column elementor-col-50 elementor-top-column elementor-element elementor-element-1be65c7\" data-id=\"1be65c7\" data-element_type=\"column\">\n\t\t\t<div class=\"elementor-widget-wrap elementor-element-populated\">\n\t\t\t\t\t\t<div class=\"elementor-element elementor-element-91488af elementor-widget elementor-widget-image\" data-id=\"91488af\" data-element_type=\"widget\" data-widget_type=\"image.default\">\n\t\t\t\t<div class=\"elementor-widget-container\">\n\t\t\t\t\t\t\t\t\t\t\t\t\t\t\t<img decoding=\"async\" width=\"768\" height=\"1024\" src=\"https:\/\/grundschule-heinsberg.de\/wp-content\/uploads\/2025\/02\/image7-768x1024.jpeg\" class=\"attachment-large size-large wp-image-10974\" alt=\"\" srcset=\"https:\/\/grundschule-heinsberg.de\/wp-content\/uploads\/2025\/02\/image7-768x1024.jpeg 768w, https:\/\/grundschule-heinsberg.de\/wp-content\/uploads\/2025\/02\/image7-225x300.jpeg 225w, https:\/\/grundschule-heinsberg.de\/wp-content\/uploads\/2025\/02\/image7-rotated.jpeg 900w\" sizes=\"(max-width: 768px) 100vw, 768px\" \/>\t\t\t\t\t\t\t\t\t\t\t\t\t\t\t<\/div>\n\t\t\t\t<\/div>\n\t\t\t\t\t<\/div>\n\t\t<\/div>\n\t\t\t\t<div class=\"elementor-column elementor-col-50 elementor-top-column elementor-element elementor-element-bee71f1\" data-id=\"bee71f1\" data-element_type=\"column\">\n\t\t\t<div class=\"elementor-widget-wrap elementor-element-populated\">\n\t\t\t\t\t\t<div class=\"elementor-element elementor-element-0c98895 elementor-widget elementor-widget-image\" data-id=\"0c98895\" data-element_type=\"widget\" data-widget_type=\"image.default\">\n\t\t\t\t<div class=\"elementor-widget-container\">\n\t\t\t\t\t\t\t\t\t\t\t\t\t\t\t<img loading=\"lazy\" decoding=\"async\" width=\"768\" height=\"1024\" src=\"https:\/\/grundschule-heinsberg.de\/wp-content\/uploads\/2025\/02\/image10-768x1024.jpeg\" class=\"attachment-large size-large wp-image-10998\" alt=\"\" srcset=\"https:\/\/grundschule-heinsberg.de\/wp-content\/uploads\/2025\/02\/image10-768x1024.jpeg 768w, https:\/\/grundschule-heinsberg.de\/wp-content\/uploads\/2025\/02\/image10-225x300.jpeg 225w, https:\/\/grundschule-heinsberg.de\/wp-content\/uploads\/2025\/02\/image10.jpeg 900w\" sizes=\"(max-width: 768px) 100vw, 768px\" \/>\t\t\t\t\t\t\t\t\t\t\t\t\t\t\t<\/div>\n\t\t\t\t<\/div>\n\t\t\t\t\t<\/div>\n\t\t<\/div>\n\t\t\t\t\t<\/div>\n\t\t<\/section>\n\t\t\t\t<section class=\"elementor-section elementor-top-section elementor-element elementor-element-6fadb24 elementor-section-boxed elementor-section-height-default elementor-section-height-default\" data-id=\"6fadb24\" data-element_type=\"section\">\n\t\t\t\t\t\t<div class=\"elementor-container elementor-column-gap-default\">\n\t\t\t\t\t<div class=\"elementor-column elementor-col-50 elementor-top-column elementor-element elementor-element-82c4f22\" data-id=\"82c4f22\" data-element_type=\"column\">\n\t\t\t<div class=\"elementor-widget-wrap elementor-element-populated\">\n\t\t\t\t\t\t<div class=\"elementor-element elementor-element-ff762b8 elementor-widget elementor-widget-image\" data-id=\"ff762b8\" data-element_type=\"widget\" data-widget_type=\"image.default\">\n\t\t\t\t<div class=\"elementor-widget-container\">\n\t\t\t\t\t\t\t\t\t\t\t\t\t\t\t<img loading=\"lazy\" decoding=\"async\" width=\"1024\" height=\"768\" src=\"https:\/\/grundschule-heinsberg.de\/wp-content\/uploads\/2025\/02\/image9-1024x768.jpeg\" class=\"attachment-large size-large wp-image-10990\" alt=\"\" srcset=\"https:\/\/grundschule-heinsberg.de\/wp-content\/uploads\/2025\/02\/image9-1024x768.jpeg 1024w, https:\/\/grundschule-heinsberg.de\/wp-content\/uploads\/2025\/02\/image9-300x225.jpeg 300w, https:\/\/grundschule-heinsberg.de\/wp-content\/uploads\/2025\/02\/image9-768x576.jpeg 768w, https:\/\/grundschule-heinsberg.de\/wp-content\/uploads\/2025\/02\/image9.jpeg 1200w\" sizes=\"(max-width: 1024px) 100vw, 1024px\" \/>\t\t\t\t\t\t\t\t\t\t\t\t\t\t\t<\/div>\n\t\t\t\t<\/div>\n\t\t\t\t\t<\/div>\n\t\t<\/div>\n\t\t\t\t<div class=\"elementor-column elementor-col-50 elementor-top-column elementor-element elementor-element-2142b77\" data-id=\"2142b77\" data-element_type=\"column\">\n\t\t\t<div class=\"elementor-widget-wrap\">\n\t\t\t\t\t\t\t<\/div>\n\t\t<\/div>\n\t\t\t\t\t<\/div>\n\t\t<\/section>\n\t\t\t\t<\/div>\n\t\t","protected":false},"excerpt":{"rendered":"<p>T\u00eb shtun\u00ebn, m\u00eb 15 shkurt 2025, n\u00eb shkoll\u00ebn ton\u00eb u zhvillua nj\u00eb dit\u00eb e ve\u00e7ant\u00eb aksioni me tem\u00ebn \u201canti-bullying\u201d. Q\u00ebllimi i dit\u00ebs ishte t\u00eb rriste [&hellip;]<\/p>\n","protected":false},"author":2,"featured_media":10982,"comment_status":"closed","ping_status":"open","sticky":false,"template":"","format":"standard","meta":{"inline_featured_image":false,"site-sidebar-layout":"default","site-content-layout":"","ast-site-content-layout":"default","site-content-style":"default","site-sidebar-style":"default","ast-global-header-display":"","ast-banner-title-visibility":"","ast-main-header-display":"","ast-hfb-above-header-display":"","ast-hfb-below-header-display":"","ast-hfb-mobile-header-display":"","site-post-title":"","ast-breadcrumbs-content":"","ast-featured-img":"","footer-sml-layout":"","ast-disable-related-posts":"","theme-transparent-header-meta":"","adv-header-id-meta":"","stick-header-meta":"","header-above-stick-meta":"","header-main-stick-meta":"","header-below-stick-meta":"","astra-migrate-meta-layouts":"default","ast-page-background-enabled":"default","ast-page-background-meta":{"desktop":{"background-color":"","background-image":"","background-repeat":"repeat","background-position":"center center","background-size":"auto","background-attachment":"scroll","background-type":"","background-media":"","overlay-type":"","overlay-color":"","overlay-opacity":"","overlay-gradient":""},"tablet":{"background-color":"","background-image":"","background-repeat":"repeat","background-position":"center center","background-size":"auto","background-attachment":"scroll","background-type":"","background-media":"","overlay-type":"","overlay-color":"","overlay-opacity":"","overlay-gradient":""},"mobile":{"background-color":"","background-image":"","background-repeat":"repeat","background-position":"center center","background-size":"auto","background-attachment":"scroll","background-type":"","background-media":"","overlay-type":"","overlay-color":"","overlay-opacity":"","overlay-gradient":""}},"ast-content-background-meta":{"desktop":{"background-color":"var(--ast-global-color-5)","background-image":"","background-repeat":"repeat","background-position":"center center","background-size":"auto","background-attachment":"scroll","background-type":"","background-media":"","overlay-type":"","overlay-color":"","overlay-opacity":"","overlay-gradient":""},"tablet":{"background-color":"var(--ast-global-color-5)","background-image":"","background-repeat":"repeat","background-position":"center center","background-size":"auto","background-attachment":"scroll","background-type":"","background-media":"","overlay-type":"","overlay-color":"","overlay-opacity":"","overlay-gradient":""},"mobile":{"background-color":"var(--ast-global-color-5)","background-image":"","background-repeat":"repeat","background-position":"center center","background-size":"auto","background-attachment":"scroll","background-type":"","background-media":"","overlay-type":"","overlay-color":"","overlay-opacity":"","overlay-gradient":""}},"footnotes":""},"categories":[161,105],"tags":[],"class_list":["post-11013","post","type-post","status-publish","format-standard","has-post-thumbnail","hentry","category-2025-sq","category-ngjarjet"],"yoast_head":"<!-- This site is optimized with the Yoast SEO plugin v27.5 - https:\/\/yoast.com\/product\/yoast-seo-wordpress\/ -->\n<title>Dita e Aksionit kund\u00ebr Bullizmit - St. Katharina Grundschule Heinsberg<\/title>\n<meta name=\"robots\" content=\"index, follow, max-snippet:-1, max-image-preview:large, max-video-preview:-1\" \/>\n<link rel=\"canonical\" href=\"https:\/\/grundschule-heinsberg.de\/sq\/dita-e-aksionit-kunder-bullizmit\/\" \/>\n<meta property=\"og:locale\" content=\"sq_AL\" \/>\n<meta property=\"og:type\" content=\"article\" \/>\n<meta property=\"og:title\" content=\"Dita e Aksionit kund\u00ebr Bullizmit - St. Katharina Grundschule Heinsberg\" \/>\n<meta property=\"og:description\" content=\"T\u00eb shtun\u00ebn, m\u00eb 15 shkurt 2025, n\u00eb shkoll\u00ebn ton\u00eb u zhvillua nj\u00eb dit\u00eb e ve\u00e7ant\u00eb aksioni me tem\u00ebn \u201canti-bullying\u201d. Q\u00ebllimi i dit\u00ebs ishte t\u00eb rriste [&hellip;]\" \/>\n<meta property=\"og:url\" content=\"https:\/\/grundschule-heinsberg.de\/sq\/dita-e-aksionit-kunder-bullizmit\/\" \/>\n<meta property=\"og:site_name\" content=\"St. Katharina Grundschule Heinsberg\" \/>\n<meta property=\"article:published_time\" content=\"2025-02-22T13:12:49+00:00\" \/>\n<meta property=\"article:modified_time\" content=\"2025-02-22T13:16:29+00:00\" \/>\n<meta property=\"og:image\" content=\"https:\/\/grundschule-heinsberg.de\/wp-content\/uploads\/2025\/02\/image8.jpeg\" \/>\n\t<meta property=\"og:image:width\" content=\"1200\" \/>\n\t<meta property=\"og:image:height\" content=\"900\" \/>\n\t<meta property=\"og:image:type\" content=\"image\/jpeg\" \/>\n<meta name=\"author\" content=\"Ulrike G\u00f6bel-Kohtz\" \/>\n<meta name=\"twitter:card\" content=\"summary_large_image\" \/>\n<meta name=\"twitter:label1\" content=\"Written by\" \/>\n\t<meta name=\"twitter:data1\" content=\"Ulrike G\u00f6bel-Kohtz\" \/>\n\t<meta name=\"twitter:label2\" content=\"Est. reading time\" \/>\n\t<meta name=\"twitter:data2\" content=\"1 minute\" \/>\n<script type=\"application\/ld+json\" class=\"yoast-schema-graph\">{\"@context\":\"https:\\\/\\\/schema.org\",\"@graph\":[{\"@type\":\"Article\",\"@id\":\"https:\\\/\\\/grundschule-heinsberg.de\\\/sq\\\/dita-e-aksionit-kunder-bullizmit\\\/#article\",\"isPartOf\":{\"@id\":\"https:\\\/\\\/grundschule-heinsberg.de\\\/sq\\\/dita-e-aksionit-kunder-bullizmit\\\/\"},\"author\":{\"name\":\"Ulrike G\u00f6bel-Kohtz\",\"@id\":\"https:\\\/\\\/grundschule-heinsberg.de\\\/sq\\\/#\\\/schema\\\/person\\\/9acfc4936904276e9247a22cb3de5627\"},\"headline\":\"Dita e Aksionit kund\u00ebr Bullizmit\",\"datePublished\":\"2025-02-22T13:12:49+00:00\",\"dateModified\":\"2025-02-22T13:16:29+00:00\",\"mainEntityOfPage\":{\"@id\":\"https:\\\/\\\/grundschule-heinsberg.de\\\/sq\\\/dita-e-aksionit-kunder-bullizmit\\\/\"},\"wordCount\":258,\"publisher\":{\"@id\":\"https:\\\/\\\/grundschule-heinsberg.de\\\/sq\\\/#organization\"},\"image\":{\"@id\":\"https:\\\/\\\/grundschule-heinsberg.de\\\/sq\\\/dita-e-aksionit-kunder-bullizmit\\\/#primaryimage\"},\"thumbnailUrl\":\"https:\\\/\\\/grundschule-heinsberg.de\\\/wp-content\\\/uploads\\\/2025\\\/02\\\/image8.jpeg\",\"articleSection\":[\"2025\",\"Ngjarjet\"],\"inLanguage\":\"sq-AL\"},{\"@type\":\"WebPage\",\"@id\":\"https:\\\/\\\/grundschule-heinsberg.de\\\/sq\\\/dita-e-aksionit-kunder-bullizmit\\\/\",\"url\":\"https:\\\/\\\/grundschule-heinsberg.de\\\/sq\\\/dita-e-aksionit-kunder-bullizmit\\\/\",\"name\":\"Dita e Aksionit kund\u00ebr Bullizmit - St. Katharina Grundschule Heinsberg\",\"isPartOf\":{\"@id\":\"https:\\\/\\\/grundschule-heinsberg.de\\\/sq\\\/#website\"},\"primaryImageOfPage\":{\"@id\":\"https:\\\/\\\/grundschule-heinsberg.de\\\/sq\\\/dita-e-aksionit-kunder-bullizmit\\\/#primaryimage\"},\"image\":{\"@id\":\"https:\\\/\\\/grundschule-heinsberg.de\\\/sq\\\/dita-e-aksionit-kunder-bullizmit\\\/#primaryimage\"},\"thumbnailUrl\":\"https:\\\/\\\/grundschule-heinsberg.de\\\/wp-content\\\/uploads\\\/2025\\\/02\\\/image8.jpeg\",\"datePublished\":\"2025-02-22T13:12:49+00:00\",\"dateModified\":\"2025-02-22T13:16:29+00:00\",\"breadcrumb\":{\"@id\":\"https:\\\/\\\/grundschule-heinsberg.de\\\/sq\\\/dita-e-aksionit-kunder-bullizmit\\\/#breadcrumb\"},\"inLanguage\":\"sq-AL\",\"potentialAction\":[{\"@type\":\"ReadAction\",\"target\":[\"https:\\\/\\\/grundschule-heinsberg.de\\\/sq\\\/dita-e-aksionit-kunder-bullizmit\\\/\"]}]},{\"@type\":\"ImageObject\",\"inLanguage\":\"sq-AL\",\"@id\":\"https:\\\/\\\/grundschule-heinsberg.de\\\/sq\\\/dita-e-aksionit-kunder-bullizmit\\\/#primaryimage\",\"url\":\"https:\\\/\\\/grundschule-heinsberg.de\\\/wp-content\\\/uploads\\\/2025\\\/02\\\/image8.jpeg\",\"contentUrl\":\"https:\\\/\\\/grundschule-heinsberg.de\\\/wp-content\\\/uploads\\\/2025\\\/02\\\/image8.jpeg\",\"width\":1200,\"height\":900},{\"@type\":\"BreadcrumbList\",\"@id\":\"https:\\\/\\\/grundschule-heinsberg.de\\\/sq\\\/dita-e-aksionit-kunder-bullizmit\\\/#breadcrumb\",\"itemListElement\":[{\"@type\":\"ListItem\",\"position\":1,\"name\":\"Startseite\",\"item\":\"https:\\\/\\\/grundschule-heinsberg.de\\\/sq\\\/\"},{\"@type\":\"ListItem\",\"position\":2,\"name\":\"Dita e Aksionit kund\u00ebr Bullizmit\"}]},{\"@type\":\"WebSite\",\"@id\":\"https:\\\/\\\/grundschule-heinsberg.de\\\/sq\\\/#website\",\"url\":\"https:\\\/\\\/grundschule-heinsberg.de\\\/sq\\\/\",\"name\":\"St. Katharina Grundschule Heinsberg\",\"description\":\"f\u00fcreinander, voneinander, gemeinsam und individuell: Hand in Hand auf dem Weg in die Zukunft\",\"publisher\":{\"@id\":\"https:\\\/\\\/grundschule-heinsberg.de\\\/sq\\\/#organization\"},\"potentialAction\":[{\"@type\":\"SearchAction\",\"target\":{\"@type\":\"EntryPoint\",\"urlTemplate\":\"https:\\\/\\\/grundschule-heinsberg.de\\\/sq\\\/?s={search_term_string}\"},\"query-input\":{\"@type\":\"PropertyValueSpecification\",\"valueRequired\":true,\"valueName\":\"search_term_string\"}}],\"inLanguage\":\"sq-AL\"},{\"@type\":\"Organization\",\"@id\":\"https:\\\/\\\/grundschule-heinsberg.de\\\/sq\\\/#organization\",\"name\":\"St. Katharina Grundschule Heinsberg\",\"url\":\"https:\\\/\\\/grundschule-heinsberg.de\\\/sq\\\/\",\"logo\":{\"@type\":\"ImageObject\",\"inLanguage\":\"sq-AL\",\"@id\":\"https:\\\/\\\/grundschule-heinsberg.de\\\/sq\\\/#\\\/schema\\\/logo\\\/image\\\/\",\"url\":\"https:\\\/\\\/grundschule-heinsberg.de\\\/wp-content\\\/uploads\\\/2023\\\/03\\\/230307_Grundschule-Heinsberg_Logo_RGB.svg\",\"contentUrl\":\"https:\\\/\\\/grundschule-heinsberg.de\\\/wp-content\\\/uploads\\\/2023\\\/03\\\/230307_Grundschule-Heinsberg_Logo_RGB.svg\",\"width\":311,\"height\":135,\"caption\":\"St. Katharina Grundschule Heinsberg\"},\"image\":{\"@id\":\"https:\\\/\\\/grundschule-heinsberg.de\\\/sq\\\/#\\\/schema\\\/logo\\\/image\\\/\"}},{\"@type\":\"Person\",\"@id\":\"https:\\\/\\\/grundschule-heinsberg.de\\\/sq\\\/#\\\/schema\\\/person\\\/9acfc4936904276e9247a22cb3de5627\",\"name\":\"Ulrike G\u00f6bel-Kohtz\",\"image\":{\"@type\":\"ImageObject\",\"inLanguage\":\"sq-AL\",\"@id\":\"https:\\\/\\\/secure.gravatar.com\\\/avatar\\\/89064bb57430127056a72e7af3cc87e5f92d3b115a22e6576cb2be788dd4fac3?s=96&d=mm&r=g\",\"url\":\"https:\\\/\\\/secure.gravatar.com\\\/avatar\\\/89064bb57430127056a72e7af3cc87e5f92d3b115a22e6576cb2be788dd4fac3?s=96&d=mm&r=g\",\"contentUrl\":\"https:\\\/\\\/secure.gravatar.com\\\/avatar\\\/89064bb57430127056a72e7af3cc87e5f92d3b115a22e6576cb2be788dd4fac3?s=96&d=mm&r=g\",\"caption\":\"Ulrike G\u00f6bel-Kohtz\"},\"url\":\"https:\\\/\\\/grundschule-heinsberg.de\\\/sq\\\/author\\\/goebel-kohtz\\\/\"}]}<\/script>\n<!-- \/ Yoast SEO plugin. -->","yoast_head_json":{"title":"Dita e Aksionit kund\u00ebr Bullizmit - St. Katharina Grundschule Heinsberg","robots":{"index":"index","follow":"follow","max-snippet":"max-snippet:-1","max-image-preview":"max-image-preview:large","max-video-preview":"max-video-preview:-1"},"canonical":"https:\/\/grundschule-heinsberg.de\/sq\/dita-e-aksionit-kunder-bullizmit\/","og_locale":"sq_AL","og_type":"article","og_title":"Dita e Aksionit kund\u00ebr Bullizmit - St. Katharina Grundschule Heinsberg","og_description":"T\u00eb shtun\u00ebn, m\u00eb 15 shkurt 2025, n\u00eb shkoll\u00ebn ton\u00eb u zhvillua nj\u00eb dit\u00eb e ve\u00e7ant\u00eb aksioni me tem\u00ebn \u201canti-bullying\u201d. Q\u00ebllimi i dit\u00ebs ishte t\u00eb rriste [&hellip;]","og_url":"https:\/\/grundschule-heinsberg.de\/sq\/dita-e-aksionit-kunder-bullizmit\/","og_site_name":"St. Katharina Grundschule Heinsberg","article_published_time":"2025-02-22T13:12:49+00:00","article_modified_time":"2025-02-22T13:16:29+00:00","og_image":[{"width":1200,"height":900,"url":"https:\/\/grundschule-heinsberg.de\/wp-content\/uploads\/2025\/02\/image8.jpeg","type":"image\/jpeg"}],"author":"Ulrike G\u00f6bel-Kohtz","twitter_card":"summary_large_image","twitter_misc":{"Written by":"Ulrike G\u00f6bel-Kohtz","Est. reading time":"1 minute"},"schema":{"@context":"https:\/\/schema.org","@graph":[{"@type":"Article","@id":"https:\/\/grundschule-heinsberg.de\/sq\/dita-e-aksionit-kunder-bullizmit\/#article","isPartOf":{"@id":"https:\/\/grundschule-heinsberg.de\/sq\/dita-e-aksionit-kunder-bullizmit\/"},"author":{"name":"Ulrike G\u00f6bel-Kohtz","@id":"https:\/\/grundschule-heinsberg.de\/sq\/#\/schema\/person\/9acfc4936904276e9247a22cb3de5627"},"headline":"Dita e Aksionit kund\u00ebr Bullizmit","datePublished":"2025-02-22T13:12:49+00:00","dateModified":"2025-02-22T13:16:29+00:00","mainEntityOfPage":{"@id":"https:\/\/grundschule-heinsberg.de\/sq\/dita-e-aksionit-kunder-bullizmit\/"},"wordCount":258,"publisher":{"@id":"https:\/\/grundschule-heinsberg.de\/sq\/#organization"},"image":{"@id":"https:\/\/grundschule-heinsberg.de\/sq\/dita-e-aksionit-kunder-bullizmit\/#primaryimage"},"thumbnailUrl":"https:\/\/grundschule-heinsberg.de\/wp-content\/uploads\/2025\/02\/image8.jpeg","articleSection":["2025","Ngjarjet"],"inLanguage":"sq-AL"},{"@type":"WebPage","@id":"https:\/\/grundschule-heinsberg.de\/sq\/dita-e-aksionit-kunder-bullizmit\/","url":"https:\/\/grundschule-heinsberg.de\/sq\/dita-e-aksionit-kunder-bullizmit\/","name":"Dita e Aksionit kund\u00ebr Bullizmit - St. Katharina Grundschule Heinsberg","isPartOf":{"@id":"https:\/\/grundschule-heinsberg.de\/sq\/#website"},"primaryImageOfPage":{"@id":"https:\/\/grundschule-heinsberg.de\/sq\/dita-e-aksionit-kunder-bullizmit\/#primaryimage"},"image":{"@id":"https:\/\/grundschule-heinsberg.de\/sq\/dita-e-aksionit-kunder-bullizmit\/#primaryimage"},"thumbnailUrl":"https:\/\/grundschule-heinsberg.de\/wp-content\/uploads\/2025\/02\/image8.jpeg","datePublished":"2025-02-22T13:12:49+00:00","dateModified":"2025-02-22T13:16:29+00:00","breadcrumb":{"@id":"https:\/\/grundschule-heinsberg.de\/sq\/dita-e-aksionit-kunder-bullizmit\/#breadcrumb"},"inLanguage":"sq-AL","potentialAction":[{"@type":"ReadAction","target":["https:\/\/grundschule-heinsberg.de\/sq\/dita-e-aksionit-kunder-bullizmit\/"]}]},{"@type":"ImageObject","inLanguage":"sq-AL","@id":"https:\/\/grundschule-heinsberg.de\/sq\/dita-e-aksionit-kunder-bullizmit\/#primaryimage","url":"https:\/\/grundschule-heinsberg.de\/wp-content\/uploads\/2025\/02\/image8.jpeg","contentUrl":"https:\/\/grundschule-heinsberg.de\/wp-content\/uploads\/2025\/02\/image8.jpeg","width":1200,"height":900},{"@type":"BreadcrumbList","@id":"https:\/\/grundschule-heinsberg.de\/sq\/dita-e-aksionit-kunder-bullizmit\/#breadcrumb","itemListElement":[{"@type":"ListItem","position":1,"name":"Startseite","item":"https:\/\/grundschule-heinsberg.de\/sq\/"},{"@type":"ListItem","position":2,"name":"Dita e Aksionit kund\u00ebr Bullizmit"}]},{"@type":"WebSite","@id":"https:\/\/grundschule-heinsberg.de\/sq\/#website","url":"https:\/\/grundschule-heinsberg.de\/sq\/","name":"St. Katharina Grundschule Heinsberg","description":"f\u00fcreinander, voneinander, gemeinsam und individuell: Hand in Hand auf dem Weg in die Zukunft","publisher":{"@id":"https:\/\/grundschule-heinsberg.de\/sq\/#organization"},"potentialAction":[{"@type":"SearchAction","target":{"@type":"EntryPoint","urlTemplate":"https:\/\/grundschule-heinsberg.de\/sq\/?s={search_term_string}"},"query-input":{"@type":"PropertyValueSpecification","valueRequired":true,"valueName":"search_term_string"}}],"inLanguage":"sq-AL"},{"@type":"Organization","@id":"https:\/\/grundschule-heinsberg.de\/sq\/#organization","name":"St. Katharina Grundschule Heinsberg","url":"https:\/\/grundschule-heinsberg.de\/sq\/","logo":{"@type":"ImageObject","inLanguage":"sq-AL","@id":"https:\/\/grundschule-heinsberg.de\/sq\/#\/schema\/logo\/image\/","url":"https:\/\/grundschule-heinsberg.de\/wp-content\/uploads\/2023\/03\/230307_Grundschule-Heinsberg_Logo_RGB.svg","contentUrl":"https:\/\/grundschule-heinsberg.de\/wp-content\/uploads\/2023\/03\/230307_Grundschule-Heinsberg_Logo_RGB.svg","width":311,"height":135,"caption":"St. Katharina Grundschule Heinsberg"},"image":{"@id":"https:\/\/grundschule-heinsberg.de\/sq\/#\/schema\/logo\/image\/"}},{"@type":"Person","@id":"https:\/\/grundschule-heinsberg.de\/sq\/#\/schema\/person\/9acfc4936904276e9247a22cb3de5627","name":"Ulrike G\u00f6bel-Kohtz","image":{"@type":"ImageObject","inLanguage":"sq-AL","@id":"https:\/\/secure.gravatar.com\/avatar\/89064bb57430127056a72e7af3cc87e5f92d3b115a22e6576cb2be788dd4fac3?s=96&d=mm&r=g","url":"https:\/\/secure.gravatar.com\/avatar\/89064bb57430127056a72e7af3cc87e5f92d3b115a22e6576cb2be788dd4fac3?s=96&d=mm&r=g","contentUrl":"https:\/\/secure.gravatar.com\/avatar\/89064bb57430127056a72e7af3cc87e5f92d3b115a22e6576cb2be788dd4fac3?s=96&d=mm&r=g","caption":"Ulrike G\u00f6bel-Kohtz"},"url":"https:\/\/grundschule-heinsberg.de\/sq\/author\/goebel-kohtz\/"}]}},"_links":{"self":[{"href":"https:\/\/grundschule-heinsberg.de\/sq\/wp-json\/wp\/v2\/posts\/11013","targetHints":{"allow":["GET"]}}],"collection":[{"href":"https:\/\/grundschule-heinsberg.de\/sq\/wp-json\/wp\/v2\/posts"}],"about":[{"href":"https:\/\/grundschule-heinsberg.de\/sq\/wp-json\/wp\/v2\/types\/post"}],"author":[{"embeddable":true,"href":"https:\/\/grundschule-heinsberg.de\/sq\/wp-json\/wp\/v2\/users\/2"}],"replies":[{"embeddable":true,"href":"https:\/\/grundschule-heinsberg.de\/sq\/wp-json\/wp\/v2\/comments?post=11013"}],"version-history":[{"count":0,"href":"https:\/\/grundschule-heinsberg.de\/sq\/wp-json\/wp\/v2\/posts\/11013\/revisions"}],"wp:featuredmedia":[{"embeddable":true,"href":"https:\/\/grundschule-heinsberg.de\/sq\/wp-json\/wp\/v2\/media\/10982"}],"wp:attachment":[{"href":"https:\/\/grundschule-heinsberg.de\/sq\/wp-json\/wp\/v2\/media?parent=11013"}],"wp:term":[{"taxonomy":"category","embeddable":true,"href":"https:\/\/grundschule-heinsberg.de\/sq\/wp-json\/wp\/v2\/categories?post=11013"},{"taxonomy":"post_tag","embeddable":true,"href":"https:\/\/grundschule-heinsberg.de\/sq\/wp-json\/wp\/v2\/tags?post=11013"}],"curies":[{"name":"wp","href":"https:\/\/api.w.org\/{rel}","templated":true}]}}