{"id":5672,"date":"2023-03-25T15:12:23","date_gmt":"2023-03-25T14:12:23","guid":{"rendered":"https:\/\/grundschule-heinsberg.de\/festivali-i-pranveres-2023\/"},"modified":"2024-03-07T14:36:56","modified_gmt":"2024-03-07T13:36:56","slug":"festivali-i-pranveres-2023","status":"publish","type":"post","link":"https:\/\/grundschule-heinsberg.de\/sq\/festivali-i-pranveres-2023\/","title":{"rendered":"Festivali i Pranver\u00ebs 2023"},"content":{"rendered":"\t\t<div data-elementor-type=\"wp-post\" data-elementor-id=\"5672\" class=\"elementor elementor-5672 elementor-2249\">\n\t\t\t\t\t\t<section class=\"elementor-section elementor-top-section elementor-element elementor-element-9d27a4d elementor-section-boxed elementor-section-height-default elementor-section-height-default\" data-id=\"9d27a4d\" data-element_type=\"section\">\n\t\t\t\t\t\t<div class=\"elementor-container elementor-column-gap-default\">\n\t\t\t\t\t<div class=\"elementor-column elementor-col-100 elementor-top-column elementor-element elementor-element-71a518e\" data-id=\"71a518e\" data-element_type=\"column\">\n\t\t\t<div class=\"elementor-widget-wrap elementor-element-populated\">\n\t\t\t\t\t\t<div class=\"elementor-element elementor-element-643158b elementor-widget elementor-widget-text-editor\" data-id=\"643158b\" data-element_type=\"widget\" data-widget_type=\"text-editor.default\">\n\t\t\t\t<div class=\"elementor-widget-container\">\n\t\t\t\t\t\t\t\t\t<p>\u201cSa fest\u00eb e bukur!\u201d Prind\u00ebrit dhe f\u00ebmij\u00ebt, si dhe stafi ran\u00eb dakord. Edhe pse moti i ngjash\u00ebm me pranver\u00ebn nuk erdhi, kjo nuk e prishi disponimin.<\/p>\n<p>Nj\u00eb dit\u00eb para fest\u00ebs s\u00eb pranver\u00ebs, nd\u00ebrtesa e shkoll\u00ebs dhe salla e shkoll\u00ebs u dekoruan s\u00eb bashku. Klasa e klas\u00ebs 4 u shnd\u00ebrrua n\u00eb dhom\u00eb shitjeje. Aty ofroheshin shum\u00eb nga punimet artizanale q\u00eb f\u00ebmij\u00ebt kishin krijuar p\u00ebr pazarin e Pashk\u00ebve. U p\u00ebrgatit edhe nj\u00eb lotari, p\u00ebr t\u00eb cilin Sparkasse, Volksbank dhe disa kompani dhuruan \u00e7mime t\u00ebrheq\u00ebse. Ne d\u00ebshirojm\u00eb t&#8217;ju fal\u00ebnderojm\u00eb shum\u00eb p\u00ebr k\u00ebt\u00eb.<\/p>\n<p>Shum\u00eb prind\u00ebr, por edhe gjysh\u00ebr e ish-nx\u00ebn\u00ebs e pranuan ftes\u00ebn dhe shijuan takimin komod me kafe e kek n\u00eb kafenen\u00eb OGS ose n\u00eb sall\u00ebn e pushimit me salsi\u00e7e n\u00eb rrotull.<\/p>\n<p>Pas nj\u00eb k\u00ebrcimi t\u00eb mir\u00ebseardhur nga nx\u00ebn\u00ebsit dhe paraqitjes mbres\u00ebl\u00ebn\u00ebse t\u00eb Micha, artistit t\u00eb kabares\u00eb, i cili magjepsi t\u00eb pranishmit me nj\u00eb lule shum\u00ebngjyr\u00ebshe, f\u00ebmij\u00ebt u shp\u00ebrndan\u00eb n\u00ebp\u00ebr klasa. Ata gjet\u00ebn nj\u00eb gam\u00eb t\u00eb gjer\u00eb aktivitetesh: dizajnimin e gur\u00ebve, b\u00ebrjen e pikturave t\u00eb dritareve me ngjyrat e dritareve, b\u00ebrjen e byzylyk\u00ebve t\u00eb miq\u00ebsis\u00eb, p\u00ebrfundimin e nj\u00eb Olimpiad\u00eb t\u00eb pakuptimt\u00eb dhe shum\u00eb m\u00eb tep\u00ebr. Pati gjithashtu nj\u00eb program ushtrimesh n\u00eb sall\u00ebn e sportit dhe nj\u00eb seminar me Mi\u00e7\u00ebn.<\/p>\n<p>N\u00eb fund, Micha, artisti i kabares\u00eb, ofroi nj\u00eb shfaqje n\u00eb t\u00eb cil\u00ebn t\u00eb gjith\u00eb mor\u00ebn vler\u00ebn e parave t\u00eb tyre.<\/p>\n\t\t\t\t\t\t\t\t<\/div>\n\t\t\t\t<\/div>\n\t\t\t\t<div class=\"elementor-element elementor-element-ae039f5 gallery-spacing-custom elementor-widget elementor-widget-image-gallery\" data-id=\"ae039f5\" data-element_type=\"widget\" data-widget_type=\"image-gallery.default\">\n\t\t\t\t<div class=\"elementor-widget-container\">\n\t\t\t\t\t\t\t<div class=\"elementor-image-gallery\">\n\t\t\t<div id='gallery-1' class='gallery galleryid-5672 gallery-columns-2 gallery-size-medium_large'><figure class='gallery-item'>\n\t\t\t<div class='gallery-icon portrait'>\n\t\t\t\t<a data-elementor-open-lightbox=\"yes\" data-elementor-lightbox-slideshow=\"ae039f5\" data-elementor-lightbox-title=\"fruehlingsfest-2023_3\" data-e-action-hash=\"#elementor-action%3Aaction%3Dlightbox%26settings%3DeyJpZCI6MjI1NCwidXJsIjoiaHR0cHM6XC9cL2dydW5kc2NodWxlLWhlaW5zYmVyZy5kZVwvd3AtY29udGVudFwvdXBsb2Fkc1wvMjAyM1wvMDVcL2ZydWVobGluZ3NmZXN0LTIwMjNfMy1lMTY4MzYyODIyNTEwMS5qcGciLCJzbGlkZXNob3ciOiJhZTAzOWY1In0%3D\" href='https:\/\/grundschule-heinsberg.de\/wp-content\/uploads\/2023\/05\/fruehlingsfest-2023_3-e1683628225101.jpg'><img fetchpriority=\"high\" decoding=\"async\" width=\"768\" height=\"1024\" src=\"https:\/\/grundschule-heinsberg.de\/wp-content\/uploads\/2023\/05\/fruehlingsfest-2023_3-e1683628225101-768x1024.jpg\" class=\"attachment-medium_large size-medium_large\" alt=\"\" srcset=\"https:\/\/grundschule-heinsberg.de\/wp-content\/uploads\/2023\/05\/fruehlingsfest-2023_3-e1683628225101-768x1024.jpg 768w, https:\/\/grundschule-heinsberg.de\/wp-content\/uploads\/2023\/05\/fruehlingsfest-2023_3-e1683628225101-225x300.jpg 225w, https:\/\/grundschule-heinsberg.de\/wp-content\/uploads\/2023\/05\/fruehlingsfest-2023_3-e1683628225101.jpg 900w\" sizes=\"(max-width: 768px) 100vw, 768px\" \/><\/a>\n\t\t\t<\/div><\/figure><figure class='gallery-item'>\n\t\t\t<div class='gallery-icon portrait'>\n\t\t\t\t<a data-elementor-open-lightbox=\"yes\" data-elementor-lightbox-slideshow=\"ae039f5\" data-elementor-lightbox-title=\"fruehlingsfest-2023_2\" data-e-action-hash=\"#elementor-action%3Aaction%3Dlightbox%26settings%3DeyJpZCI6MjI1NiwidXJsIjoiaHR0cHM6XC9cL2dydW5kc2NodWxlLWhlaW5zYmVyZy5kZVwvd3AtY29udGVudFwvdXBsb2Fkc1wvMjAyM1wvMDVcL2ZydWVobGluZ3NmZXN0LTIwMjNfMi1lMTY4MzYyODIzNzE1NS5qcGciLCJzbGlkZXNob3ciOiJhZTAzOWY1In0%3D\" href='https:\/\/grundschule-heinsberg.de\/wp-content\/uploads\/2023\/05\/fruehlingsfest-2023_2-e1683628237155.jpg'><img decoding=\"async\" width=\"768\" height=\"1024\" src=\"https:\/\/grundschule-heinsberg.de\/wp-content\/uploads\/2023\/05\/fruehlingsfest-2023_2-e1683628237155-768x1024.jpg\" class=\"attachment-medium_large size-medium_large\" alt=\"\" srcset=\"https:\/\/grundschule-heinsberg.de\/wp-content\/uploads\/2023\/05\/fruehlingsfest-2023_2-e1683628237155-768x1024.jpg 768w, https:\/\/grundschule-heinsberg.de\/wp-content\/uploads\/2023\/05\/fruehlingsfest-2023_2-e1683628237155-225x300.jpg 225w, https:\/\/grundschule-heinsberg.de\/wp-content\/uploads\/2023\/05\/fruehlingsfest-2023_2-e1683628237155.jpg 900w\" sizes=\"(max-width: 768px) 100vw, 768px\" \/><\/a>\n\t\t\t<\/div><\/figure><figure class='gallery-item'>\n\t\t\t<div class='gallery-icon landscape'>\n\t\t\t\t<a data-elementor-open-lightbox=\"yes\" data-elementor-lightbox-slideshow=\"ae039f5\" data-elementor-lightbox-title=\"fruehlingsfest-2023_4\" data-e-action-hash=\"#elementor-action%3Aaction%3Dlightbox%26settings%3DeyJpZCI6MjI1NSwidXJsIjoiaHR0cHM6XC9cL2dydW5kc2NodWxlLWhlaW5zYmVyZy5kZVwvd3AtY29udGVudFwvdXBsb2Fkc1wvMjAyM1wvMDVcL2ZydWVobGluZ3NmZXN0LTIwMjNfNC5qcGciLCJzbGlkZXNob3ciOiJhZTAzOWY1In0%3D\" href='https:\/\/grundschule-heinsberg.de\/wp-content\/uploads\/2023\/05\/fruehlingsfest-2023_4.jpg'><img decoding=\"async\" width=\"768\" height=\"576\" src=\"https:\/\/grundschule-heinsberg.de\/wp-content\/uploads\/2023\/05\/fruehlingsfest-2023_4-768x576.jpg\" class=\"attachment-medium_large size-medium_large\" alt=\"\" srcset=\"https:\/\/grundschule-heinsberg.de\/wp-content\/uploads\/2023\/05\/fruehlingsfest-2023_4-768x576.jpg 768w, https:\/\/grundschule-heinsberg.de\/wp-content\/uploads\/2023\/05\/fruehlingsfest-2023_4-300x225.jpg 300w, https:\/\/grundschule-heinsberg.de\/wp-content\/uploads\/2023\/05\/fruehlingsfest-2023_4-1024x768.jpg 1024w, https:\/\/grundschule-heinsberg.de\/wp-content\/uploads\/2023\/05\/fruehlingsfest-2023_4.jpg 1200w\" sizes=\"(max-width: 768px) 100vw, 768px\" \/><\/a>\n\t\t\t<\/div><\/figure>\n\t\t<\/div>\n\t\t<\/div>\n\t\t\t\t\t\t<\/div>\n\t\t\t\t<\/div>\n\t\t\t\t\t<\/div>\n\t\t<\/div>\n\t\t\t\t\t<\/div>\n\t\t<\/section>\n\t\t\t\t<\/div>\n\t\t","protected":false},"excerpt":{"rendered":"<p>\u201cSa fest\u00eb e bukur!\u201d Prind\u00ebrit dhe f\u00ebmij\u00ebt, si dhe stafi ran\u00eb dakord. Edhe pse moti i ngjash\u00ebm me pranver\u00ebn nuk erdhi, kjo nuk e prishi [&hellip;]<\/p>\n","protected":false},"author":1,"featured_media":5677,"comment_status":"closed","ping_status":"closed","sticky":false,"template":"","format":"standard","meta":{"inline_featured_image":false,"site-sidebar-layout":"default","site-content-layout":"","ast-site-content-layout":"default","site-content-style":"default","site-sidebar-style":"default","ast-global-header-display":"","ast-banner-title-visibility":"","ast-main-header-display":"","ast-hfb-above-header-display":"","ast-hfb-below-header-display":"","ast-hfb-mobile-header-display":"","site-post-title":"","ast-breadcrumbs-content":"","ast-featured-img":"","footer-sml-layout":"","ast-disable-related-posts":"","theme-transparent-header-meta":"","adv-header-id-meta":"","stick-header-meta":"","header-above-stick-meta":"","header-main-stick-meta":"","header-below-stick-meta":"","astra-migrate-meta-layouts":"default","ast-page-background-enabled":"default","ast-page-background-meta":{"desktop":{"background-color":"","background-image":"","background-repeat":"repeat","background-position":"center center","background-size":"auto","background-attachment":"scroll","background-type":"","background-media":"","overlay-type":"","overlay-color":"","overlay-opacity":"","overlay-gradient":""},"tablet":{"background-color":"","background-image":"","background-repeat":"repeat","background-position":"center center","background-size":"auto","background-attachment":"scroll","background-type":"","background-media":"","overlay-type":"","overlay-color":"","overlay-opacity":"","overlay-gradient":""},"mobile":{"background-color":"","background-image":"","background-repeat":"repeat","background-position":"center center","background-size":"auto","background-attachment":"scroll","background-type":"","background-media":"","overlay-type":"","overlay-color":"","overlay-opacity":"","overlay-gradient":""}},"ast-content-background-meta":{"desktop":{"background-color":"var(--ast-global-color-5)","background-image":"","background-repeat":"repeat","background-position":"center center","background-size":"auto","background-attachment":"scroll","background-type":"","background-media":"","overlay-type":"","overlay-color":"","overlay-opacity":"","overlay-gradient":""},"tablet":{"background-color":"var(--ast-global-color-5)","background-image":"","background-repeat":"repeat","background-position":"center center","background-size":"auto","background-attachment":"scroll","background-type":"","background-media":"","overlay-type":"","overlay-color":"","overlay-opacity":"","overlay-gradient":""},"mobile":{"background-color":"var(--ast-global-color-5)","background-image":"","background-repeat":"repeat","background-position":"center center","background-size":"auto","background-attachment":"scroll","background-type":"","background-media":"","overlay-type":"","overlay-color":"","overlay-opacity":"","overlay-gradient":""}},"footnotes":""},"categories":[112,88,105],"tags":[],"class_list":["post-5672","post","type-post","status-publish","format-standard","has-post-thumbnail","hentry","category-2023-sq","category-unkategorisiert","category-ngjarjet"],"yoast_head":"<!-- This site is optimized with the Yoast SEO plugin v27.5 - https:\/\/yoast.com\/product\/yoast-seo-wordpress\/ -->\n<title>Festivali i Pranver\u00ebs 2023 - St. Katharina Grundschule Heinsberg<\/title>\n<meta name=\"robots\" content=\"index, follow, max-snippet:-1, max-image-preview:large, max-video-preview:-1\" \/>\n<link rel=\"canonical\" href=\"https:\/\/grundschule-heinsberg.de\/sq\/festivali-i-pranveres-2023\/\" \/>\n<meta property=\"og:locale\" content=\"sq_AL\" \/>\n<meta property=\"og:type\" content=\"article\" \/>\n<meta property=\"og:title\" content=\"Festivali i Pranver\u00ebs 2023 - St. Katharina Grundschule Heinsberg\" \/>\n<meta property=\"og:description\" content=\"\u201cSa fest\u00eb e bukur!\u201d Prind\u00ebrit dhe f\u00ebmij\u00ebt, si dhe stafi ran\u00eb dakord. Edhe pse moti i ngjash\u00ebm me pranver\u00ebn nuk erdhi, kjo nuk e prishi [&hellip;]\" \/>\n<meta property=\"og:url\" content=\"https:\/\/grundschule-heinsberg.de\/sq\/festivali-i-pranveres-2023\/\" \/>\n<meta property=\"og:site_name\" content=\"St. Katharina Grundschule Heinsberg\" \/>\n<meta property=\"article:published_time\" content=\"2023-03-25T14:12:23+00:00\" \/>\n<meta property=\"article:modified_time\" content=\"2024-03-07T13:36:56+00:00\" \/>\n<meta property=\"og:image\" content=\"https:\/\/grundschule-heinsberg.de\/wp-content\/uploads\/2023\/05\/beautiful-flowers-flower-background-flower-wallpaper-1368187.jpg\" \/>\n\t<meta property=\"og:image:width\" content=\"1200\" \/>\n\t<meta property=\"og:image:height\" content=\"712\" \/>\n\t<meta property=\"og:image:type\" content=\"image\/jpeg\" \/>\n<meta name=\"author\" content=\"admin_gr-he_idee-medien\" \/>\n<meta name=\"twitter:card\" content=\"summary_large_image\" \/>\n<meta name=\"twitter:label1\" content=\"Written by\" \/>\n\t<meta name=\"twitter:data1\" content=\"admin_gr-he_idee-medien\" \/>\n\t<meta name=\"twitter:label2\" content=\"Est. reading time\" \/>\n\t<meta name=\"twitter:data2\" content=\"1 minute\" \/>\n<script type=\"application\/ld+json\" class=\"yoast-schema-graph\">{\"@context\":\"https:\\\/\\\/schema.org\",\"@graph\":[{\"@type\":\"Article\",\"@id\":\"https:\\\/\\\/grundschule-heinsberg.de\\\/sq\\\/festivali-i-pranveres-2023\\\/#article\",\"isPartOf\":{\"@id\":\"https:\\\/\\\/grundschule-heinsberg.de\\\/sq\\\/festivali-i-pranveres-2023\\\/\"},\"author\":{\"name\":\"admin_gr-he_idee-medien\",\"@id\":\"https:\\\/\\\/grundschule-heinsberg.de\\\/sq\\\/#\\\/schema\\\/person\\\/acef6ad27ff279a319f9b21b92557a0f\"},\"headline\":\"Festivali i Pranver\u00ebs 2023\",\"datePublished\":\"2023-03-25T14:12:23+00:00\",\"dateModified\":\"2024-03-07T13:36:56+00:00\",\"mainEntityOfPage\":{\"@id\":\"https:\\\/\\\/grundschule-heinsberg.de\\\/sq\\\/festivali-i-pranveres-2023\\\/\"},\"wordCount\":278,\"publisher\":{\"@id\":\"https:\\\/\\\/grundschule-heinsberg.de\\\/sq\\\/#organization\"},\"image\":{\"@id\":\"https:\\\/\\\/grundschule-heinsberg.de\\\/sq\\\/festivali-i-pranveres-2023\\\/#primaryimage\"},\"thumbnailUrl\":\"https:\\\/\\\/grundschule-heinsberg.de\\\/wp-content\\\/uploads\\\/2023\\\/05\\\/beautiful-flowers-flower-background-flower-wallpaper-1368187.jpg\",\"articleSection\":[\"2023\",\"b\u00ea kategor\u00eezekirin\",\"Ngjarjet\"],\"inLanguage\":\"sq-AL\"},{\"@type\":\"WebPage\",\"@id\":\"https:\\\/\\\/grundschule-heinsberg.de\\\/sq\\\/festivali-i-pranveres-2023\\\/\",\"url\":\"https:\\\/\\\/grundschule-heinsberg.de\\\/sq\\\/festivali-i-pranveres-2023\\\/\",\"name\":\"Festivali i Pranver\u00ebs 2023 - St. Katharina Grundschule Heinsberg\",\"isPartOf\":{\"@id\":\"https:\\\/\\\/grundschule-heinsberg.de\\\/sq\\\/#website\"},\"primaryImageOfPage\":{\"@id\":\"https:\\\/\\\/grundschule-heinsberg.de\\\/sq\\\/festivali-i-pranveres-2023\\\/#primaryimage\"},\"image\":{\"@id\":\"https:\\\/\\\/grundschule-heinsberg.de\\\/sq\\\/festivali-i-pranveres-2023\\\/#primaryimage\"},\"thumbnailUrl\":\"https:\\\/\\\/grundschule-heinsberg.de\\\/wp-content\\\/uploads\\\/2023\\\/05\\\/beautiful-flowers-flower-background-flower-wallpaper-1368187.jpg\",\"datePublished\":\"2023-03-25T14:12:23+00:00\",\"dateModified\":\"2024-03-07T13:36:56+00:00\",\"breadcrumb\":{\"@id\":\"https:\\\/\\\/grundschule-heinsberg.de\\\/sq\\\/festivali-i-pranveres-2023\\\/#breadcrumb\"},\"inLanguage\":\"sq-AL\",\"potentialAction\":[{\"@type\":\"ReadAction\",\"target\":[\"https:\\\/\\\/grundschule-heinsberg.de\\\/sq\\\/festivali-i-pranveres-2023\\\/\"]}]},{\"@type\":\"ImageObject\",\"inLanguage\":\"sq-AL\",\"@id\":\"https:\\\/\\\/grundschule-heinsberg.de\\\/sq\\\/festivali-i-pranveres-2023\\\/#primaryimage\",\"url\":\"https:\\\/\\\/grundschule-heinsberg.de\\\/wp-content\\\/uploads\\\/2023\\\/05\\\/beautiful-flowers-flower-background-flower-wallpaper-1368187.jpg\",\"contentUrl\":\"https:\\\/\\\/grundschule-heinsberg.de\\\/wp-content\\\/uploads\\\/2023\\\/05\\\/beautiful-flowers-flower-background-flower-wallpaper-1368187.jpg\",\"width\":1200,\"height\":712},{\"@type\":\"BreadcrumbList\",\"@id\":\"https:\\\/\\\/grundschule-heinsberg.de\\\/sq\\\/festivali-i-pranveres-2023\\\/#breadcrumb\",\"itemListElement\":[{\"@type\":\"ListItem\",\"position\":1,\"name\":\"Startseite\",\"item\":\"https:\\\/\\\/grundschule-heinsberg.de\\\/sq\\\/\"},{\"@type\":\"ListItem\",\"position\":2,\"name\":\"Festivali i Pranver\u00ebs 2023\"}]},{\"@type\":\"WebSite\",\"@id\":\"https:\\\/\\\/grundschule-heinsberg.de\\\/sq\\\/#website\",\"url\":\"https:\\\/\\\/grundschule-heinsberg.de\\\/sq\\\/\",\"name\":\"St. Katharina Grundschule Heinsberg\",\"description\":\"f\u00fcreinander, voneinander, gemeinsam und individuell: Hand in Hand auf dem Weg in die Zukunft\",\"publisher\":{\"@id\":\"https:\\\/\\\/grundschule-heinsberg.de\\\/sq\\\/#organization\"},\"potentialAction\":[{\"@type\":\"SearchAction\",\"target\":{\"@type\":\"EntryPoint\",\"urlTemplate\":\"https:\\\/\\\/grundschule-heinsberg.de\\\/sq\\\/?s={search_term_string}\"},\"query-input\":{\"@type\":\"PropertyValueSpecification\",\"valueRequired\":true,\"valueName\":\"search_term_string\"}}],\"inLanguage\":\"sq-AL\"},{\"@type\":\"Organization\",\"@id\":\"https:\\\/\\\/grundschule-heinsberg.de\\\/sq\\\/#organization\",\"name\":\"St. Katharina Grundschule Heinsberg\",\"url\":\"https:\\\/\\\/grundschule-heinsberg.de\\\/sq\\\/\",\"logo\":{\"@type\":\"ImageObject\",\"inLanguage\":\"sq-AL\",\"@id\":\"https:\\\/\\\/grundschule-heinsberg.de\\\/sq\\\/#\\\/schema\\\/logo\\\/image\\\/\",\"url\":\"https:\\\/\\\/grundschule-heinsberg.de\\\/wp-content\\\/uploads\\\/2023\\\/03\\\/230307_Grundschule-Heinsberg_Logo_RGB.svg\",\"contentUrl\":\"https:\\\/\\\/grundschule-heinsberg.de\\\/wp-content\\\/uploads\\\/2023\\\/03\\\/230307_Grundschule-Heinsberg_Logo_RGB.svg\",\"width\":311,\"height\":135,\"caption\":\"St. Katharina Grundschule Heinsberg\"},\"image\":{\"@id\":\"https:\\\/\\\/grundschule-heinsberg.de\\\/sq\\\/#\\\/schema\\\/logo\\\/image\\\/\"}},{\"@type\":\"Person\",\"@id\":\"https:\\\/\\\/grundschule-heinsberg.de\\\/sq\\\/#\\\/schema\\\/person\\\/acef6ad27ff279a319f9b21b92557a0f\",\"name\":\"admin_gr-he_idee-medien\",\"image\":{\"@type\":\"ImageObject\",\"inLanguage\":\"sq-AL\",\"@id\":\"https:\\\/\\\/secure.gravatar.com\\\/avatar\\\/3f7953307bc892878263237304aae9b6e18a6dbebdc94c81a7af7be19be0fdb4?s=96&d=mm&r=g\",\"url\":\"https:\\\/\\\/secure.gravatar.com\\\/avatar\\\/3f7953307bc892878263237304aae9b6e18a6dbebdc94c81a7af7be19be0fdb4?s=96&d=mm&r=g\",\"contentUrl\":\"https:\\\/\\\/secure.gravatar.com\\\/avatar\\\/3f7953307bc892878263237304aae9b6e18a6dbebdc94c81a7af7be19be0fdb4?s=96&d=mm&r=g\",\"caption\":\"admin_gr-he_idee-medien\"},\"sameAs\":[\"http:\\\/\\\/grundschule-heinsberg.de\"],\"url\":\"https:\\\/\\\/grundschule-heinsberg.de\\\/sq\\\/author\\\/admin_gr-he_idee-medien\\\/\"}]}<\/script>\n<!-- \/ Yoast SEO plugin. -->","yoast_head_json":{"title":"Festivali i Pranver\u00ebs 2023 - St. Katharina Grundschule Heinsberg","robots":{"index":"index","follow":"follow","max-snippet":"max-snippet:-1","max-image-preview":"max-image-preview:large","max-video-preview":"max-video-preview:-1"},"canonical":"https:\/\/grundschule-heinsberg.de\/sq\/festivali-i-pranveres-2023\/","og_locale":"sq_AL","og_type":"article","og_title":"Festivali i Pranver\u00ebs 2023 - St. Katharina Grundschule Heinsberg","og_description":"\u201cSa fest\u00eb e bukur!\u201d Prind\u00ebrit dhe f\u00ebmij\u00ebt, si dhe stafi ran\u00eb dakord. Edhe pse moti i ngjash\u00ebm me pranver\u00ebn nuk erdhi, kjo nuk e prishi [&hellip;]","og_url":"https:\/\/grundschule-heinsberg.de\/sq\/festivali-i-pranveres-2023\/","og_site_name":"St. Katharina Grundschule Heinsberg","article_published_time":"2023-03-25T14:12:23+00:00","article_modified_time":"2024-03-07T13:36:56+00:00","og_image":[{"width":1200,"height":712,"url":"https:\/\/grundschule-heinsberg.de\/wp-content\/uploads\/2023\/05\/beautiful-flowers-flower-background-flower-wallpaper-1368187.jpg","type":"image\/jpeg"}],"author":"admin_gr-he_idee-medien","twitter_card":"summary_large_image","twitter_misc":{"Written by":"admin_gr-he_idee-medien","Est. reading time":"1 minute"},"schema":{"@context":"https:\/\/schema.org","@graph":[{"@type":"Article","@id":"https:\/\/grundschule-heinsberg.de\/sq\/festivali-i-pranveres-2023\/#article","isPartOf":{"@id":"https:\/\/grundschule-heinsberg.de\/sq\/festivali-i-pranveres-2023\/"},"author":{"name":"admin_gr-he_idee-medien","@id":"https:\/\/grundschule-heinsberg.de\/sq\/#\/schema\/person\/acef6ad27ff279a319f9b21b92557a0f"},"headline":"Festivali i Pranver\u00ebs 2023","datePublished":"2023-03-25T14:12:23+00:00","dateModified":"2024-03-07T13:36:56+00:00","mainEntityOfPage":{"@id":"https:\/\/grundschule-heinsberg.de\/sq\/festivali-i-pranveres-2023\/"},"wordCount":278,"publisher":{"@id":"https:\/\/grundschule-heinsberg.de\/sq\/#organization"},"image":{"@id":"https:\/\/grundschule-heinsberg.de\/sq\/festivali-i-pranveres-2023\/#primaryimage"},"thumbnailUrl":"https:\/\/grundschule-heinsberg.de\/wp-content\/uploads\/2023\/05\/beautiful-flowers-flower-background-flower-wallpaper-1368187.jpg","articleSection":["2023","b\u00ea kategor\u00eezekirin","Ngjarjet"],"inLanguage":"sq-AL"},{"@type":"WebPage","@id":"https:\/\/grundschule-heinsberg.de\/sq\/festivali-i-pranveres-2023\/","url":"https:\/\/grundschule-heinsberg.de\/sq\/festivali-i-pranveres-2023\/","name":"Festivali i Pranver\u00ebs 2023 - St. Katharina Grundschule Heinsberg","isPartOf":{"@id":"https:\/\/grundschule-heinsberg.de\/sq\/#website"},"primaryImageOfPage":{"@id":"https:\/\/grundschule-heinsberg.de\/sq\/festivali-i-pranveres-2023\/#primaryimage"},"image":{"@id":"https:\/\/grundschule-heinsberg.de\/sq\/festivali-i-pranveres-2023\/#primaryimage"},"thumbnailUrl":"https:\/\/grundschule-heinsberg.de\/wp-content\/uploads\/2023\/05\/beautiful-flowers-flower-background-flower-wallpaper-1368187.jpg","datePublished":"2023-03-25T14:12:23+00:00","dateModified":"2024-03-07T13:36:56+00:00","breadcrumb":{"@id":"https:\/\/grundschule-heinsberg.de\/sq\/festivali-i-pranveres-2023\/#breadcrumb"},"inLanguage":"sq-AL","potentialAction":[{"@type":"ReadAction","target":["https:\/\/grundschule-heinsberg.de\/sq\/festivali-i-pranveres-2023\/"]}]},{"@type":"ImageObject","inLanguage":"sq-AL","@id":"https:\/\/grundschule-heinsberg.de\/sq\/festivali-i-pranveres-2023\/#primaryimage","url":"https:\/\/grundschule-heinsberg.de\/wp-content\/uploads\/2023\/05\/beautiful-flowers-flower-background-flower-wallpaper-1368187.jpg","contentUrl":"https:\/\/grundschule-heinsberg.de\/wp-content\/uploads\/2023\/05\/beautiful-flowers-flower-background-flower-wallpaper-1368187.jpg","width":1200,"height":712},{"@type":"BreadcrumbList","@id":"https:\/\/grundschule-heinsberg.de\/sq\/festivali-i-pranveres-2023\/#breadcrumb","itemListElement":[{"@type":"ListItem","position":1,"name":"Startseite","item":"https:\/\/grundschule-heinsberg.de\/sq\/"},{"@type":"ListItem","position":2,"name":"Festivali i Pranver\u00ebs 2023"}]},{"@type":"WebSite","@id":"https:\/\/grundschule-heinsberg.de\/sq\/#website","url":"https:\/\/grundschule-heinsberg.de\/sq\/","name":"St. Katharina Grundschule Heinsberg","description":"f\u00fcreinander, voneinander, gemeinsam und individuell: Hand in Hand auf dem Weg in die Zukunft","publisher":{"@id":"https:\/\/grundschule-heinsberg.de\/sq\/#organization"},"potentialAction":[{"@type":"SearchAction","target":{"@type":"EntryPoint","urlTemplate":"https:\/\/grundschule-heinsberg.de\/sq\/?s={search_term_string}"},"query-input":{"@type":"PropertyValueSpecification","valueRequired":true,"valueName":"search_term_string"}}],"inLanguage":"sq-AL"},{"@type":"Organization","@id":"https:\/\/grundschule-heinsberg.de\/sq\/#organization","name":"St. Katharina Grundschule Heinsberg","url":"https:\/\/grundschule-heinsberg.de\/sq\/","logo":{"@type":"ImageObject","inLanguage":"sq-AL","@id":"https:\/\/grundschule-heinsberg.de\/sq\/#\/schema\/logo\/image\/","url":"https:\/\/grundschule-heinsberg.de\/wp-content\/uploads\/2023\/03\/230307_Grundschule-Heinsberg_Logo_RGB.svg","contentUrl":"https:\/\/grundschule-heinsberg.de\/wp-content\/uploads\/2023\/03\/230307_Grundschule-Heinsberg_Logo_RGB.svg","width":311,"height":135,"caption":"St. Katharina Grundschule Heinsberg"},"image":{"@id":"https:\/\/grundschule-heinsberg.de\/sq\/#\/schema\/logo\/image\/"}},{"@type":"Person","@id":"https:\/\/grundschule-heinsberg.de\/sq\/#\/schema\/person\/acef6ad27ff279a319f9b21b92557a0f","name":"admin_gr-he_idee-medien","image":{"@type":"ImageObject","inLanguage":"sq-AL","@id":"https:\/\/secure.gravatar.com\/avatar\/3f7953307bc892878263237304aae9b6e18a6dbebdc94c81a7af7be19be0fdb4?s=96&d=mm&r=g","url":"https:\/\/secure.gravatar.com\/avatar\/3f7953307bc892878263237304aae9b6e18a6dbebdc94c81a7af7be19be0fdb4?s=96&d=mm&r=g","contentUrl":"https:\/\/secure.gravatar.com\/avatar\/3f7953307bc892878263237304aae9b6e18a6dbebdc94c81a7af7be19be0fdb4?s=96&d=mm&r=g","caption":"admin_gr-he_idee-medien"},"sameAs":["http:\/\/grundschule-heinsberg.de"],"url":"https:\/\/grundschule-heinsberg.de\/sq\/author\/admin_gr-he_idee-medien\/"}]}},"_links":{"self":[{"href":"https:\/\/grundschule-heinsberg.de\/sq\/wp-json\/wp\/v2\/posts\/5672","targetHints":{"allow":["GET"]}}],"collection":[{"href":"https:\/\/grundschule-heinsberg.de\/sq\/wp-json\/wp\/v2\/posts"}],"about":[{"href":"https:\/\/grundschule-heinsberg.de\/sq\/wp-json\/wp\/v2\/types\/post"}],"author":[{"embeddable":true,"href":"https:\/\/grundschule-heinsberg.de\/sq\/wp-json\/wp\/v2\/users\/1"}],"replies":[{"embeddable":true,"href":"https:\/\/grundschule-heinsberg.de\/sq\/wp-json\/wp\/v2\/comments?post=5672"}],"version-history":[{"count":0,"href":"https:\/\/grundschule-heinsberg.de\/sq\/wp-json\/wp\/v2\/posts\/5672\/revisions"}],"wp:featuredmedia":[{"embeddable":true,"href":"https:\/\/grundschule-heinsberg.de\/sq\/wp-json\/wp\/v2\/media\/5677"}],"wp:attachment":[{"href":"https:\/\/grundschule-heinsberg.de\/sq\/wp-json\/wp\/v2\/media?parent=5672"}],"wp:term":[{"taxonomy":"category","embeddable":true,"href":"https:\/\/grundschule-heinsberg.de\/sq\/wp-json\/wp\/v2\/categories?post=5672"},{"taxonomy":"post_tag","embeddable":true,"href":"https:\/\/grundschule-heinsberg.de\/sq\/wp-json\/wp\/v2\/tags?post=5672"}],"curies":[{"name":"wp","href":"https:\/\/api.w.org\/{rel}","templated":true}]}}